{"id":24806,"date":"2019-02-12T12:50:57","date_gmt":"2019-02-12T09:50:57","guid":{"rendered":"http:\/\/www.tvturk.com\/index.php\/gelenekten-gelecege-projesi\/"},"modified":"2019-02-12T12:50:59","modified_gmt":"2019-02-12T09:50:59","slug":"gelenekten-gelecege-projesi","status":"publish","type":"post","link":"http:\/\/www.tvturk.com\/index.php\/gelenekten-gelecege-projesi\/","title":{"rendered":"\u2018Gelenekten Gelece\u011fe\u2019 projesi"},"content":{"rendered":"<p>Malatya Kent Konseyi Genel Sekreterli\u011fi\u2019nin 2019 y\u0131l\u0131 lokomotif projesi olarak haz\u0131rlad\u0131\u011f\u0131 \u2018Gelenekten Gelece\u011fe\u2019 projesine tam destek veren B\u00fcy\u00fck\u015fehir Belediye Ba\u015fkan\u0131 Hac\u0131 U\u011fur Polat, \u201cKent Konseyimizin haz\u0131rlam\u0131\u015f oldu\u011fu proje toplumumuz i\u00e7in b\u00fcy\u00fck \u00f6nem ta\u015f\u0131maktad\u0131r\u201d dedi.<\/p>\n<p>Kent Konseyi Genel Sekreteri Necati \u00c7obano\u011flu ve proje ekibi, projenin tan\u0131t\u0131m\u0131n\u0131 yapmak ve planlanan \u00e7al\u0131\u015fmalarda destek almak amac\u0131yla Malatya Valisi Ayd\u0131n Baru\u015f\u2019tan sonra Malatya B\u00fcy\u00fck\u015fehir Belediye Ba\u015fkan\u0131 Hac\u0131 U\u011fur Polat\u2019\u0131 da makam\u0131nda ziyaret etti.<\/p>\n<p>Ziyarette Kent Konseyi olarak kentlilik bilincini geli\u015ftirme noktas\u0131nda \u00e7al\u0131\u015fmalar yapt\u0131klar\u0131n\u0131 ifade eden Genel Sekreter \u00c7obano\u011flu, ge\u00e7mi\u015f y\u0131llarda Kom\u015fuluk K\u00fclt\u00fcr\u00fc, Kendine ve Kentine Sayg\u0131 Duy gibi kentin nabz\u0131n\u0131 tutan projeler yapt\u0131klar\u0131n\u0131 s\u00f6yledi. 2019 y\u0131l\u0131 i\u00e7inde unutulmaya y\u00fcz tutmu\u015f olan geleneklerin toplum i\u00e7in \u00f6nemli oldu\u011funu s\u00f6yleyen \u00c7obano\u011flu, bu kapsamda \u201cGelenekten Gelece\u011fe\u201d projesini haz\u0131rlad\u0131klar\u0131n\u0131 ifade etti.<\/p>\n<p>Gelenekten Gelece\u011fe Projesi i\u00e7erisinde yer alan \u00e7al\u0131\u015fmalar hakk\u0131nda bilgi veren \u00c7obano\u011flu, proje kapsam\u0131nda  y\u0131l boyunca 50\u2019ye yak\u0131n etkinlik ger\u00e7ekle\u015ftireceklerini ve Kad\u0131n, \u00c7ocuk ve Gen\u00e7lik Meclislerinin bu \u00e7al\u0131\u015fmalarda aktif rol alacaklar\u0131n\u0131 belirtti.<\/p>\n<p>Malatya B\u00fcy\u00fck\u015fehir Belediye Ba\u015fkan\u0131 Hac\u0131 U\u011fur Polat ise Kent Konseyinin haz\u0131rlad\u0131\u011f\u0131 projenin toplum i\u00e7in b\u00fcy\u00fck \u00f6nem ta\u015f\u0131d\u0131\u011f\u0131n\u0131 dile getirerek \u201cY\u00fczy\u0131llar boyunca toplum olarak \u00f6rf ve adetlerimizden olu\u015fan k\u00fclt\u00fcr\u00fcm\u00fcz, b\u00fcy\u00fcklere sayg\u0131, k\u00fc\u00e7\u00fcklere sevgi, mezarl\u0131k ziyareti, bayramla\u015fmalar\u0131 i\u00e7erisinde bulunduran dededen toruna ge\u00e7en bir\u00e7ok g\u00fczellikleri bar\u0131nd\u0131rmaktad\u0131r\u201d ifadelerine yer verdi.<\/p>\n<p>Gelenekle gelece\u011fin birle\u015ftirdi\u011finde ba\u015far\u0131n\u0131n da ortaya \u00e7\u0131kaca\u011f\u0131n\u0131 ifade eden Polat, \u201c\u00c7ocuklar\u0131m\u0131z ciddi anlamda sosyal medyan\u0131n, internetin etkisi alt\u0131nda ya\u015f\u0131yorlar. Bu \u00e7er\u00e7evede gelenekle gelece\u011fi birle\u015ftirmemiz toplum a\u00e7\u0131s\u0131ndan b\u00fcy\u00fck \u00f6nem arz edecektir\u201d \u015feklinde konu\u015ftu.<\/p>\n<p>Kent Konseyinin ana tema olarak gelene\u011fi ve gelece\u011fi se\u00e7mesinin \u00f6nemli oldu\u011funu s\u00f6yleyen Polat, \u201cProjenin Malatya i\u00e7in hay\u0131rlara vesile olmas\u0131n\u0131 \u00fcmit ediyorum\u201d diye konu\u015ftu.<div class=\"tiled-gallery type-rectangular tiled-gallery-unresized\" data-original-width=\"500\" data-carousel-extra='null' itemscope itemtype=\"http:\/\/schema.org\/ImageGallery\" > <div class=\"gallery-row\" style=\"width: 500px; height: 168px;\" data-original-width=\"500\" data-original-height=\"168\" > <div class=\"gallery-group images-1\" style=\"width: 250px; height: 168px;\" data-original-width=\"250\" data-original-height=\"168\" > <div class=\"tiled-gallery-item tiled-gallery-item-small\" itemprop=\"associatedMedia\" itemscope itemtype=\"http:\/\/schema.org\/ImageObject\"> <a href=\"http:\/\/www.tvturk.com\/index.php\/gelenekten-gelecege-projesi\/gelenekten-gelecege-projesi-3\/\" border=\"0\" itemprop=\"url\"> <meta itemprop=\"width\" content=\"246\"> <meta itemprop=\"height\" content=\"164\"> <img decoding=\"async\" class=\"\" data-attachment-id=\"24808\" data-orig-file=\"http:\/\/www.tvturk.com\/wp-content\/uploads\/2019\/02\/gelenekten-gelecege-projesi_453e28e.jpg\" data-orig-size=\"1000,666\" data-comments-opened=\"\" data-image-meta=\"{&quot;aperture&quot;:&quot;0&quot;,&quot;credit&quot;:&quot;IHA&quot;,&quot;camera&quot;:&quot;&quot;,&quot;caption&quot;:&quot;KENT KONSEY\\u0130 GENEL SEKRETER\\u0130 NECAT\\u0130 \\u00c7OBANO\\u011eLU VE PROJE EK\\u0130B\\u0130, PROJEN\\u0130N TANITIMINI YAPMAK VE PLANLANAN \\u00c7ALI\\u015eMALARDA DESTEK ALMAK AMACIYLA B\\u00dcY\\u00dcK\\u015eEH\\u0130R BELED\\u0130YE BA\\u015eKANI HACI U\\u011eUR POLAT\\u2019I DA MAKAMINDA Z\\u0130YARET ETT\\u0130. (\\u0130HA\\\/MALATYA-\\u0130HA)&quot;,&quot;created_timestamp&quot;:&quot;0&quot;,&quot;copyright&quot;:&quot;\\u0130HLAS HABER AJANSI, www.iha.com.tr&quot;,&quot;focal_length&quot;:&quot;0&quot;,&quot;iso&quot;:&quot;0&quot;,&quot;shutter_speed&quot;:&quot;0&quot;,&quot;title&quot;:&quot;\\u2018GELENEKTEN GELECE\\u011eE\\u2019 PROJES\\u0130 PROJEYE BA\\u015eKAN POLAT\\u2019TAN TAM DESTEK&quot;,&quot;orientation&quot;:&quot;0&quot;}\" data-image-title=\"\u2018Gelenekten Gelece\u011fe\u2019 projesi\" data-image-description=\"&lt;p&gt;\u2018Gelenekten Gelece\u011fe\u2019 projesi&lt;\/p&gt; \" data-medium-file=\"https:\/\/i0.wp.com\/www.tvturk.com\/wp-content\/uploads\/2019\/02\/gelenekten-gelecege-projesi_453e28e.jpg?fit=300%2C200\" data-large-file=\"https:\/\/i0.wp.com\/www.tvturk.com\/wp-content\/uploads\/2019\/02\/gelenekten-gelecege-projesi_453e28e.jpg?fit=1000%2C666\" src=\"https:\/\/i0.wp.com\/www.tvturk.com\/wp-content\/uploads\/2019\/02\/gelenekten-gelecege-projesi_453e28e.jpg?w=246&#038;h=164\" srcset=\"https:\/\/i0.wp.com\/www.tvturk.com\/wp-content\/uploads\/2019\/02\/gelenekten-gelecege-projesi_453e28e.jpg?w=1000 1000w, https:\/\/i0.wp.com\/www.tvturk.com\/wp-content\/uploads\/2019\/02\/gelenekten-gelecege-projesi_453e28e.jpg?resize=150%2C100 150w, https:\/\/i0.wp.com\/www.tvturk.com\/wp-content\/uploads\/2019\/02\/gelenekten-gelecege-projesi_453e28e.jpg?resize=300%2C200 300w, https:\/\/i0.wp.com\/www.tvturk.com\/wp-content\/uploads\/2019\/02\/gelenekten-gelecege-projesi_453e28e.jpg?resize=768%2C511 768w, https:\/\/i0.wp.com\/www.tvturk.com\/wp-content\/uploads\/2019\/02\/gelenekten-gelecege-projesi_453e28e.jpg?resize=170%2C113 170w, https:\/\/i0.wp.com\/www.tvturk.com\/wp-content\/uploads\/2019\/02\/gelenekten-gelecege-projesi_453e28e.jpg?resize=120%2C80 120w\" width=\"246\" height=\"164\" loading=\"lazy\" data-original-width=\"246\" data-original-height=\"164\" itemprop=\"http:\/\/schema.org\/image\" title=\"\u2018Gelenekten Gelece\u011fe\u2019 projesi\" alt=\"\u2018Gelenekten Gelece\u011fe\u2019 projesi\" style=\"width: 246px; height: 164px;\" \/> <\/a> <\/div> <\/div> <!-- close group --> <div class=\"gallery-group images-1\" style=\"width: 250px; height: 168px;\" data-original-width=\"250\" data-original-height=\"168\" > <div class=\"tiled-gallery-item tiled-gallery-item-small\" itemprop=\"associatedMedia\" itemscope itemtype=\"http:\/\/schema.org\/ImageObject\"> <a href=\"http:\/\/www.tvturk.com\/index.php\/gelenekten-gelecege-projesi\/gelenekten-gelecege-projesi-4\/\" border=\"0\" itemprop=\"url\"> <meta itemprop=\"width\" content=\"246\"> <meta itemprop=\"height\" content=\"164\"> <img decoding=\"async\" class=\"\" data-attachment-id=\"24809\" data-orig-file=\"http:\/\/www.tvturk.com\/wp-content\/uploads\/2019\/02\/gelenekten-gelecege-projesi_141f12d.jpg\" data-orig-size=\"1000,666\" data-comments-opened=\"\" data-image-meta=\"{&quot;aperture&quot;:&quot;0&quot;,&quot;credit&quot;:&quot;IHA&quot;,&quot;camera&quot;:&quot;&quot;,&quot;caption&quot;:&quot;KENT KONSEY\\u0130 GENEL SEKRETER\\u0130 NECAT\\u0130 \\u00c7OBANO\\u011eLU VE PROJE EK\\u0130B\\u0130, PROJEN\\u0130N TANITIMINI YAPMAK VE PLANLANAN \\u00c7ALI\\u015eMALARDA DESTEK ALMAK AMACIYLA B\\u00dcY\\u00dcK\\u015eEH\\u0130R BELED\\u0130YE BA\\u015eKANI HACI U\\u011eUR POLAT\\u2019I DA MAKAMINDA Z\\u0130YARET ETT\\u0130. (\\u0130HA\\\/MALATYA-\\u0130HA)&quot;,&quot;created_timestamp&quot;:&quot;0&quot;,&quot;copyright&quot;:&quot;\\u0130HLAS HABER AJANSI, www.iha.com.tr&quot;,&quot;focal_length&quot;:&quot;0&quot;,&quot;iso&quot;:&quot;0&quot;,&quot;shutter_speed&quot;:&quot;0&quot;,&quot;title&quot;:&quot;\\u2018GELENEKTEN GELECE\\u011eE\\u2019 PROJES\\u0130 PROJEYE BA\\u015eKAN POLAT\\u2019TAN TAM DESTEK&quot;,&quot;orientation&quot;:&quot;0&quot;}\" data-image-title=\"\u2018Gelenekten Gelece\u011fe\u2019 projesi\" data-image-description=\"&lt;p&gt;\u2018Gelenekten Gelece\u011fe\u2019 projesi&lt;\/p&gt; \" data-medium-file=\"https:\/\/i0.wp.com\/www.tvturk.com\/wp-content\/uploads\/2019\/02\/gelenekten-gelecege-projesi_141f12d.jpg?fit=300%2C200\" data-large-file=\"https:\/\/i0.wp.com\/www.tvturk.com\/wp-content\/uploads\/2019\/02\/gelenekten-gelecege-projesi_141f12d.jpg?fit=1000%2C666\" src=\"https:\/\/i0.wp.com\/www.tvturk.com\/wp-content\/uploads\/2019\/02\/gelenekten-gelecege-projesi_141f12d.jpg?w=246&#038;h=164\" srcset=\"https:\/\/i0.wp.com\/www.tvturk.com\/wp-content\/uploads\/2019\/02\/gelenekten-gelecege-projesi_141f12d.jpg?w=1000 1000w, https:\/\/i0.wp.com\/www.tvturk.com\/wp-content\/uploads\/2019\/02\/gelenekten-gelecege-projesi_141f12d.jpg?resize=150%2C100 150w, https:\/\/i0.wp.com\/www.tvturk.com\/wp-content\/uploads\/2019\/02\/gelenekten-gelecege-projesi_141f12d.jpg?resize=300%2C200 300w, https:\/\/i0.wp.com\/www.tvturk.com\/wp-content\/uploads\/2019\/02\/gelenekten-gelecege-projesi_141f12d.jpg?resize=768%2C511 768w, https:\/\/i0.wp.com\/www.tvturk.com\/wp-content\/uploads\/2019\/02\/gelenekten-gelecege-projesi_141f12d.jpg?resize=170%2C113 170w, https:\/\/i0.wp.com\/www.tvturk.com\/wp-content\/uploads\/2019\/02\/gelenekten-gelecege-projesi_141f12d.jpg?resize=120%2C80 120w\" width=\"246\" height=\"164\" loading=\"lazy\" data-original-width=\"246\" data-original-height=\"164\" itemprop=\"http:\/\/schema.org\/image\" title=\"\u2018Gelenekten Gelece\u011fe\u2019 projesi\" alt=\"\u2018Gelenekten Gelece\u011fe\u2019 projesi\" style=\"width: 246px; height: 164px;\" \/> <\/a> <\/div> <\/div> <!-- close group --> <\/div> <!-- close row --> <\/div><\/p>\n","protected":false},"excerpt":{"rendered":"<p>KENT KONSEY\u0130 GENEL SEKRETER\u0130 NECAT\u0130 \u00c7OBANO\u011eLU VE PROJE EK\u0130B\u0130, PROJEN\u0130N TANITIMINI YAPMAK VE PLANLANAN \u00c7ALI\u015eMALARDA DESTEK ALMAK AMACIYLA B\u00dcY\u00dcK\u015eEH\u0130R BELED\u0130YE BA\u015eKANI HACI U\u011eUR POLAT\u2019I DA MAKAMINDA Z\u0130YARET ETT\u0130.<\/p>\n","protected":false},"author":1,"featured_media":24807,"comment_status":"closed","ping_status":"open","sticky":false,"template":"","format":"standard","meta":{"jetpack_post_was_ever_published":false,"_jetpack_newsletter_access":"","_jetpack_dont_email_post_to_subs":false,"_jetpack_newsletter_tier_id":0,"_jetpack_memberships_contains_paywalled_content":false,"_jetpack_memberships_contains_paid_content":false,"footnotes":"","jetpack_publicize_message":"","jetpack_publicize_feature_enabled":true,"jetpack_social_post_already_shared":false,"jetpack_social_options":{"image_generator_settings":{"template":"highway","default_image_id":0,"font":"","enabled":false},"version":2}},"categories":[655],"tags":[4904,2059,1324],"class_list":["post-24806","post","type-post","status-publish","format-standard","has-post-thumbnail","hentry","category-son-dakika","tag-gelenekten","tag-gelecege","tag-projesi"],"jetpack_publicize_connections":[],"jetpack_featured_media_url":"https:\/\/i0.wp.com\/www.tvturk.com\/wp-content\/uploads\/2019\/02\/gelenekten-gelecege-projesi_e07b4d5.jpg?fit=1000%2C666","jetpack_sharing_enabled":true,"jetpack_shortlink":"https:\/\/wp.me\/paKIfm-6s6","_links":{"self":[{"href":"http:\/\/www.tvturk.com\/index.php\/wp-json\/wp\/v2\/posts\/24806","targetHints":{"allow":["GET"]}}],"collection":[{"href":"http:\/\/www.tvturk.com\/index.php\/wp-json\/wp\/v2\/posts"}],"about":[{"href":"http:\/\/www.tvturk.com\/index.php\/wp-json\/wp\/v2\/types\/post"}],"author":[{"embeddable":true,"href":"http:\/\/www.tvturk.com\/index.php\/wp-json\/wp\/v2\/users\/1"}],"replies":[{"embeddable":true,"href":"http:\/\/www.tvturk.com\/index.php\/wp-json\/wp\/v2\/comments?post=24806"}],"version-history":[{"count":1,"href":"http:\/\/www.tvturk.com\/index.php\/wp-json\/wp\/v2\/posts\/24806\/revisions"}],"predecessor-version":[{"id":24810,"href":"http:\/\/www.tvturk.com\/index.php\/wp-json\/wp\/v2\/posts\/24806\/revisions\/24810"}],"wp:featuredmedia":[{"embeddable":true,"href":"http:\/\/www.tvturk.com\/index.php\/wp-json\/wp\/v2\/media\/24807"}],"wp:attachment":[{"href":"http:\/\/www.tvturk.com\/index.php\/wp-json\/wp\/v2\/media?parent=24806"}],"wp:term":[{"taxonomy":"category","embeddable":true,"href":"http:\/\/www.tvturk.com\/index.php\/wp-json\/wp\/v2\/categories?post=24806"},{"taxonomy":"post_tag","embeddable":true,"href":"http:\/\/www.tvturk.com\/index.php\/wp-json\/wp\/v2\/tags?post=24806"}],"curies":[{"name":"wp","href":"https:\/\/api.w.org\/{rel}","templated":true}]}}