{"id":24811,"date":"2019-02-12T12:50:59","date_gmt":"2019-02-12T09:50:59","guid":{"rendered":"http:\/\/www.tvturk.com\/index.php\/tarim-ve-orman-mudurlugu-teknik-personeline-drone-egitimi\/"},"modified":"2019-02-12T12:50:59","modified_gmt":"2019-02-12T09:50:59","slug":"tarim-ve-orman-mudurlugu-teknik-personeline-drone-egitimi","status":"publish","type":"post","link":"http:\/\/www.tvturk.com\/index.php\/tarim-ve-orman-mudurlugu-teknik-personeline-drone-egitimi\/","title":{"rendered":"Tar\u0131m ve Orman M\u00fcd\u00fcrl\u00fc\u011f\u00fc teknik personeline drone e\u011fitimi"},"content":{"rendered":"<p>Toroslar \u0130l\u00e7e Tar\u0131m ve Orman M\u00fcd\u00fcrl\u00fc\u011f\u00fc\u2019n\u00fcn teknik destek kapsam\u0131nda \u00c7ukurova Kalk\u0131nma Ajans\u0131\u2019na (\u00c7KA) sunulan ve kabul edilen drone operat\u00f6r e\u011fitimi ba\u015flad\u0131.<\/p>\n<p>\u00c7KA taraf\u0131ndan desteklenen proje kapsam\u0131nda il ve il\u00e7e m\u00fcd\u00fcrl\u00fc\u011f\u00fcnde g\u00f6rev yapan 35 teknik personele, 5 g\u00fcn boyunca e\u011fitim verilerek, ehliyet verilecek. Konuyla ilgili konu\u015fan \u0130l Tar\u0131m ve Orman M\u00fcd\u00fcr\u00fc Arif Abal\u0131, &#8220;Drone e\u011fitim projemizin amac\u0131, m\u00fcd\u00fcrl\u00fc\u011f\u00fcm\u00fcz b\u00fcnyesinde \u00e7al\u0131\u015fan teknik personel taraf\u0131ndan arazi toplula\u015ft\u0131rmas\u0131, \u00fcr\u00fcne dayal\u0131 veya havza bazl\u0131 desteklemeler, toprak s\u0131n\u0131fland\u0131r\u0131lmas\u0131, mera \u00e7al\u0131\u015fmalar\u0131, do\u011fal afet sonras\u0131 tespit \u00e7al\u0131\u015fmalar\u0131 ve su \u00fcr\u00fcnleri birimimizin faaliyet sahas\u0131na giren alanlarda kontrollerin h\u0131zl\u0131 ve etkin bir bi\u00e7imde yap\u0131lmas\u0131, kaynaklar\u0131n verimli kullan\u0131lmas\u0131n\u0131 ve kurum faaliyetlerinin daha h\u0131zl\u0131 ve etkin kullan\u0131lmas\u0131n\u0131 sa\u011flamakt\u0131r. \u015eu anda zaten ilimizde etkili ve verimli bir \u00e7al\u0131\u015fma y\u00fcr\u00fct\u00fcyoruz. Bu e\u011fitimle birlikte baz\u0131 konularda daha iyi \u00e7al\u0131\u015fmalar sa\u011flayaca\u011f\u0131z. Projeyi haz\u0131rlayan Toroslar il\u00e7e M\u00fcd\u00fcr\u00fc Ali Baysal\u2019a ve personeline te\u015fekk\u00fcr ediyorum. E\u011fitim t\u00fcm kat\u0131l\u0131mc\u0131lara hay\u0131rl\u0131, u\u011furlu olmas\u0131n\u0131 diliyorum&#8221; dedi.<\/p>\n","protected":false},"excerpt":{"rendered":"<p>TOROSLAR \u0130L\u00c7E TARIM VE ORMAN M\u00dcD\u00dcRL\u00dc\u011e\u00dc&#8217;N\u00dcN TEKN\u0130K DESTEK KAPSAMINDA \u00c7UKUROVA KALKINMA AJANSI&#8217;NA (\u00c7KA) SUNULAN VE KABUL ED\u0130LEN DRONE OPERAT\u00d6R E\u011e\u0130T\u0130M\u0130 BA\u015eLADI.<\/p>\n","protected":false},"author":1,"featured_media":24812,"comment_status":"closed","ping_status":"open","sticky":false,"template":"","format":"standard","meta":{"jetpack_post_was_ever_published":false,"_jetpack_newsletter_access":"","_jetpack_dont_email_post_to_subs":false,"_jetpack_newsletter_tier_id":0,"_jetpack_memberships_contains_paywalled_content":false,"_jetpack_memberships_contains_paid_content":false,"footnotes":"","jetpack_publicize_message":"","jetpack_publicize_feature_enabled":true,"jetpack_social_post_already_shared":false,"jetpack_social_options":{"image_generator_settings":{"template":"highway","default_image_id":0,"font":"","enabled":false},"version":2}},"categories":[655],"tags":[1114,581,430,2404,579,2403,2082],"class_list":["post-24811","post","type-post","status-publish","format-standard","has-post-thumbnail","hentry","category-son-dakika","tag-drone","tag-egitimi","tag-mudurlugu","tag-orman","tag-personeline","tag-tarim","tag-teknik"],"jetpack_publicize_connections":[],"jetpack_featured_media_url":"https:\/\/i0.wp.com\/www.tvturk.com\/wp-content\/uploads\/2019\/02\/tarim-ve-orman-mudurlugu-teknik-personeline-drone-egitimi_d884317.jpg?fit=800%2C534","jetpack_sharing_enabled":true,"jetpack_shortlink":"https:\/\/wp.me\/paKIfm-6sb","_links":{"self":[{"href":"http:\/\/www.tvturk.com\/index.php\/wp-json\/wp\/v2\/posts\/24811","targetHints":{"allow":["GET"]}}],"collection":[{"href":"http:\/\/www.tvturk.com\/index.php\/wp-json\/wp\/v2\/posts"}],"about":[{"href":"http:\/\/www.tvturk.com\/index.php\/wp-json\/wp\/v2\/types\/post"}],"author":[{"embeddable":true,"href":"http:\/\/www.tvturk.com\/index.php\/wp-json\/wp\/v2\/users\/1"}],"replies":[{"embeddable":true,"href":"http:\/\/www.tvturk.com\/index.php\/wp-json\/wp\/v2\/comments?post=24811"}],"version-history":[{"count":0,"href":"http:\/\/www.tvturk.com\/index.php\/wp-json\/wp\/v2\/posts\/24811\/revisions"}],"wp:featuredmedia":[{"embeddable":true,"href":"http:\/\/www.tvturk.com\/index.php\/wp-json\/wp\/v2\/media\/24812"}],"wp:attachment":[{"href":"http:\/\/www.tvturk.com\/index.php\/wp-json\/wp\/v2\/media?parent=24811"}],"wp:term":[{"taxonomy":"category","embeddable":true,"href":"http:\/\/www.tvturk.com\/index.php\/wp-json\/wp\/v2\/categories?post=24811"},{"taxonomy":"post_tag","embeddable":true,"href":"http:\/\/www.tvturk.com\/index.php\/wp-json\/wp\/v2\/tags?post=24811"}],"curies":[{"name":"wp","href":"https:\/\/api.w.org\/{rel}","templated":true}]}}