{"id":24829,"date":"2019-02-12T12:55:53","date_gmt":"2019-02-12T09:55:53","guid":{"rendered":"http:\/\/www.tvturk.com\/index.php\/otomobil-hirsizligi-sebekesi-konyada-yakalandi\/"},"modified":"2019-02-12T12:55:55","modified_gmt":"2019-02-12T09:55:55","slug":"otomobil-hirsizligi-sebekesi-konyada-yakalandi","status":"publish","type":"post","link":"http:\/\/www.tvturk.com\/index.php\/otomobil-hirsizligi-sebekesi-konyada-yakalandi\/","title":{"rendered":"Otomobil h\u0131rs\u0131zl\u0131\u011f\u0131 \u015febekesi Konya\u2019da yakaland\u0131"},"content":{"rendered":"<p>Konya\u2019n\u0131n Ak\u015fehir \u0130l\u00e7e Emniyet M\u00fcd\u00fcrl\u00fc\u011f\u00fc ekipleri, Ak\u015fehir, Konya ve Antalya\u2019da 9 adet otomobil \u00e7ald\u0131klar\u0131 tespit edilen 5 ki\u015filik h\u0131rs\u0131zl\u0131k \u015febekesini \u00e7\u00f6kertti. G\u00f6zalt\u0131na al\u0131nan 5 \u015f\u00fcpheliden 2\u2019si \u00e7\u0131kar\u0131ld\u0131klar\u0131 mahkemece tutukland\u0131.<\/p>\n<p>Edinilen bilgiye g\u00f6re, son aylarda artan ara\u00e7 h\u0131rs\u0131zl\u0131klar\u0131 nedeniyle Ak\u015fehir \u0130l\u00e7e Emniyet M\u00fcd\u00fcrl\u00fc\u011f\u00fcne ba\u011fl\u0131 asayi\u015f ekipleri ara\u00e7 h\u0131rs\u0131zl\u0131klar\u0131n\u0131n faillerini yakalamak \u00fczere \u00f6zel bir ekip kurdu. Kurulan ekip \u015fehir genelindeki t\u00fcm kameralar\u0131 inceledi. \u0130ncelemeler sonunda Y.K. isimli \u015fahs\u0131 tespit eden ekipler, fiziki takip ba\u015flatt\u0131. Ak\u015fehir, Konya ve Antalya\u2019dan toplamda 9 adet ara\u00e7 \u00e7ald\u0131\u011f\u0131 tespit eden zanl\u0131 Y.K. (19) d\u00fczenlenen operasyonla yakaland\u0131. Zanl\u0131n\u0131n polis merkezinde al\u0131nan ifadesinde bu i\u015fi E.M.O. (17) ile birlikte yapt\u0131klar\u0131n\u0131, Ak\u015fehir\u2019den \u00e7ald\u0131klar\u0131 ara\u00e7lar\u0131 Konya ve Antalya\u2018ya oralardan \u00e7ald\u0131klar\u0131 ara\u00e7lar\u0131 ise Ak\u015fehir\u2019e getirdiklerini s\u00f6yledi\u011fi \u00f6\u011frenildi. Zanl\u0131n\u0131n ifadesi kapsam\u0131nda polis ekiplerince ara\u00e7lar\u0131n evraklar\u0131nda sahtecilik yapt\u0131\u011f\u0131 iddias\u0131 ile 3 \u015fah\u0131s daha g\u00f6zalt\u0131na al\u0131nd\u0131. G\u00f6zalt\u0131na al\u0131nan toplamda 5 \u015f\u00fcpheli polis merkezinde al\u0131nan ifadelerinin ard\u0131ndan Ak\u015fehir Adliyesine sevk edildi. Mahkemeye \u00e7\u0131kar\u0131lan Y.K. ve E.M.O. tutuklan\u0131rken di\u011fer 3 ki\u015fi ise serbest b\u0131rak\u0131ld\u0131.<\/p>\n<p>\u00d6te yandan, \u00e7al\u0131nan ara\u00e7lardan 8 tanesi de polis taraf\u0131ndan bulunarak sahiplerine teslim edildi.<div class=\"tiled-gallery type-rectangular tiled-gallery-unresized\" data-original-width=\"500\" data-carousel-extra='null' itemscope itemtype=\"http:\/\/schema.org\/ImageGallery\" > <div class=\"gallery-row\" style=\"width: 500px; height: 376px;\" data-original-width=\"500\" data-original-height=\"376\" > <div class=\"gallery-group images-1\" style=\"width: 500px; height: 376px;\" data-original-width=\"500\" data-original-height=\"376\" > <div class=\"tiled-gallery-item tiled-gallery-item-large\" itemprop=\"associatedMedia\" itemscope itemtype=\"http:\/\/schema.org\/ImageObject\"> <a href=\"http:\/\/www.tvturk.com\/index.php\/otomobil-hirsizligi-sebekesi-konyada-yakalandi\/otomobil-hirsizligi-sebekesi-konyada-yakalandi-3\/\" border=\"0\" itemprop=\"url\"> <meta itemprop=\"width\" content=\"496\"> <meta itemprop=\"height\" content=\"372\"> <img decoding=\"async\" class=\"\" data-attachment-id=\"24831\" data-orig-file=\"http:\/\/www.tvturk.com\/wp-content\/uploads\/2019\/02\/otomobil-hirsizligi-sebekesi-konyada-yakalandi_8e327dc.jpg\" data-orig-size=\"1000,750\" data-comments-opened=\"\" data-image-meta=\"{&quot;aperture&quot;:&quot;0&quot;,&quot;credit&quot;:&quot;IHA&quot;,&quot;camera&quot;:&quot;&quot;,&quot;caption&quot;:&quot;KONYA\\u2019NIN AK\\u015eEH\\u0130R \\u0130L\\u00c7E EMN\\u0130YET M\\u00dcD\\u00dcRL\\u00dc\\u011e\\u00dc EK\\u0130PLER\\u0130, AK\\u015eEH\\u0130R, KONYA VE ANTALYA\\u2019DA 9 ADET OTOMOB\\u0130L \\u00c7ALDIKLARI TESP\\u0130T ED\\u0130LEN 5 K\\u0130\\u015e\\u0130L\\u0130K HIRSIZLIK \\u015eEBEKES\\u0130N\\u0130 \\u00c7\\u00d6KERTT\\u0130. G\\u00d6ZALTINA ALINAN 5 K\\u0130\\u015e\\u0130DEN 2\\u0027S\\u0130 \\u00c7IKARILDIKLARI MAHKEMECE TUTUKLANDI. (CEMAL F\\u0130L\\u0130Z\\\/KONYA-\\u0130HA)&quot;,&quot;created_timestamp&quot;:&quot;0&quot;,&quot;copyright&quot;:&quot;\\u0130HLAS HABER AJANSI, www.iha.com.tr&quot;,&quot;focal_length&quot;:&quot;0&quot;,&quot;iso&quot;:&quot;0&quot;,&quot;shutter_speed&quot;:&quot;0&quot;,&quot;title&quot;:&quot;OTOMOB\\u0130L HIRSIZLI\\u011eI \\u015eEBEKES\\u0130 KONYA\\u2019DA YAKALANDI&quot;,&quot;orientation&quot;:&quot;0&quot;}\" data-image-title=\"Otomobil h\u0131rs\u0131zl\u0131\u011f\u0131 \u015febekesi Konya\u2019da yakaland\u0131\" data-image-description=\"&lt;p&gt;Otomobil h\u0131rs\u0131zl\u0131\u011f\u0131 \u015febekesi Konya\u2019da yakaland\u0131&lt;\/p&gt; \" data-medium-file=\"https:\/\/i0.wp.com\/www.tvturk.com\/wp-content\/uploads\/2019\/02\/otomobil-hirsizligi-sebekesi-konyada-yakalandi_8e327dc.jpg?fit=300%2C225\" data-large-file=\"https:\/\/i0.wp.com\/www.tvturk.com\/wp-content\/uploads\/2019\/02\/otomobil-hirsizligi-sebekesi-konyada-yakalandi_8e327dc.jpg?fit=1000%2C750\" src=\"https:\/\/i0.wp.com\/www.tvturk.com\/wp-content\/uploads\/2019\/02\/otomobil-hirsizligi-sebekesi-konyada-yakalandi_8e327dc.jpg?w=496&#038;h=372\" srcset=\"https:\/\/i0.wp.com\/www.tvturk.com\/wp-content\/uploads\/2019\/02\/otomobil-hirsizligi-sebekesi-konyada-yakalandi_8e327dc.jpg?w=1000 1000w, https:\/\/i0.wp.com\/www.tvturk.com\/wp-content\/uploads\/2019\/02\/otomobil-hirsizligi-sebekesi-konyada-yakalandi_8e327dc.jpg?resize=150%2C113 150w, https:\/\/i0.wp.com\/www.tvturk.com\/wp-content\/uploads\/2019\/02\/otomobil-hirsizligi-sebekesi-konyada-yakalandi_8e327dc.jpg?resize=300%2C225 300w, https:\/\/i0.wp.com\/www.tvturk.com\/wp-content\/uploads\/2019\/02\/otomobil-hirsizligi-sebekesi-konyada-yakalandi_8e327dc.jpg?resize=768%2C576 768w\" width=\"496\" height=\"372\" loading=\"lazy\" data-original-width=\"496\" data-original-height=\"372\" itemprop=\"http:\/\/schema.org\/image\" title=\"Otomobil h\u0131rs\u0131zl\u0131\u011f\u0131 \u015febekesi Konya\u2019da yakaland\u0131\" alt=\"Otomobil h\u0131rs\u0131zl\u0131\u011f\u0131 \u015febekesi Konya\u2019da yakaland\u0131\" style=\"width: 496px; height: 372px;\" \/> <\/a> <\/div> <\/div> <!-- close group --> <\/div> <!-- close row --> <\/div><\/p>\n","protected":false},"excerpt":{"rendered":"<p>KONYA\u2019NIN AK\u015eEH\u0130R \u0130L\u00c7E EMN\u0130YET M\u00dcD\u00dcRL\u00dc\u011e\u00dc EK\u0130PLER\u0130, AK\u015eEH\u0130R, KONYA VE ANTALYA\u2019DA 9 ADET OTOMOB\u0130L \u00c7ALDIKLARI TESP\u0130T ED\u0130LEN 5 K\u0130\u015e\u0130L\u0130K HIRSIZLIK \u015eEBEKES\u0130N\u0130 \u00c7\u00d6KERTT\u0130. G\u00d6ZALTINA ALINAN 5 K\u0130\u015e\u0130DEN 2&#8217;S\u0130 \u00c7IKARILDIKLARI MAHKEMECE TUTUKLANDI.<\/p>\n","protected":false},"author":1,"featured_media":24830,"comment_status":"closed","ping_status":"open","sticky":false,"template":"","format":"standard","meta":{"jetpack_post_was_ever_published":false,"_jetpack_newsletter_access":"","_jetpack_dont_email_post_to_subs":false,"_jetpack_newsletter_tier_id":0,"_jetpack_memberships_contains_paywalled_content":false,"_jetpack_memberships_contains_paid_content":false,"footnotes":"","jetpack_publicize_message":"","jetpack_publicize_feature_enabled":true,"jetpack_social_post_already_shared":false,"jetpack_social_options":{"image_generator_settings":{"template":"highway","default_image_id":0,"font":"","enabled":false},"version":2}},"categories":[655],"tags":[2424,2980,2873,10377,1010],"class_list":["post-24829","post","type-post","status-publish","format-standard","has-post-thumbnail","hentry","category-son-dakika","tag-hirsizligi","tag-konyada","tag-otomobil","tag-sebekesi","tag-yakalandi"],"jetpack_publicize_connections":[],"jetpack_featured_media_url":"https:\/\/i0.wp.com\/www.tvturk.com\/wp-content\/uploads\/2019\/02\/otomobil-hirsizligi-sebekesi-konyada-yakalandi_4a16930.jpg?fit=1000%2C750","jetpack_sharing_enabled":true,"jetpack_shortlink":"https:\/\/wp.me\/paKIfm-6st","_links":{"self":[{"href":"http:\/\/www.tvturk.com\/index.php\/wp-json\/wp\/v2\/posts\/24829","targetHints":{"allow":["GET"]}}],"collection":[{"href":"http:\/\/www.tvturk.com\/index.php\/wp-json\/wp\/v2\/posts"}],"about":[{"href":"http:\/\/www.tvturk.com\/index.php\/wp-json\/wp\/v2\/types\/post"}],"author":[{"embeddable":true,"href":"http:\/\/www.tvturk.com\/index.php\/wp-json\/wp\/v2\/users\/1"}],"replies":[{"embeddable":true,"href":"http:\/\/www.tvturk.com\/index.php\/wp-json\/wp\/v2\/comments?post=24829"}],"version-history":[{"count":1,"href":"http:\/\/www.tvturk.com\/index.php\/wp-json\/wp\/v2\/posts\/24829\/revisions"}],"predecessor-version":[{"id":24832,"href":"http:\/\/www.tvturk.com\/index.php\/wp-json\/wp\/v2\/posts\/24829\/revisions\/24832"}],"wp:featuredmedia":[{"embeddable":true,"href":"http:\/\/www.tvturk.com\/index.php\/wp-json\/wp\/v2\/media\/24830"}],"wp:attachment":[{"href":"http:\/\/www.tvturk.com\/index.php\/wp-json\/wp\/v2\/media?parent=24829"}],"wp:term":[{"taxonomy":"category","embeddable":true,"href":"http:\/\/www.tvturk.com\/index.php\/wp-json\/wp\/v2\/categories?post=24829"},{"taxonomy":"post_tag","embeddable":true,"href":"http:\/\/www.tvturk.com\/index.php\/wp-json\/wp\/v2\/tags?post=24829"}],"curies":[{"name":"wp","href":"https:\/\/api.w.org\/{rel}","templated":true}]}}