{"id":248303,"date":"2019-12-27T16:02:22","date_gmt":"2019-12-27T13:02:22","guid":{"rendered":"http:\/\/www.tvturk.com\/index.php\/tarsusun-dusman-isgalinden-kurtulusunun-98-yili-kutlandi\/"},"modified":"2019-12-27T16:02:22","modified_gmt":"2019-12-27T13:02:22","slug":"tarsusun-dusman-isgalinden-kurtulusunun-98-yili-kutlandi","status":"publish","type":"post","link":"http:\/\/www.tvturk.com\/index.php\/tarsusun-dusman-isgalinden-kurtulusunun-98-yili-kutlandi\/","title":{"rendered":"Tarsus\u2019un d\u00fc\u015fman i\u015fgalinden kurtulu\u015funun 98. y\u0131l\u0131 kutland\u0131"},"content":{"rendered":"<p>Tarsus\u2019un d\u00fc\u015fman i\u015fgalinden kurtulu\u015funun 98\u2019inci y\u0131ld\u00f6n\u00fcm\u00fc, d\u00fczenlenen t\u00f6renle co\u015fku ile kutland\u0131.<\/p>\n<p>Tarsus Kaymakaml\u0131\u011f\u0131 ve Tarsus Belediyesi taraf\u0131ndan d\u00fczenlenen kurtulu\u015f kutlamas\u0131na y\u00fczlerce vatanda\u015f Aznakay Park\u0131\u2019nda bir araya gelerek, Cumhuriyet Meydan\u0131\u2019na kadar y\u00fcr\u00fcd\u00fc. Programa, Mersin B\u00fcy\u00fck\u015fehir Belediyesi Vahap Se\u00e7er, Tarsus Kaymakam\u0131 Kadir Sertel Otcu, Tarsus Belediye Ba\u015fkan Vekili \u00dcnzile Kuru, milletvekilleri, siyasi partilerin \u0130l ve il\u00e7e \u00f6rg\u00fctleri ve kentin di\u011fer protokol \u00fcyeleri kat\u0131ld\u0131. \u00c7ok say\u0131da vatanda\u015f\u0131n kat\u0131ld\u0131\u011f\u0131 t\u00f6ren, Atat\u00fcrk An\u0131t\u0131\u2019na \u00e7elenk sunulmas\u0131yla ba\u015flad\u0131. Sayg\u0131 duru\u015fu, top at\u0131\u015f\u0131 ve \u0130stiklal Mar\u015f\u0131\u2019n\u0131n okunmas\u0131n\u0131n ard\u0131ndan konu\u015fma yapan Tarsus Belediye Ba\u015fkan Vekili \u00dcnzile Kuru, &#8220;Bug\u00fcn bizler i\u00e7in \u00e7ok anlaml\u0131 bir g\u00fcn. Tarsus\u2019un kurtulu\u015funun 98. Y\u0131l\u0131n\u0131 kutluyoruz. Biz kanlar\u0131 pahas\u0131na sava\u015farak bu topraklar\u0131 d\u00fc\u015fman i\u015fgalinden kurtaran insanlar\u0131n verdikleri m\u00fccadeleler sonucunda 98 y\u0131l sonras\u0131nda bu cumhuriyette, bu toprakta ya\u015famaktan onur duyuyoruz. Onlar\u0131n kanlar\u0131n\u0131n asla bo\u015fa d\u00f6k\u00fclmedi\u011fine ve bu topraklar\u0131 korumaya son kan\u0131m\u0131za kadar devam edece\u011fimize hepimiz inan\u0131yor ve bunu hayk\u0131r\u0131yoruz. Biz o kan\u0131 ta\u015f\u0131yoruz. \u0130stiklal Sava\u015f\u0131n\u0131 ba\u015flatan ulu \u00f6nderimiz Mustafa Kemal Atat\u00fcrk ba\u015fta olmak \u00fczere Tarsus\u2019ta Molla Kerim ve m\u00fcfrezesi \u00e7ok b\u00fcy\u00fck bir m\u00fccadele vermi\u015flerdir. Onlar\u0131 y\u00e2d ediyoruz, sonsuz \u015f\u00fckranlar\u0131m\u0131z\u0131 hala besliyoruz. Bu u\u011furda \u015fehit ve gazilerimizi de minnet ve rahmetle an\u0131yoruz\u201d dedi.<\/p>\n<p>Kuvayi Milliye ruhunu sonsuza kadar ya\u015fayacaklar\u0131n\u0131 ifade eden Kuru, &#8220;27 Aral\u0131k sadece bu \u015fehrin kurtulu\u015fu anlam\u0131na gelmemektedir. Kuvayi Milliye ate\u015finin harmanlanmas\u0131 anlam\u0131n\u0131 da i\u00e7ermektedir. Bizler, bu \u015fehirde ya\u015fayanlar, bu Kuvayi Milliye ruhunu ilelebet ya\u015fataca\u011f\u0131m\u0131za hep beraber s\u00f6z veriyoruz. Bizlere bu \u015ferefi koruma ve ya\u015fatma, \u00e7ocuklar\u0131m\u0131za tertemiz bir kurtulu\u015f hikayesi miras\u0131 b\u0131rakma g\u00f6rev ve sorumlulu\u011fu verilmi\u015ftir. Bizler zaferimizin 98. y\u0131l\u0131n\u0131 b\u00fcy\u00fck bir co\u015fkuyla kutlamaktan ve bu onuru sizlerle birlikte payla\u015fmaktan \u00f6t\u00fcr\u00fc gurur duyuyor, bu u\u011furda ya\u015famlar\u0131n\u0131 yitiren t\u00fcm \u015fehitlerimizin aziz an\u0131lar\u0131 \u00f6n\u00fcnde sayg\u0131yla e\u011filiyoruz\u201d ifadelerini kulland\u0131.<\/p>\n<p>Tarsus Kaymakam\u0131 Kadir Sertel Otcu ise &#8220;Mustafa Kemal Atat\u00fcrk\u2019\u00fcn \u2019milletin istikbalini yine milletin azim ve karar\u0131 kurtaracakt\u0131r\u2019 s\u00f6z\u00fcn\u00fcn v\u00fccut buldu\u011fu Tarsus b\u00fcy\u00fck bir direni\u015f ve destana imza atm\u0131\u015ft\u0131r. Ecdad\u0131m\u0131zla bu anlamda ne kadar gurur duysak iftihar etsek azd\u0131r. Aziz \u015fehitlerimizi, gazilerimizi bir kez daha \u015f\u00fckranla, sayg\u0131yla an\u0131yoruz\u201d \u015feklinde konu\u015ftu.<\/p>\n<p>B\u00fcy\u00fck\u015fehir Belediye Ba\u015fkan\u0131 Vahap Se\u00e7er de &#8220;Bug\u00fcn il\u00e7emiz i\u00e7in do\u011fum g\u00fcn\u00fc. Bundan 98 y\u0131l \u00f6nce ba\u015fta Ulu \u00d6der Mustafa Kemal Atat\u00fcrk ve onun silah arkada\u015flar\u0131, atalar\u0131m\u0131z, ecdad\u0131m\u0131z bu kadim topraklar \u00fczerinde bir\u00e7ok medeniyete, bir\u00e7ok k\u00fclt\u00fcre ev sahipli\u011fi yapm\u0131\u015f bu \u015firin beldeyi arma\u011fan ettiler, y\u00fczy\u0131llard\u0131r atalar\u0131m\u0131z\u0131n kanlar\u0131yla canlar\u0131yla sulad\u0131\u011f\u0131 bu topraklar\u0131 bize miras olarak b\u0131rakt\u0131lar. Ba\u015fta ulu \u00f6nder Mustafa Kemal Atat\u00fcrk olmak \u00fczere bu \u00fclke u\u011fruna kan\u0131n\u0131, can\u0131n\u0131 veren \u015fehitlerimizi, gazilerimizi sayg\u0131yla sevgiyle an\u0131yorum. Onlar\u0131n \u00f6n\u00fcnde h\u00fcrmetle e\u011filiyorum. Bayram\u0131m\u0131z kutlu olsun, g\u00fcn\u00fcm\u00fcz kutlu olsun\u201d diye konu\u015ftu.<\/p>\n<p>T\u00f6renin ard\u0131ndan protokol \u00fcyeleri, Tarsus Kuvayi Milliye M\u00fccahitleri Derne\u011fi\u2019ni ziyaret etti.<\/p>\n","protected":false},"excerpt":{"rendered":"<p>TARSUS&#8217;UN D\u00dc\u015eMAN \u0130\u015eGAL\u0130NDEN KURTULU\u015eUNUN 98&#8217;\u0130NC\u0130 YILD\u00d6N\u00dcM\u00dc, D\u00dcZENLENEN T\u00d6RENLE CO\u015eKU \u0130LE KUTLANDI.<\/p>\n","protected":false},"author":1,"featured_media":248304,"comment_status":"closed","ping_status":"open","sticky":false,"template":"","format":"standard","meta":{"jetpack_post_was_ever_published":false,"_jetpack_newsletter_access":"","_jetpack_dont_email_post_to_subs":false,"_jetpack_newsletter_tier_id":0,"_jetpack_memberships_contains_paywalled_content":false,"_jetpack_memberships_contains_paid_content":false,"footnotes":"","jetpack_publicize_message":"","jetpack_publicize_feature_enabled":true,"jetpack_social_post_already_shared":true,"jetpack_social_options":{"image_generator_settings":{"template":"highway","default_image_id":0,"font":"","enabled":false},"version":2}},"categories":[1],"tags":[4093,12010,12011,12657,2822,61711,2128],"class_list":["post-248303","post","type-post","status-publish","format-standard","has-post-thumbnail","hentry","category-genel","tag-4093","tag-dusman","tag-isgalinden","tag-kurtulusunun","tag-kutlandi","tag-tarsusun","tag-yili"],"jetpack_publicize_connections":[],"jetpack_featured_media_url":"https:\/\/i0.wp.com\/www.tvturk.com\/wp-content\/uploads\/2019\/12\/tarsusun-dusman-isgalinden-kurtulusunun-98-yili-kutlandi_d478dab.jpg?fit=1000%2C663","jetpack_sharing_enabled":true,"jetpack_shortlink":"https:\/\/wp.me\/paKIfm-12AT","_links":{"self":[{"href":"http:\/\/www.tvturk.com\/index.php\/wp-json\/wp\/v2\/posts\/248303","targetHints":{"allow":["GET"]}}],"collection":[{"href":"http:\/\/www.tvturk.com\/index.php\/wp-json\/wp\/v2\/posts"}],"about":[{"href":"http:\/\/www.tvturk.com\/index.php\/wp-json\/wp\/v2\/types\/post"}],"author":[{"embeddable":true,"href":"http:\/\/www.tvturk.com\/index.php\/wp-json\/wp\/v2\/users\/1"}],"replies":[{"embeddable":true,"href":"http:\/\/www.tvturk.com\/index.php\/wp-json\/wp\/v2\/comments?post=248303"}],"version-history":[{"count":0,"href":"http:\/\/www.tvturk.com\/index.php\/wp-json\/wp\/v2\/posts\/248303\/revisions"}],"wp:featuredmedia":[{"embeddable":true,"href":"http:\/\/www.tvturk.com\/index.php\/wp-json\/wp\/v2\/media\/248304"}],"wp:attachment":[{"href":"http:\/\/www.tvturk.com\/index.php\/wp-json\/wp\/v2\/media?parent=248303"}],"wp:term":[{"taxonomy":"category","embeddable":true,"href":"http:\/\/www.tvturk.com\/index.php\/wp-json\/wp\/v2\/categories?post=248303"},{"taxonomy":"post_tag","embeddable":true,"href":"http:\/\/www.tvturk.com\/index.php\/wp-json\/wp\/v2\/tags?post=248303"}],"curies":[{"name":"wp","href":"https:\/\/api.w.org\/{rel}","templated":true}]}}