{"id":248313,"date":"2019-12-27T16:16:53","date_gmt":"2019-12-27T13:16:53","guid":{"rendered":"http:\/\/www.tvturk.com\/index.php\/denizlide-karla-mucadele-calismalari\/"},"modified":"2019-12-27T16:16:53","modified_gmt":"2019-12-27T13:16:53","slug":"denizlide-karla-mucadele-calismalari","status":"publish","type":"post","link":"http:\/\/www.tvturk.com\/index.php\/denizlide-karla-mucadele-calismalari\/","title":{"rendered":"Denizli\u2019de karla m\u00fccadele \u00e7al\u0131\u015fmalar\u0131"},"content":{"rendered":"<p>Denizli B\u00fcy\u00fck\u015fehir Belediyesi ekipleri kentte etkili olmaya ba\u015flayan so\u011fuk havan\u0131n ard\u0131ndan y\u00fcksek kesimlerde ba\u015flayan kar ya\u011f\u0131\u015f\u0131na kar\u015f\u0131 m\u00fccadele ba\u015flatt\u0131. Ekipler ayr\u0131ca ya\u011f\u0131\u015f\u0131n artmas\u0131na kar\u015f\u0131n alarm durumunda haz\u0131r bir \u015fekilde bekliyor.<\/p>\n<p>Denizli\u2019de beklenen kar ya\u011f\u0131\u015f\u0131na kar\u015f\u0131 t\u00fcm haz\u0131rl\u0131klar\u0131n\u0131 tamamlayan B\u00fcy\u00fck\u015fehir Belediyesi ekipleri, y\u00fcksek kesimlerde etkili olan kar ya\u011f\u0131\u015f\u0131 ile birlikte \u00e7al\u0131\u015fma ba\u015flatt\u0131. Bu kapsamda Denizli B\u00fcy\u00fck\u015fehir Belediyesi Fen \u0130\u015fleri Dairesi Ba\u015fkanl\u0131\u011f\u0131 ekipleri \u00c7ardak il\u00e7esinin Hayriye Mahallesi\u2019nde, Bozkurt il\u00e7esinin Hayrettin Mahallesi\u2019nde, Serinhisar il\u00e7esinin Yata\u011fan-Kocap\u0131nar ve Honaz il\u00e7esinin Yukar\u0131 Kara\u00e7ay g\u00fczergah\u0131nda, ayr\u0131ca Ac\u0131payam il\u00e7esinin Ye\u015filyuva ile \u00c7ardak il\u00e7esinin S\u00f6\u011f\u00fct Mahallesi aras\u0131ndaki yolda karla m\u00fccadele \u00e7al\u0131\u015fmas\u0131 yapt\u0131. Denizli B\u00fcy\u00fck\u015fehir Belediyesi ekipleri vatanda\u015flar\u0131n ula\u015f\u0131mlar\u0131n\u0131n aksamamas\u0131 i\u00e7in ekiplerini haz\u0131r halde bekletiyor.<\/p>\n","protected":false},"excerpt":{"rendered":"<p>DEN\u0130ZL\u0130 B\u00dcY\u00dcK\u015eEH\u0130R BELED\u0130YES\u0130 EK\u0130PLER\u0130 KENTTE ETK\u0130L\u0130 OLMAYA BA\u015eLAYAN SO\u011eUK HAVANIN ARDINDAN Y\u00dcKSEK KES\u0130MLERDE BA\u015eLAYAN KAR YA\u011eI\u015eINA KAR\u015eI M\u00dcCADELE BA\u015eLATTI. EK\u0130PLER AYRICA YA\u011eI\u015eIN ARTMASINA KAR\u015eINDA ALARM DURUMUNDA HAZIR B\u0130R \u015eEK\u0130LDE BEKL\u0130YOR.<\/p>\n","protected":false},"author":1,"featured_media":248314,"comment_status":"closed","ping_status":"open","sticky":false,"template":"","format":"standard","meta":{"jetpack_post_was_ever_published":false,"_jetpack_newsletter_access":"","_jetpack_dont_email_post_to_subs":false,"_jetpack_newsletter_tier_id":0,"_jetpack_memberships_contains_paywalled_content":false,"_jetpack_memberships_contains_paid_content":false,"footnotes":"","jetpack_publicize_message":"","jetpack_publicize_feature_enabled":true,"jetpack_social_post_already_shared":true,"jetpack_social_options":{"image_generator_settings":{"template":"highway","default_image_id":0,"font":"","enabled":false},"version":2}},"categories":[1],"tags":[310,188,887,888],"class_list":["post-248313","post","type-post","status-publish","format-standard","has-post-thumbnail","hentry","category-genel","tag-calismalari","tag-denizlide","tag-karla","tag-mucadele"],"jetpack_publicize_connections":[],"jetpack_featured_media_url":"https:\/\/i0.wp.com\/www.tvturk.com\/wp-content\/uploads\/2019\/12\/denizlide-karla-mucadele-calismalari_dc048e8.jpg?fit=1000%2C666","jetpack_sharing_enabled":true,"jetpack_shortlink":"https:\/\/wp.me\/paKIfm-12B3","_links":{"self":[{"href":"http:\/\/www.tvturk.com\/index.php\/wp-json\/wp\/v2\/posts\/248313","targetHints":{"allow":["GET"]}}],"collection":[{"href":"http:\/\/www.tvturk.com\/index.php\/wp-json\/wp\/v2\/posts"}],"about":[{"href":"http:\/\/www.tvturk.com\/index.php\/wp-json\/wp\/v2\/types\/post"}],"author":[{"embeddable":true,"href":"http:\/\/www.tvturk.com\/index.php\/wp-json\/wp\/v2\/users\/1"}],"replies":[{"embeddable":true,"href":"http:\/\/www.tvturk.com\/index.php\/wp-json\/wp\/v2\/comments?post=248313"}],"version-history":[{"count":0,"href":"http:\/\/www.tvturk.com\/index.php\/wp-json\/wp\/v2\/posts\/248313\/revisions"}],"wp:featuredmedia":[{"embeddable":true,"href":"http:\/\/www.tvturk.com\/index.php\/wp-json\/wp\/v2\/media\/248314"}],"wp:attachment":[{"href":"http:\/\/www.tvturk.com\/index.php\/wp-json\/wp\/v2\/media?parent=248313"}],"wp:term":[{"taxonomy":"category","embeddable":true,"href":"http:\/\/www.tvturk.com\/index.php\/wp-json\/wp\/v2\/categories?post=248313"},{"taxonomy":"post_tag","embeddable":true,"href":"http:\/\/www.tvturk.com\/index.php\/wp-json\/wp\/v2\/tags?post=248313"}],"curies":[{"name":"wp","href":"https:\/\/api.w.org\/{rel}","templated":true}]}}