{"id":248324,"date":"2019-12-27T16:32:05","date_gmt":"2019-12-27T13:32:05","guid":{"rendered":"http:\/\/www.tvturk.com\/index.php\/sivas-emniyet-mudur-yardimcisi-ozcan-memleketi-bilecikte-topraga-verildi\/"},"modified":"2019-12-27T16:32:05","modified_gmt":"2019-12-27T13:32:05","slug":"sivas-emniyet-mudur-yardimcisi-ozcan-memleketi-bilecikte-topraga-verildi","status":"publish","type":"post","link":"http:\/\/www.tvturk.com\/index.php\/sivas-emniyet-mudur-yardimcisi-ozcan-memleketi-bilecikte-topraga-verildi\/","title":{"rendered":"Sivas Emniyet M\u00fcd\u00fcr Yard\u0131mc\u0131s\u0131 \u00d6zcan, memleketi Bilecik\u2019te topra\u011fa verildi"},"content":{"rendered":"<p>Ge\u00e7irdi\u011fi kalp krizi sonras\u0131 hayat\u0131n\u0131 kaybeden Sivas Emniyet M\u00fcd\u00fcr Yard\u0131mc\u0131s\u0131 Ali \u00d6zcan, memleketi Bilecik\u2019te topra\u011fa verildi.<\/p>\n<p>Sivas Emniyet M\u00fcd\u00fcr Yard\u0131mc\u0131s\u0131 Ali \u00d6zcan, ge\u00e7ti\u011fimiz g\u00fcn hal\u0131 sahada futbol oynarken ge\u00e7irdi\u011fi kalp krizi sonucu hayat\u0131n\u0131 kaybetmi\u015fti. \u00d6zcan\u2019\u0131n cenazesi d\u00fcn Sivas \u0130l Emniyet m\u00fcd\u00fcrl\u00fc\u011f\u00fc \u00f6n\u00fcnde d\u00fczenlenen t\u00f6renle baba oca\u011f\u0131 olan Bilecik\u2019in G\u00f6lpazar\u0131 il\u00e7esine ba\u011fl\u0131 T\u00fcrkmen K\u00f6y\u00fc\u2019ne getirildi. M\u00fcd\u00fcr Yard\u0131mc\u0131s\u0131 Ali \u00d6zcan\u2019\u0131n cenazesi bug\u00fcn Cuma namaz\u0131n\u0131 m\u00fcteakip k\u00f6y camii\u2019nde Bilecik \u0130l M\u00fcft\u00fcsd\u00fc Necati Akku\u015f taraf\u0131ndan k\u0131ld\u0131r\u0131lan cenaze namaz\u0131n\u0131n ard\u0131ndan k\u00f6y mezarl\u0131\u011f\u0131na defnedildi.<\/p>\n<p>Cenazeye Bilecik Valisi Bilal \u015eent\u00fcrk, Emniyet Genel M\u00fcd\u00fcr\u00fc Mehmet Akta\u015f\u2019, 2. Jandarma Er E\u011fitim Tugay Komutan\u0131 Tu\u011fgeneral Recep Yal\u00e7\u0131nkaya, \u0130l Jandarma Komutan\u0131 Albay \u00dcnsal A\u011fao\u011flu, Sivas Emniyet M\u00fcd\u00fcr\u00fc Kenan Aydo\u011fan, Bilecik \u0130l Emniyet M\u00fcd\u00fcr\u00fc Ertu\u011frul Namal, G\u00f6lpazar\u0131 Belediye Ba\u015fkan\u0131 Hayri Suer, AK Parti Bilecik Milletvekili Selim Ya\u011fc\u0131, \u0130l Genel Meclis Meclis Ba\u015fkan\u0131 Osman Y\u0131lmaz,  Ali \u00d6zcan\u2019\u0131n mesai arkada\u015flar\u0131 ve \u00e7ok say\u0131da vatanda\u015f kat\u0131ld\u0131.<\/p>\n","protected":false},"excerpt":{"rendered":"<p>GE\u00c7\u0130RD\u0130\u011e\u0130 KALP KR\u0130Z\u0130 SONRASI HAYATINI KAYBEDEN S\u0130VAS EMN\u0130YET M\u00dcD\u00dcR YARDIMCISI AL\u0130 \u00d6ZCAN, MEMLEKET\u0130 B\u0130LEC\u0130K&#8217;TE TOPRA\u011eA VER\u0130LD\u0130.<\/p>\n","protected":false},"author":1,"featured_media":248325,"comment_status":"closed","ping_status":"open","sticky":false,"template":"","format":"standard","meta":{"jetpack_post_was_ever_published":false,"_jetpack_newsletter_access":"","_jetpack_dont_email_post_to_subs":false,"_jetpack_newsletter_tier_id":0,"_jetpack_memberships_contains_paywalled_content":false,"_jetpack_memberships_contains_paid_content":false,"footnotes":"","jetpack_publicize_message":"","jetpack_publicize_feature_enabled":true,"jetpack_social_post_already_shared":true,"jetpack_social_options":{"image_generator_settings":{"template":"highway","default_image_id":0,"font":"","enabled":false},"version":2}},"categories":[1],"tags":[506,253,10707,4418,19923,4247,9494,634,199],"class_list":["post-248324","post","type-post","status-publish","format-standard","has-post-thumbnail","hentry","category-genel","tag-bilecikte","tag-emniyet","tag-memleketi","tag-mudur","tag-ozcan","tag-sivas","tag-topraga","tag-verildi","tag-yardimcisi"],"jetpack_publicize_connections":[],"jetpack_featured_media_url":"https:\/\/i0.wp.com\/www.tvturk.com\/wp-content\/uploads\/2019\/12\/sivas-emniyet-mudur-yardimcisi-ozcan-memleketi-bilecikte-topraga-verildi_a74b50b.jpg?fit=1000%2C750","jetpack_sharing_enabled":true,"jetpack_shortlink":"https:\/\/wp.me\/paKIfm-12Be","_links":{"self":[{"href":"http:\/\/www.tvturk.com\/index.php\/wp-json\/wp\/v2\/posts\/248324","targetHints":{"allow":["GET"]}}],"collection":[{"href":"http:\/\/www.tvturk.com\/index.php\/wp-json\/wp\/v2\/posts"}],"about":[{"href":"http:\/\/www.tvturk.com\/index.php\/wp-json\/wp\/v2\/types\/post"}],"author":[{"embeddable":true,"href":"http:\/\/www.tvturk.com\/index.php\/wp-json\/wp\/v2\/users\/1"}],"replies":[{"embeddable":true,"href":"http:\/\/www.tvturk.com\/index.php\/wp-json\/wp\/v2\/comments?post=248324"}],"version-history":[{"count":0,"href":"http:\/\/www.tvturk.com\/index.php\/wp-json\/wp\/v2\/posts\/248324\/revisions"}],"wp:featuredmedia":[{"embeddable":true,"href":"http:\/\/www.tvturk.com\/index.php\/wp-json\/wp\/v2\/media\/248325"}],"wp:attachment":[{"href":"http:\/\/www.tvturk.com\/index.php\/wp-json\/wp\/v2\/media?parent=248324"}],"wp:term":[{"taxonomy":"category","embeddable":true,"href":"http:\/\/www.tvturk.com\/index.php\/wp-json\/wp\/v2\/categories?post=248324"},{"taxonomy":"post_tag","embeddable":true,"href":"http:\/\/www.tvturk.com\/index.php\/wp-json\/wp\/v2\/tags?post=248324"}],"curies":[{"name":"wp","href":"https:\/\/api.w.org\/{rel}","templated":true}]}}