{"id":248378,"date":"2019-12-27T17:46:46","date_gmt":"2019-12-27T14:46:46","guid":{"rendered":"http:\/\/www.tvturk.com\/index.php\/iste-gemlikte-uretilecek-yeri-otomobilin-uretim-ussu\/"},"modified":"2019-12-27T17:46:46","modified_gmt":"2019-12-27T14:46:46","slug":"iste-gemlikte-uretilecek-yeri-otomobilin-uretim-ussu","status":"publish","type":"post","link":"http:\/\/www.tvturk.com\/index.php\/iste-gemlikte-uretilecek-yeri-otomobilin-uretim-ussu\/","title":{"rendered":"\u0130\u015fte Gemlik\u2019te \u00fcretilecek yeri otomobilin \u00fcretim \u00fcss\u00fc"},"content":{"rendered":"<p>Bursa\u2019n\u0131n Gemlik il\u00e7esinde \u00fcretilecek yerli otomobilin \u00fcretim \u00fcss\u00fc havadan g\u00f6r\u00fcnt\u00fclendi.<\/p>\n<p>Gemlik yerli otomobilin \u00fcretim merkezi olacak. Cumhurba\u015fkan\u0131 Recep Tayyip Erdo\u011fan, yerli otomobilin tan\u0131t\u0131m\u0131nda fabrikan\u0131n Bursa\u2019n\u0131n Gemlik il\u00e7esinde olaca\u011f\u0131n\u0131 a\u00e7\u0131klad\u0131. Erdo\u011fan, Gemlik\u2019te T\u00fcrk Silahl\u0131 Kuvvetlerine ait b\u00fcy\u00fck\u00e7e bir yer oldu\u011funu, yakla\u015f\u0131k 4 milyon metrekarelik bu alan\u0131n takriben 1 milyon metrekaresini buraya tahsis edeceklerini, s\u00fcratle fabrikan\u0131n yap\u0131m\u0131na ba\u015flayacaklar\u0131n\u0131 dile getirdi.<\/p>\n<p>Yerli otomobilin \u00fcretim \u00fcss\u00fc olacak olan Gemlik\u2019teki askeri alan lojistik imkanlar\u0131 ve \u0130stanbul-Bursa-\u0130zmir Otoban\u0131\u2019n\u0131n tam ortas\u0131nda yer almas\u0131yla dikkat \u00e7ekiyor. Limanlara, serbest b\u00f6lgeye ve tedarik sanayiye yak\u0131nl\u0131\u011f\u0131 b\u00fcy\u00fck avantaj olarak g\u00f6r\u00fclen alanda projenin ba\u015flamas\u0131 ile birlikte askeri haran\u0131n ise Karacabey\u2019e ta\u015f\u0131nma ihtimalinin bulundu\u011fu \u00f6\u011frenildi.<\/p>\n<p>&#8220;Yerli otomobil \u00fcretiminin Bursa\u2019da yap\u0131lmas\u0131 T\u00fcrkiyemizin yeni ekonomi modeline ge\u00e7i\u015finde \u00fc\u00e7l\u00fc sac aya\u011f\u0131 olacakt\u0131r&#8221;<\/p>\n<p>Bursa Ticaret ve Sanayi Odas\u0131 (BTSO) Ba\u015fkan\u0131 \u0130brahim Burkay, \u201cBursa, geli\u015fmi\u015f imalat altyap\u0131s\u0131n\u0131 ve yan sanayisini ileri teknolojiye uyarlayarak T\u00fcrkiyemizin milli otomobil \u00fcretiminde de en g\u00fc\u00e7l\u00fc \u015fekilde hissettirecektir. \u0130lk T\u00fcrk otomobil fabrikas\u0131n\u0131n kuruldu\u011fu \u015fehir olan Bursa, bilgisi, tecr\u00fcbesi ve g\u00fc\u00e7l\u00fc potansiyeliyle \u00fclkemizin 60 y\u0131ll\u0131k milli otomobil \u00fcretme hayalini ger\u00e7e\u011fe d\u00f6n\u00fc\u015ft\u00fcrmesinin mutlulu\u011funu ve heyecan\u0131n\u0131 ta\u015f\u0131maktad\u0131r. K\u00fc\u00e7\u00fck ve orta \u00f6l\u00e7ekli firmalar\u0131m\u0131z i\u00e7in planlad\u0131\u011f\u0131m\u0131z KOB\u0130 OSB ve T\u00fcrkiye\u2019nin yeni sanayi devrimine ge\u00e7i\u015finde sembol olan TEKNOSAB ile birlikte yerli otomobil \u00fcretiminin de Bursa\u2019da yap\u0131lmas\u0131 T\u00fcrkiyemizin yeni ekonomi modeline ge\u00e7i\u015finde \u00fc\u00e7l\u00fc sac aya\u011f\u0131 olacakt\u0131r\u201d diye konu\u015ftu.<\/p>\n<p>&#8220;Yerli otomobil \u00fcretiminin Bursa\u2019da yap\u0131lacak olmas\u0131 \u015fehrimiz dinamizmine g\u00fc\u00e7 katacakt\u0131r&#8221;<\/p>\n<p>Bursa Ticaret Borsas\u0131 (BTB) Y\u00f6netim Kurulu Ba\u015fkan\u0131 ve TOBB Y\u00f6netim Kurulu \u00dcyesi \u00d6zer Matl\u0131, &#8220;13 y\u0131l i\u00e7inde hayata ge\u00e7ecek olan proje 4 bin 323 ki\u015fiye istihdam sa\u011flayacak. T\u00fcrkiye otomotiv sekt\u00f6r\u00fcn\u00fcn lokomotifi olan \u015fehrimiz, hem var olan d\u00fcnyaca \u00fcnl\u00fc markalar\u0131n otomobil fabrikalar\u0131 ile hem de otomobil yan sanayi ile otomotiv sekt\u00f6r\u00fcnde ilk s\u0131rada. Yerli otomobil \u00fcretiminin Bursa\u2019da yap\u0131lacak olmas\u0131 \u015fehrimiz dinamizmine g\u00fc\u00e7 katacakt\u0131r. Bursa\u2019ya yap\u0131lacak bu yat\u0131r\u0131m\u0131n artan n\u00fcfus ve \u00fclkemizdeki gen\u00e7 i\u015fsiz oran\u0131na bak\u0131ld\u0131\u011f\u0131nda do\u011frudan ve dolayl\u0131 olarak yakla\u015f\u0131k 25 bin ki\u015finin hayat\u0131na dokunacakt\u0131r\u201d dedi.<\/p>\n<p>&#8220;Bu karar Bursa\u2019n\u0131n otomotivin ba\u015fkenti oldu\u011funun tescillenmesidir&#8221;<\/p>\n<p>Bursa Sanayicileri ve \u0130\u015finsanlar\u0131 Derne\u011fi (BUS\u0130AD) Y\u00f6netim Kurulu Ba\u015fkan\u0131 Ergun Hadi T\u00fcrkay, \u201c22 milyar lira yat\u0131r\u0131m maliyetli ve 4 bin 323 ki\u015fiye istihdam sa\u011flayacak bu tesisin Bursa\u2019ya yeni bir enerji katmas\u0131n\u0131 umuyoruz. Bu karar Bursa\u2019n\u0131n otomotivin ba\u015fkenti oldu\u011funun tescillenmesidir. Bu karar ayr\u0131ca kentimizin yeniliklere adapte olabilme g\u00fcc\u00fcn\u00fcn karar vericiler taraf\u0131ndan da g\u00f6r\u00fcld\u00fc\u011f\u00fcne i\u015faret etmektedir. Bursa 1970\u2019lerde ba\u015flayan otomobil \u00fcretim s\u00fcrecinde sadece T\u00fcrkiye\u2019nin de\u011fil d\u00fcnyan\u0131n da bu konuda en \u00f6nemli kentlerinden olmu\u015ftur. Ge\u00e7en 50 y\u0131lda yan sanayide \u00e7ok \u00f6nemli bir bilgi birikimi meydana gelmi\u015ftir. Elektrikli otomobil \u00fcretimi, bu bilgi birikimini yeniden evriltme g\u00fcc\u00fcne sahiptir. Umar\u0131m, at\u0131lacak do\u011fru ad\u0131mlarla Bursa sadece yerli otomobil i\u00e7in de\u011fil, t\u00fcm d\u00fcnyada elektrikli ara\u00e7lar i\u00e7in \u00fcretim yapan bir merkez haline de d\u00f6n\u00fc\u015f\u00fcr&#8221; a\u00e7\u0131klamas\u0131n\u0131 yapt\u0131.<\/p>\n<p>&#8220;T\u00fcrkiye\u2019nin otomobilinde Bursa imzas\u0131 g\u00f6rmekten gurur duyaca\u011f\u0131z&#8221;<\/p>\n<p>Yerli otomobilde Bursa imzas\u0131 g\u00f6recek olman\u0131n kendilerini ayr\u0131ca gururland\u0131raca\u011f\u0131n\u0131 vurgulayan Bursa \u0130\u015f Kad\u0131nlar\u0131 ve Y\u00f6neticileri Derne\u011fi (BU\u0130KAD) Y\u00f6netim Kurulu Ba\u015fkan\u0131 Oya Ero\u011flu, &#8220;T\u00fcrkiye\u2019nin yerli ve milli \u00fcretim hamlelerini en ba\u015f\u0131ndan itibaren destekliyorduk. Ekonomik kalk\u0131nman\u0131n temelinde \u00fcretimin artt\u0131r\u0131lmas\u0131 geliyor. Katma de\u011feri y\u00fcksek \u00fcr\u00fcnler \u00fcretmeliyiz. \u00dclkemizin ve kentimizin ge\u00e7mi\u015fi maalesef fason \u00fcreticili\u011fe dayan\u0131yor. Bu a\u00e7mazdan bizi ancak ve ancak teknolojik \u00fcr\u00fcnler kurtarabilirdi. Yerli otomobil bu anlamda g\u00fczel bir \u00f6rnek olacak. \u00dcretiminin Bursa\u2019da yap\u0131lacak olmas\u0131 da bizleri mutlu etti. T\u00fcrkiye\u2019nin otomobilinde Bursa imzas\u0131 g\u00f6rmekten gurur duyaca\u011f\u0131z. Renault ve TOFA\u015e sayesinde d\u00fcnya bu kentte otomobil \u00fcretiminin yap\u0131ld\u0131\u011f\u0131n\u0131 biliyor. Yedek par\u00e7a konusunda da kendisini kan\u0131tlam\u0131\u015f bir\u00e7ok firmam\u0131z bulunuyor. Yerli otomobil tesisinde \u00e7al\u0131\u015facak teknik ve kalifiye personel temini a\u00e7\u0131s\u0131ndan da herhangi bir s\u0131k\u0131nt\u0131 ya\u015fanaca\u011f\u0131n\u0131 d\u00fc\u015f\u00fcnm\u00fcyorum. Bursa, bu yat\u0131r\u0131m i\u00e7in en do\u011fru adres olmu\u015ftur. Yerli otomobil \u00fcretim tesislerinde 4 bin 300 civar\u0131nda personel \u00e7al\u0131\u015facak. Bu personel i\u00e7erisinde kad\u0131n istihdam\u0131na \u00f6zel \u00f6nem g\u00f6sterilmesini rica ediyorum&#8221; \u015feklinde konu\u015ftu.<\/p>\n<p>&#8220;\u00dcniversite olarak her t\u00fcrl\u00fc sorumluluk ve g\u00f6revi \u00fcstlenmeye haz\u0131r\u0131z&#8221;<\/p>\n<p>Bursa Uluda\u011f \u00dcniversitesi Rekt\u00f6r\u00fc Prof. Dr. Ahmet Saim K\u0131lavuz, &#8220;\u00dcniversite olarak her t\u00fcrl\u00fc sorumluluk ve g\u00f6revi \u00fcstlenmeye haz\u0131r\u0131z. Kentimizin otomotiv sekt\u00f6r\u00fcnde uzun y\u0131llara dayanan bir deneyimi bulunuyor. Her t\u00fcrl\u00fc altyap\u0131 imkan\u0131na da sahibiz. \u00dcniversitemiz, akademisyenlerimiz ve Otomotiv M\u00fchendisli\u011fi B\u00f6l\u00fcm\u00fcm\u00fcz de bu konuda verilecek her t\u00fcrl\u00fc g\u00f6revi yerine getirmeye haz\u0131rd\u0131r. Kentimize ve \u00fclkemize hay\u0131rl\u0131 olmas\u0131n\u0131 diliyoruz. Kentimize bu yat\u0131r\u0131m\u0131n kazand\u0131r\u0131lmas\u0131na vesile olan ba\u015fka Cumhurba\u015fkan\u0131m\u0131z Say\u0131n Recep Tayyip Erdo\u011fan olmak \u00fczere t\u00fcm yetkililere \u015f\u00fckranlar\u0131m\u0131z\u0131 iletiyoruz\u201d diye konu\u015ftu.<\/p>\n","protected":false},"excerpt":{"rendered":"<p>BURSA&#8217;NIN GEML\u0130K \u0130L\u00c7ES\u0130NDE \u00dcRET\u0130LECEK YERL\u0130 OTOMOB\u0130L\u0130N \u00dcRET\u0130M \u00dcSS\u00dc HAVADAN G\u00d6R\u00dcNT\u00dcLEND\u0130.<\/p>\n","protected":false},"author":1,"featured_media":248379,"comment_status":"closed","ping_status":"open","sticky":false,"template":"","format":"standard","meta":{"jetpack_post_was_ever_published":false,"_jetpack_newsletter_access":"","_jetpack_dont_email_post_to_subs":false,"_jetpack_newsletter_tier_id":0,"_jetpack_memberships_contains_paywalled_content":false,"_jetpack_memberships_contains_paid_content":false,"footnotes":"","jetpack_publicize_message":"","jetpack_publicize_feature_enabled":true,"jetpack_social_post_already_shared":true,"jetpack_social_options":{"image_generator_settings":{"template":"highway","default_image_id":0,"font":"","enabled":false},"version":2}},"categories":[1],"tags":[10256,3064,3515,21590,2187,18601,488],"class_list":["post-248378","post","type-post","status-publish","format-standard","has-post-thumbnail","hentry","category-genel","tag-gemlikte","tag-iste","tag-otomobilin","tag-uretilecek","tag-uretim","tag-ussu","tag-yeri"],"jetpack_publicize_connections":[],"jetpack_featured_media_url":"https:\/\/i0.wp.com\/www.tvturk.com\/wp-content\/uploads\/2019\/12\/iste-gemlikte-uretilecek-yeri-otomobilin-uretim-ussu_02fc328.jpg?fit=1000%2C499","jetpack_sharing_enabled":true,"jetpack_shortlink":"https:\/\/wp.me\/paKIfm-12C6","_links":{"self":[{"href":"http:\/\/www.tvturk.com\/index.php\/wp-json\/wp\/v2\/posts\/248378","targetHints":{"allow":["GET"]}}],"collection":[{"href":"http:\/\/www.tvturk.com\/index.php\/wp-json\/wp\/v2\/posts"}],"about":[{"href":"http:\/\/www.tvturk.com\/index.php\/wp-json\/wp\/v2\/types\/post"}],"author":[{"embeddable":true,"href":"http:\/\/www.tvturk.com\/index.php\/wp-json\/wp\/v2\/users\/1"}],"replies":[{"embeddable":true,"href":"http:\/\/www.tvturk.com\/index.php\/wp-json\/wp\/v2\/comments?post=248378"}],"version-history":[{"count":0,"href":"http:\/\/www.tvturk.com\/index.php\/wp-json\/wp\/v2\/posts\/248378\/revisions"}],"wp:featuredmedia":[{"embeddable":true,"href":"http:\/\/www.tvturk.com\/index.php\/wp-json\/wp\/v2\/media\/248379"}],"wp:attachment":[{"href":"http:\/\/www.tvturk.com\/index.php\/wp-json\/wp\/v2\/media?parent=248378"}],"wp:term":[{"taxonomy":"category","embeddable":true,"href":"http:\/\/www.tvturk.com\/index.php\/wp-json\/wp\/v2\/categories?post=248378"},{"taxonomy":"post_tag","embeddable":true,"href":"http:\/\/www.tvturk.com\/index.php\/wp-json\/wp\/v2\/tags?post=248378"}],"curies":[{"name":"wp","href":"https:\/\/api.w.org\/{rel}","templated":true}]}}