{"id":248588,"date":"2019-12-28T10:47:17","date_gmt":"2019-12-28T07:47:17","guid":{"rendered":"http:\/\/www.tvturk.com\/index.php\/kirk-yalan-filmine-izmirde-ozel-gala\/"},"modified":"2019-12-28T10:47:17","modified_gmt":"2019-12-28T07:47:17","slug":"kirk-yalan-filmine-izmirde-ozel-gala","status":"publish","type":"post","link":"http:\/\/www.tvturk.com\/index.php\/kirk-yalan-filmine-izmirde-ozel-gala\/","title":{"rendered":"&#8220;K\u0131rk Yalan&#8221; filmine \u0130zmir\u2019de \u00f6zel gala"},"content":{"rendered":"<p>Y\u0131l\u0131n en komik filmlerinden biri olarak g\u00f6sterilen \u201cK\u0131rk Yalan\u201d filmi i\u00e7in \u0130zmir Optimum\u2019da \u00f6zel bir gala program\u0131 ger\u00e7ekle\u015ftirildi. Film ekibi, seyircilerle bulu\u015farak s\u00f6yle\u015fi yapt\u0131.<\/p>\n<p>\u201cK\u0131rk Yalan\u201d filmi i\u00e7in \u0130zmir Optimum Al\u0131\u015fveri\u015f Merkezinde \u00f6zel bir gala ger\u00e7ekle\u015ftirildi. Galaya, filmin y\u00f6netmeni Hamdi Alkan ve ba\u015frol oyuncular\u0131 Timur Acar, Ferdi Sancar ve Melis Sabah kat\u0131ld\u0131. G\u00f6sterim \u00f6ncesinde film ekibi ziyaret\u00e7ilerle s\u00f6yle\u015fi ger\u00e7ekle\u015ftirdi.<\/p>\n<p>Filmin y\u00f6netmeni Hamdi Alkan, filmin T\u00fcrkiye\u2019deki son oyunculu g\u00f6steriminin \u0130zmir\u2019de oldu\u011funu ve \u0130zmir\u2019in kendileri i\u00e7in \u00e7ok \u00f6zel bir yer oldu\u011funu s\u00f6yledi. Bu sene vizyona \u00e7ok fazla film girdi\u011fini belirten Alkan, &#8220;K\u0131rk Yalan filmi de bunlardan biri ama \u00e7ok keyifli ve samimi bir film oldu. Seyircimiz de \u00e7ok tevecc\u00fch g\u00f6sterdi. Birbirinden k\u0131ymetli sanat\u00e7\u0131 arkada\u015flar\u0131m filmde g\u00f6rev ald\u0131. K\u0131rklareli\u2019nin P\u0131narhisar il\u00e7esinde ge\u00e7en ve 4 kafadar\u0131n ba\u015f\u0131ndan ge\u00e7en maceralar\u0131 anlatan bir film. Seyirci taraf\u0131ndan sevildi. Biz de keyifli ve insanlar\u0131n izledikleri zaman mutlu olacaklar\u0131 bir film yapt\u0131\u011f\u0131m\u0131za inan\u0131yoruz&#8221; dedi.<\/p>\n<p>&#8220;K\u0131rklareli\u2019yi tan\u0131tmak gurur verici&#8221;<\/p>\n<p>Filmde \u2019Halime\u2019 karakterini canland\u0131ran oyuncu Melis Sabah ise &#8220;T\u00fcrkiye\u2019nin farkl\u0131 co\u011frafyalar\u0131nda farkl\u0131 insanlarla bu heyecan\u0131 payla\u015fmak \u00e7ok g\u00fczeldi benim i\u00e7in. \u00d6zellikle K\u0131rklareli gibi bir co\u011frafyay\u0131 farkl\u0131 \u015fehirlerde tan\u0131tmak \u00e7ok gurur verici bir \u015feydi&#8221; ifadelerini kulland\u0131.<\/p>\n<p>&#8220;K\u0131rk Yalan&#8221; ekibi Avrupa\u2019ya a\u00e7\u0131l\u0131yor<\/p>\n<p>Filmin ba\u015frol oyuncular\u0131nda Timur Acar, yakla\u015f\u0131k 1,5 ay gibi bir s\u00fcrede samimi bir film \u00e7ektiklerini belirterek, &#8220;4 kafadar arkada\u015f\u0131n ba\u015f\u0131nda ge\u00e7enler anlatan ve bu hikayenin sonunda da s\u00fcrprizle sonu\u00e7lanan film. Seyircimizle bulu\u015fmaya devam ediyoruz. \u0130zmir, oyunculu g\u00f6sterim olarak son \u015fehirdi T\u00fcrkiye\u2019de. Bundan sonra Avrupa\u2019ya do\u011fru bir yolculuk yapaca\u011f\u0131z gibi g\u00f6r\u00fcn\u00fcyor. Gelen seyircilerimize te\u015fekk\u00fcr ederiz. Filmi izledikleri zaman e\u011flenceli bir zaman ge\u00e7ireceklerini d\u00fc\u015f\u00fcn\u00fcyorum&#8221; \u015feklinde konu\u015ftu.<\/p>\n<p>&#8220;T\u00fcrk filmleri desteklenmeli&#8221;<\/p>\n<p>Filmde \u2019Koray\u2019 karakterini oynayan oyuncu Ferdi Sancar, T\u00fcrk filmlerine bir seyirci olarak da m\u00fcmk\u00fcn mertebe destek olmaya \u00e7al\u0131\u015ft\u0131\u011f\u0131n\u0131 ve deste\u011fin devam etti\u011fi s\u00fcrece daha da farkl\u0131 T\u00fcrk filmlerinin vizyona girece\u011fini s\u00f6yledi. K\u0131rk Yalan filminde Hamdi Alkan\u2019\u0131n oyunculara \u00e7ok yard\u0131mc\u0131 oldu\u011funu ifade eden Sancar, &#8220;B\u00fct\u00fcn oyuncu arkada\u015flar\u0131m\u0131z birbirlerini desteklediler. Biz bir aile gibi sanki orada y\u0131llarca ya\u015f\u0131yormu\u015fuz gibi film \u00e7ektik. S\u0131cak bir hikaye oldu ve umar\u0131m seyircimize de s\u0131cak bir ge\u00e7i\u015fi olur. \u015eu ana kadar ki ald\u0131\u011f\u0131m\u0131z geri d\u00f6n\u00fc\u015flerin hepsi \u00e7ok iyi. Takdir izleyicimizin, in\u015fallah gi\u015fesi bol olur ve biz de bu tarz filmleri, bunun devam\u0131n\u0131 belki de \u00e7ekmeye devam ederiz. \u0130zmir halk\u0131na da bizi a\u011f\u0131rlad\u0131klar\u0131 i\u00e7in buradan \u00e7ok te\u015fekk\u00fcr ederiz&#8221; dedi.<\/p>\n<p>Yo\u011fun kat\u0131l\u0131m\u0131n ya\u015fand\u0131\u011f\u0131 galada, film ekibi daha sonra seyircilerle birlikte filmi izledi.<\/p>\n","protected":false},"excerpt":{"rendered":"<p>YILIN EN KOM\u0130K F\u0130LMLER\u0130NDEN B\u0130R\u0130 OLARAK G\u00d6STER\u0130LEN \u201cKIRK YALAN\u201d F\u0130LM\u0130 \u0130\u00c7\u0130N \u0130ZM\u0130R OPT\u0130MUM\u2019DA \u00d6ZEL B\u0130R GALA PROGRAMI GER\u00c7EKLE\u015eT\u0130R\u0130LD\u0130. F\u0130LM EK\u0130B\u0130, SEY\u0130RC\u0130LERLE BULU\u015eARAK S\u00d6YLE\u015e\u0130 YAPTI.<\/p>\n","protected":false},"author":1,"featured_media":248589,"comment_status":"closed","ping_status":"open","sticky":false,"template":"","format":"standard","meta":{"jetpack_post_was_ever_published":false,"_jetpack_newsletter_access":"","_jetpack_dont_email_post_to_subs":false,"_jetpack_newsletter_tier_id":0,"_jetpack_memberships_contains_paywalled_content":false,"_jetpack_memberships_contains_paid_content":false,"footnotes":"","jetpack_publicize_message":"","jetpack_publicize_feature_enabled":true,"jetpack_social_post_already_shared":true,"jetpack_social_options":{"image_generator_settings":{"template":"highway","default_image_id":0,"font":"","enabled":false},"version":2}},"categories":[656],"tags":[1073,29594,9429,1554,49913,13315],"class_list":["post-248588","post","type-post","status-publish","format-standard","has-post-thumbnail","hentry","category-kultur-sanat","tag-ozel","tag-filmine","tag-gala","tag-izmirde","tag-kirk","tag-yalan"],"jetpack_publicize_connections":[],"jetpack_featured_media_url":"https:\/\/i0.wp.com\/www.tvturk.com\/wp-content\/uploads\/2019\/12\/kirk-yalan-filmine-izmirde-ozel-gala_ad6ce37.jpg?fit=1000%2C666","jetpack_sharing_enabled":true,"jetpack_shortlink":"https:\/\/wp.me\/paKIfm-12Fu","_links":{"self":[{"href":"http:\/\/www.tvturk.com\/index.php\/wp-json\/wp\/v2\/posts\/248588","targetHints":{"allow":["GET"]}}],"collection":[{"href":"http:\/\/www.tvturk.com\/index.php\/wp-json\/wp\/v2\/posts"}],"about":[{"href":"http:\/\/www.tvturk.com\/index.php\/wp-json\/wp\/v2\/types\/post"}],"author":[{"embeddable":true,"href":"http:\/\/www.tvturk.com\/index.php\/wp-json\/wp\/v2\/users\/1"}],"replies":[{"embeddable":true,"href":"http:\/\/www.tvturk.com\/index.php\/wp-json\/wp\/v2\/comments?post=248588"}],"version-history":[{"count":0,"href":"http:\/\/www.tvturk.com\/index.php\/wp-json\/wp\/v2\/posts\/248588\/revisions"}],"wp:featuredmedia":[{"embeddable":true,"href":"http:\/\/www.tvturk.com\/index.php\/wp-json\/wp\/v2\/media\/248589"}],"wp:attachment":[{"href":"http:\/\/www.tvturk.com\/index.php\/wp-json\/wp\/v2\/media?parent=248588"}],"wp:term":[{"taxonomy":"category","embeddable":true,"href":"http:\/\/www.tvturk.com\/index.php\/wp-json\/wp\/v2\/categories?post=248588"},{"taxonomy":"post_tag","embeddable":true,"href":"http:\/\/www.tvturk.com\/index.php\/wp-json\/wp\/v2\/tags?post=248588"}],"curies":[{"name":"wp","href":"https:\/\/api.w.org\/{rel}","templated":true}]}}