{"id":248993,"date":"2019-12-29T09:31:29","date_gmt":"2019-12-29T06:31:29","guid":{"rendered":"http:\/\/www.tvturk.com\/index.php\/yetim-cocuklari-musdan-getirip-bursada-saglik-taramasindan-gecirdiler\/"},"modified":"2019-12-29T09:31:29","modified_gmt":"2019-12-29T06:31:29","slug":"yetim-cocuklari-musdan-getirip-bursada-saglik-taramasindan-gecirdiler","status":"publish","type":"post","link":"http:\/\/www.tvturk.com\/index.php\/yetim-cocuklari-musdan-getirip-bursada-saglik-taramasindan-gecirdiler\/","title":{"rendered":"Yetim \u00e7ocuklar\u0131 Mu\u015f\u2019dan getirip Bursa\u2019da sa\u011fl\u0131k taramas\u0131ndan ge\u00e7irdiler"},"content":{"rendered":"<p>T\u00fcm T\u00fcrkiye Bulan\u0131kl\u0131lar E\u011fitim K\u00fclt\u00fcr Sevgi Yard\u0131mla\u015fma ve Dayan\u0131\u015fma Derne\u011fi (T\u00dcMBULSEVDER), sosyal sorumluluk projesi kapsam\u0131nda Mu\u015f\u2019tan 50 yetim ve \u00f6ks\u00fcz \u00e7ocu\u011fu Bursa\u2019ya getirip sa\u011fl\u0131k taramas\u0131ndan ge\u00e7irtti.<\/p>\n<p>T\u00fcm T\u00fcrkiye Bulan\u0131kl\u0131lar E\u011fitim K\u00fclt\u00fcr Sevgi Yard\u0131mla\u015fma ve Dayan\u0131\u015fma Derne\u011fi (T\u00dcMBULSEVDER), \u2019Yetimi G\u00fcld\u00fcr ki Sen de G\u00fclesin\u2019 projesi ile Mu\u015f Bulan\u0131k\u2019tan 50 \u00f6ks\u00fcz ve yetim \u00e7ocu\u011fu Bursa\u2019ya getirdi. Bursa\u2019n\u0131n tarihi ve k\u00fclt\u00fcrel mekanlar\u0131n\u0131 gezen \u00f6\u011frenciler, Bursa Verem Sava\u015f Dernek Ba\u015fkanl\u0131\u011f\u0131nda kan al\u0131n\u0131p r\u00f6ntgen filmi \u00e7ekilerek sa\u011fl\u0131k taramas\u0131ndan ge\u00e7irildi. Dernek Ba\u015fkan\u0131 Dr. Timur Y\u0131ld\u0131z, Mu\u015f\u2019tan Bursa\u2019ya gelen yetim ve \u00f6ks\u00fcz \u00e7ocuklarla tek tek ilgilendi.<\/p>\n<p>T\u00fcm T\u00fcrkiye Bulan\u0131kl\u0131lar E\u011fitim K\u00fclt\u00fcr Sevgi Yard\u0131mla\u015fma ve Dayan\u0131\u015fma Derne\u011fi (T\u00dcMBULSEVDER) Ba\u015fkan\u0131 Selahattin Turan, &#8220;Dernek olarak haz\u0131rlam\u0131\u015f oldu\u011fumuz projeydi. Bulan\u0131k\u2019tan Bursa\u2019ya karde\u015flik k\u00f6pr\u00fcs\u00fc kurduk. \u0130\u00e7i\u015fleri Bakan\u0131 S\u00fcleyman Soylu ba\u015fkanl\u0131\u011f\u0131nda toplanan kurul, projemiz onayland\u0131. Bu proje kapsam\u0131nda buraya gelen karde\u015flerimizin mutlulu\u011fu i\u00e7in her t\u00fcrl\u00fc katk\u0131lar\u0131m\u0131z\u0131 yapt\u0131k.  Bursa\u2019n\u0131n tarihi ve k\u00fclt\u00fcrel yerlerini gezdirerek gen\u00e7lerimize unutamayacaklar\u0131 bir program d\u00fczenledik. Bursa\u2019da sa\u011fl\u0131k taramas\u0131ndan ge\u00e7meden gitmesinler diyerek onlar\u0131 Bursa Verem Sava\u015f Derne\u011fine getirerek sa\u011fl\u0131k taramas\u0131ndan ge\u00e7irdik. Bu imkan\u0131 bize sunan Dernek Ba\u015fkan\u0131 Dr. Timur Y\u0131ld\u0131z hocama ekibine \u00e7ok te\u015fekk\u00fcr ediyorum&#8221; dedi.<\/p>\n<p>Bursa Verem Sava\u015f Derne\u011fi Ba\u015fkan\u0131 Dr. Timur Y\u0131ld\u0131z, &#8220;Derne\u011fimiz kamu yarar\u0131na bir dernektir. Mu\u015f Bulan\u0131k il\u00e7esinden ilimize gelen \u00f6\u011frenci karde\u015flerimize ne yapabilirizin d\u00fc\u015f\u00fcncesi i\u00e7erisinde karde\u015flerimizi sa\u011fl\u0131k taramas\u0131ndan ge\u00e7irdik&#8221; diye konu\u015ftu.<\/p>\n<p>Sa\u011fl\u0131k taramas\u0131ndan ge\u00e7en \u00f6\u011frenciler ise, &#8220;Bursa\u2019da olmaktan \u00e7ok mutluyuz. Bug\u00fcn sa\u011fl\u0131k taramas\u0131ndan ge\u00e7tik. Bu zamana kadar hi\u00e7 bu kadar detayl\u0131 sa\u011fl\u0131k taramas\u0131ndan ge\u00e7medik. Bize bu imkan\u0131 sunan herkese te\u015fekk\u00fcr ederiz&#8221; \u015feklinde konu\u015ftu.<\/p>\n","protected":false},"excerpt":{"rendered":"<p>YET\u0130M \u00c7OCUKLARI MU\u015e&#8217;DAN GET\u0130R\u0130P BURSA&#8217;DA SA\u011eLIK TARAMASINDAN GE\u00c7\u0130RD\u0130LER<\/p>\n","protected":false},"author":1,"featured_media":248994,"comment_status":"closed","ping_status":"open","sticky":false,"template":"","format":"standard","meta":{"jetpack_post_was_ever_published":false,"_jetpack_newsletter_access":"","_jetpack_dont_email_post_to_subs":false,"_jetpack_newsletter_tier_id":0,"_jetpack_memberships_contains_paywalled_content":false,"_jetpack_memberships_contains_paid_content":false,"footnotes":"","jetpack_publicize_message":"","jetpack_publicize_feature_enabled":true,"jetpack_social_post_already_shared":true,"jetpack_social_options":{"image_generator_settings":{"template":"highway","default_image_id":0,"font":"","enabled":false},"version":2}},"categories":[1],"tags":[1032,139,3806,21442,61818,734,12448,14315],"class_list":["post-248993","post","type-post","status-publish","format-standard","has-post-thumbnail","hentry","category-genel","tag-bursada","tag-cocuklari","tag-gecirdiler","tag-getirip","tag-musdan","tag-saglik","tag-taramasindan","tag-yetim"],"jetpack_publicize_connections":[],"jetpack_featured_media_url":"https:\/\/i0.wp.com\/www.tvturk.com\/wp-content\/uploads\/2019\/12\/yetim-cocuklari-musdan-getirip-bursada-saglik-taramasindan-gecirdiler_39df5e3.jpg?fit=1000%2C562","jetpack_sharing_enabled":true,"jetpack_shortlink":"https:\/\/wp.me\/paKIfm-12M1","_links":{"self":[{"href":"http:\/\/www.tvturk.com\/index.php\/wp-json\/wp\/v2\/posts\/248993","targetHints":{"allow":["GET"]}}],"collection":[{"href":"http:\/\/www.tvturk.com\/index.php\/wp-json\/wp\/v2\/posts"}],"about":[{"href":"http:\/\/www.tvturk.com\/index.php\/wp-json\/wp\/v2\/types\/post"}],"author":[{"embeddable":true,"href":"http:\/\/www.tvturk.com\/index.php\/wp-json\/wp\/v2\/users\/1"}],"replies":[{"embeddable":true,"href":"http:\/\/www.tvturk.com\/index.php\/wp-json\/wp\/v2\/comments?post=248993"}],"version-history":[{"count":0,"href":"http:\/\/www.tvturk.com\/index.php\/wp-json\/wp\/v2\/posts\/248993\/revisions"}],"wp:featuredmedia":[{"embeddable":true,"href":"http:\/\/www.tvturk.com\/index.php\/wp-json\/wp\/v2\/media\/248994"}],"wp:attachment":[{"href":"http:\/\/www.tvturk.com\/index.php\/wp-json\/wp\/v2\/media?parent=248993"}],"wp:term":[{"taxonomy":"category","embeddable":true,"href":"http:\/\/www.tvturk.com\/index.php\/wp-json\/wp\/v2\/categories?post=248993"},{"taxonomy":"post_tag","embeddable":true,"href":"http:\/\/www.tvturk.com\/index.php\/wp-json\/wp\/v2\/tags?post=248993"}],"curies":[{"name":"wp","href":"https:\/\/api.w.org\/{rel}","templated":true}]}}