{"id":249011,"date":"2019-12-29T10:16:28","date_gmt":"2019-12-29T07:16:28","guid":{"rendered":"http:\/\/www.tvturk.com\/index.php\/pistten-cikan-ucak-bir-ilcenin-basina-dert-oldu\/"},"modified":"2019-12-29T10:16:28","modified_gmt":"2019-12-29T07:16:28","slug":"pistten-cikan-ucak-bir-ilcenin-basina-dert-oldu","status":"publish","type":"post","link":"http:\/\/www.tvturk.com\/index.php\/pistten-cikan-ucak-bir-ilcenin-basina-dert-oldu\/","title":{"rendered":"Pistten \u00e7\u0131kan u\u00e7ak bir il\u00e7enin ba\u015f\u0131na dert oldu"},"content":{"rendered":"<p>Pegasus Havayolar\u0131\u2019n\u0131n Ankara-Trabzon seferini yaparken 13 Ocak 2018 ak\u015fam\u0131 Trabzon Havaliman\u0131\u2019na ini\u015f yapt\u0131\u011f\u0131 s\u0131rada pistten \u00e7\u0131kan, kazan\u0131n ard\u0131ndan da t\u0131rlarla ta\u015f\u0131nd\u0131\u011f\u0131 Trabzon\u2019un Yomra il\u00e7esinde kaderine terk edilen yolcu u\u00e7a\u011f\u0131 Yomra il\u00e7esinin ba\u015f\u0131na dert oldu.<\/p>\n<p>D\u00f6nemin Yomra Belediye Ba\u015fkan\u0131 \u0130brahim Sa\u011f\u0131ro\u011flu taraf\u0131ndan \u2019Millet K\u0131raathanesi\u2019 yap\u0131laca\u011f\u0131 vaadiyle il\u00e7eye getirilerek pazar yerine b\u0131rak\u0131lan, u\u00e7ak \u00e7\u00f6pler aras\u0131nda adeta \u00e7\u00fcr\u00fcmeye y\u00fcz tutarken ak\u0131betinin ne olaca\u011f\u0131 hen\u00fcz netle\u015fmedi. Yakla\u015f\u0131k 15 ayd\u0131r Pazar yerinde bekletilen u\u00e7akla ilgili \u00e7evre sakinleri, u\u00e7a\u011f\u0131n \u00e7evre kirlili\u011fi olu\u015fturdu\u011funu belirterek bir an \u00f6nce bulundu\u011fu yerden kald\u0131r\u0131larak farkl\u0131 alanlarda de\u011ferlendirilmesini istedi.<\/p>\n<p>Konuyla ilgili a\u00e7\u0131klamalarda bulunan Yomra Belediye Ba\u015fkan\u0131 Mustafa B\u0131y\u0131k, u\u00e7a\u011f\u0131n ba\u015flar\u0131na bela oldu\u011funu belirterek bir \u00e7ok proje \u00fczerinde \u00e7al\u0131\u015ft\u0131klar\u0131n\u0131 ancak ak\u0131beti konusunda kesin karar vermediklerini ifade ederek u\u00e7a\u011f\u0131n seneye bu zamanda bulundu\u011fu yerde olmayaca\u011f\u0131n\u0131 s\u00f6yledi.<\/p>\n<p>U\u00e7a\u011f\u0131n, restorana d\u00f6n\u00fc\u015ft\u00fcr\u00fclmesi konusunda \u015fu ana kadar bir \u00e7ok talebin geldi\u011fini ve son olarak Trabzon B\u00fcy\u00fck\u015fehir Belediye Ba\u015fkan\u0131 Murat Zorluo\u011flu ile ortakla\u015fa bir projede kullan\u0131lmas\u0131 noktas\u0131ndaki d\u00fc\u015f\u00fcncelerini payla\u015ft\u0131klar\u0131n\u0131 ifade eden Ba\u015fkan B\u0131y\u0131k, Yomra Belediyesi olarak u\u00e7a\u011f\u0131 de\u011ferlendirecek durumda olmad\u0131klar\u0131n\u0131 belirterek, \u201cU\u011fra\u015f\u0131p duruyoruz. Bizim de ba\u015f\u0131m\u0131za bela oldu\u201d dedi.<\/p>\n<p>&#8220;U\u00e7a\u011f\u0131n halini g\u00f6ren vazge\u00e7iyor&#8221;<\/p>\n<p>Taliplilerinin u\u00e7a\u011f\u0131n halini g\u00f6rd\u00fckten sonra vazge\u00e7tiklerini dile getiren Ba\u015fkan B\u0131y\u0131k, \u201cU\u00e7akla ilgili bir \u00e7ok proje \u00fczerinde \u00e7al\u0131\u015ft\u0131k. \u2019Oyuncak m\u00fczesi yapal\u0131m\u2019 dedik. Bu konuda ba\u015fvurdu\u011fumuz \u015firketler, \u00e7ok k\u00fc\u00e7\u00fck buldular, \u2019Verimli olmaz\u2019 dediler. Restoran i\u00e7in \u00e7ok \u00e7e\u015fitli taleplerle gelen oldu ancak u\u00e7a\u011f\u0131n halini g\u00f6r\u00fcnce \u00e7ok talepkar olmad\u0131lar. \u00c7\u00fcnk\u00fc i\u00e7erisinin masraf y\u00f6n\u00fcnden maliyeti \u00e7ok y\u00fcksek olaca\u011f\u0131ndan vazge\u00e7tiler. Bu konuda bize 3-5 ki\u015fi m\u00fcracaat etti ancak sonradan hepsi vazge\u00e7ti\u201d diye konu\u015ftu.<\/p>\n<p>&#8220;Belediye olarak de\u011ferlendirecek durumda de\u011filiz&#8221;<\/p>\n<p>U\u00e7a\u011f\u0131n yakla\u015f\u0131k 1,5 milyon TL kadar masraf\u0131 olaca\u011f\u0131ndan Yomra Belediyesi olarak bu kadar paray\u0131 u\u00e7ak i\u00e7in harcamay\u0131 d\u00fc\u015f\u00fcnmediklerini kaydeden B\u0131y\u0131k, \u201cYomra Belediyesi olarak \u015fu an u\u00e7a\u011f\u0131  de\u011ferlendirebilecek bir durumda de\u011filiz. U\u00e7ak orada hurda halinde kalm\u0131\u015f,  i\u00e7erisi de d\u0131\u015far\u0131s\u0131 da bitmi\u015f vaziyette. Yapt\u0131\u011f\u0131m\u0131z fizibilite \u00e7al\u0131\u015fmas\u0131na  g\u00f6re u\u00e7a\u011f\u0131n 1,5 milyon TL\u2019ye yak\u0131n bir masraf\u0131 var. Yani u\u00e7a\u011f\u0131n konulaca\u011f\u0131 alan\u0131 olsun, yeniden kanatlar\u0131, kuyru\u011fu, burnu olsun i\u00e7erisinin dekorasyonu yakla\u015f\u0131k 1,5 milyonu buluyor. Yomra Belediyesi olarak a\u00e7\u0131k\u00e7as\u0131 bu paray\u0131 u\u00e7a\u011fa harcamay\u0131 d\u00fc\u015f\u00fcnm\u00fcyoruz. \u00c7\u00fcnk\u00fc \u00e7ok rantabl kullan\u0131lacak bir durumu olmaz\u201d \u015feklinde konu\u015ftu.<\/p>\n<p>&#8220;B\u00fcy\u00fck\u015fehir ile u\u00e7ak konusunda d\u00fc\u015f\u00fcncelerimizi payla\u015ft\u0131k&#8221;<\/p>\n<p>Trabzon B\u00fcy\u00fck\u015fehir Belediye Ba\u015fkan\u0131 Murat Zorluo\u011flu\u2019na u\u00e7akla ilgili d\u00fc\u015f\u00fcncelerini iletti\u011fini belirten B\u0131y\u0131k, \u201c\u015eu ana kadar yat\u0131r\u0131mc\u0131 bekledik ama bir yat\u0131r\u0131mc\u0131yla da kar\u015f\u0131la\u015fmad\u0131k. En son B\u00fcy\u00fck\u015fehir Belediye Ba\u015fkan\u0131m\u0131zla bunun, ortakla\u015fa bir projede kullan\u0131lmas\u0131 noktas\u0131ndaki d\u00fc\u015f\u00fcncelerimizi payla\u015ft\u0131k. \u0130n\u015fallah kendileri bir proje yaparsa u\u00e7a\u011f\u0131n Trabzon s\u0131n\u0131rlar\u0131 i\u00e7erisinde d\u00fczg\u00fcn bir ama\u00e7la kullan\u0131labilmesini de sa\u011flam\u0131\u015f oluruz. Bu \u015fekilde de durmas\u0131n\u0131 engellemi\u015f oluruz. Onun i\u00e7in m\u00fccadele ediyoruz. Vatanda\u015f da \u00e7ok merak ediyor. \u2019Ne olacak bu?\u2019 diye Bizim 1,5 milyon TL param\u0131z olsa yapacak oldu\u011fumuz  bir s\u00fcr\u00fc belediyecilik hizmetimiz var onlar\u0131 yapar\u0131z. O paray\u0131 bu u\u00e7a\u011fa harcayamay\u0131z. K\u0131sa bir s\u00fcre i\u00e7erisinde bir \u00e7\u00f6z\u00fcm bulaca\u011f\u0131z. Hi\u00e7bir \u00e7\u00f6z\u00fcm bulamazsak bir k\u00f6\u015feye \u00e7ekip ekonomik durumumuzu toparlad\u0131ktan sonra de\u011ferlendirece\u011fiz. Ne taraf\u0131ndan baksan\u0131z bir \u00e7\u00f6z\u00fcm bulam\u0131yoruz\u201d ifadelerini kulland\u0131.<\/p>\n<p>&#8220;Denize bat\u0131rmay\u0131 da d\u00fc\u015f\u00fcn\u00fcyoruz&#8221;<\/p>\n<p>U\u00e7akla ilgili projeleri aras\u0131nda denize bat\u0131rma fikrinin de oldu\u011funu belirten Ba\u015fkan B\u0131y\u0131k, \u201cBununla ilgili bize bir teklif geldi. Karadeniz B\u00f6lgesinde dalg\u0131\u00e7lar\u0131n kullan\u0131m\u0131 i\u00e7in b\u00f6yle bir bat\u0131k olmad\u0131\u011f\u0131ndan bu d\u00fc\u015f\u00fcnceyi hayata ge\u00e7irebiliriz. B\u00fcy\u00fck\u015fehir Belediyemizle sosyal alanda kullan\u0131lmas\u0131 noktas\u0131nda e\u011fer bir sonu\u00e7 alamazsak belki son d\u00fc\u015f\u00fcnce olarak bunu yapabiliriz. Tam olarak karar\u0131m\u0131z belli de\u011fil. Bu belki \u00fc\u00e7 d\u00f6rt ay\u0131 bulur. Fizibilitesinin yap\u0131lmas\u0131, maliyetinin \u00e7\u0131kart\u0131lmas\u0131 zaman alacak olan bir \u015fey. Seneye bu zamanlara kadar bu u\u00e7ak olumlu ya da olumsuz burada olmayacakt\u0131r. Bunu, ya bir sosyal alanda de\u011ferlendirmi\u015f olaca\u011f\u0131z yada hi\u00e7bir \u015fey yapamazsak bat\u0131k m\u0131 yapar\u0131z, hurdac\u0131ya m\u0131 satar\u0131z, ne yapar\u0131z ona bakaca\u011f\u0131z. Ke\u015fke imkan olsa u\u00e7a\u011f\u0131n genel durumunu insanlara anlatabilmi\u015f olsak. U\u00e7ak denilince insanlar havaliman\u0131nda binilen u\u00e7ak diye d\u00fc\u015f\u00fcn\u00fcyor. U\u011fra\u015f\u0131yoruz bizim de ba\u015f\u0131m\u0131za bela oldu. Vatanda\u015f\u0131m\u0131z\u0131n da u\u00e7akla ilgili bizden bir yerde kullan\u0131ls\u0131n beklentisi de yok\u201d dedi.<\/p>\n<p>Kazan\u0131n ge\u00e7mi\u015fi<\/p>\n<p>Ankara-Trabzon seferini yapan Pegasus Havayollar\u0131\u2019na ait 162 yolcu ve 6 m\u00fcrettebat\u0131n oldu\u011fu Boeing 737-800 tipi yolcu u\u00e7a\u011f\u0131, 13 Ocak 2018 Cumartesi g\u00fcn\u00fc saat 23.30 s\u0131ralar\u0131nda Trabzon Havaliman\u0131\u2019na ini\u015f yapt\u0131\u011f\u0131 s\u0131rada kontrolden \u00e7\u0131karak pistin kuzey y\u00f6n\u00fcnde deniz taraf\u0131na y\u00f6neldi. U\u00e7ak, ini\u015f tak\u0131mlar\u0131n\u0131n bal\u00e7\u0131\u011fa saplanmas\u0131 sonucu denize 25 metre kala durabildi. Kazada yolcular sa\u011f salim kurtar\u0131l\u0131rken, u\u00e7ak 20 saat s\u00fcren operasyonla sapland\u0131\u011f\u0131 yerden kurtar\u0131larak Trabzon Havaliman\u0131\u2019nda g\u00fcvenli bir b\u00f6lgeye \u00e7ekildi. Trabzon Havaliman\u0131 apronunda aylarca taksi pozisyonunda bekletilen u\u00e7a\u011f\u0131n sigorta \u015firketi taraf\u0131ndan ihaleye \u00e7\u0131kar\u0131lmas\u0131 ve bir firma taraf\u0131ndan ihalesinin al\u0131nmas\u0131 sonras\u0131nda 23 Temmuz 2018 tarihinde s\u00f6k\u00fcm i\u015flemlerine ba\u015fland\u0131. S\u00f6k\u00fcm i\u015flemlerinin ard\u0131ndan Trabzon\u2019un Yomra Belediyesi u\u00e7a\u011f\u0131n \u2018Millet K\u0131raathanesi\u2019 olmas\u0131 i\u00e7in Ticaret Bakanl\u0131\u011f\u0131 G\u00fcmr\u00fckler Genel M\u00fcd\u00fcrl\u00fc\u011f\u00fcne ba\u015fvuruda bulundu. Bu ba\u015fvurusu onaylanan belediye, u\u00e7a\u011f\u0131n teslim i\u015flemini ger\u00e7ekle\u015ftirdi. U\u00e7a\u011f\u0131n il\u00e7ede belirlenen bir alanda hizmet vermesi i\u00e7in 29 Eyl\u00fcl 2018 g\u00fcn\u00fc \u00f6zel bir firma taraf\u0131ndan u\u00e7a\u011f\u0131n kanatlar\u0131 s\u00f6k\u00fclerek bir t\u0131ra, u\u00e7a\u011f\u0131n g\u00f6vdesi ise 11 dingil ve 42 tekerden olu\u015fan yer dorsesine y\u00fcklendi. Trabzon Havaliman\u0131 apronundan \u00e7\u0131kart\u0131lan u\u00e7ak, yakla\u015f\u0131k 15 kilometre uzakl\u0131ktaki il\u00e7eye 4 saatte karayolu ile ta\u015f\u0131nd\u0131. 35 metre uzunlu\u011funda, 18 ton a\u011f\u0131rl\u0131\u011f\u0131ndaki u\u00e7ak, \u2018Millet K\u0131raathanesi\u2019 olarak hizmet vermesi i\u00e7in il\u00e7ede planlanan alana vin\u00e7 yard\u0131m\u0131yla konulmu\u015ftu.<\/p>\n","protected":false},"excerpt":{"rendered":"<p>PEGASUS HAVAYOLARI&#8217;NIN ANKARA-TRABZON SEFER\u0130N\u0130 YAPARKEN 13 OCAK 2018 AK\u015eAMI TRABZON HAVAL\u0130MANI\u2019NA \u0130N\u0130\u015e YAPTI\u011eI SIRADA P\u0130STTEN \u00c7IKAN, KAZANIN ARDINDAN DA TIRLARLA TA\u015eINDI\u011eI TRABZON\u2019UN YOMRA \u0130L\u00c7ES\u0130NDE KADER\u0130NE TERK ED\u0130LEN YOLCU U\u00c7A\u011eI YOMRA \u0130L\u00c7ES\u0130N\u0130N BA\u015eINA DERT OLDU.<\/p>\n","protected":false},"author":1,"featured_media":249012,"comment_status":"closed","ping_status":"open","sticky":false,"template":"","format":"standard","meta":{"jetpack_post_was_ever_published":false,"_jetpack_newsletter_access":"","_jetpack_dont_email_post_to_subs":false,"_jetpack_newsletter_tier_id":0,"_jetpack_memberships_contains_paywalled_content":false,"_jetpack_memberships_contains_paid_content":false,"footnotes":"","jetpack_publicize_message":"","jetpack_publicize_feature_enabled":true,"jetpack_social_post_already_shared":true,"jetpack_social_options":{"image_generator_settings":{"template":"highway","default_image_id":0,"font":"","enabled":false},"version":2}},"categories":[1],"tags":[5684,125,2114,21176,8071,77,25428,1911],"class_list":["post-249011","post","type-post","status-publish","format-standard","has-post-thumbnail","hentry","category-genel","tag-basina","tag-bir","tag-cikan","tag-dert","tag-ilcenin","tag-oldu","tag-pistten","tag-ucak"],"jetpack_publicize_connections":[],"jetpack_featured_media_url":"https:\/\/i0.wp.com\/www.tvturk.com\/wp-content\/uploads\/2019\/12\/pistten-cikan-ucak-bir-ilcenin-basina-dert-oldu_70efcfa.jpg?fit=1000%2C562","jetpack_sharing_enabled":true,"jetpack_shortlink":"https:\/\/wp.me\/paKIfm-12Mj","_links":{"self":[{"href":"http:\/\/www.tvturk.com\/index.php\/wp-json\/wp\/v2\/posts\/249011","targetHints":{"allow":["GET"]}}],"collection":[{"href":"http:\/\/www.tvturk.com\/index.php\/wp-json\/wp\/v2\/posts"}],"about":[{"href":"http:\/\/www.tvturk.com\/index.php\/wp-json\/wp\/v2\/types\/post"}],"author":[{"embeddable":true,"href":"http:\/\/www.tvturk.com\/index.php\/wp-json\/wp\/v2\/users\/1"}],"replies":[{"embeddable":true,"href":"http:\/\/www.tvturk.com\/index.php\/wp-json\/wp\/v2\/comments?post=249011"}],"version-history":[{"count":0,"href":"http:\/\/www.tvturk.com\/index.php\/wp-json\/wp\/v2\/posts\/249011\/revisions"}],"wp:featuredmedia":[{"embeddable":true,"href":"http:\/\/www.tvturk.com\/index.php\/wp-json\/wp\/v2\/media\/249012"}],"wp:attachment":[{"href":"http:\/\/www.tvturk.com\/index.php\/wp-json\/wp\/v2\/media?parent=249011"}],"wp:term":[{"taxonomy":"category","embeddable":true,"href":"http:\/\/www.tvturk.com\/index.php\/wp-json\/wp\/v2\/categories?post=249011"},{"taxonomy":"post_tag","embeddable":true,"href":"http:\/\/www.tvturk.com\/index.php\/wp-json\/wp\/v2\/tags?post=249011"}],"curies":[{"name":"wp","href":"https:\/\/api.w.org\/{rel}","templated":true}]}}