{"id":249025,"date":"2019-12-29T10:32:01","date_gmt":"2019-12-29T07:32:01","guid":{"rendered":"http:\/\/www.tvturk.com\/index.php\/hesarekte-kayak-sezonu-acildi-hedef-200-bin-ziyaretci\/"},"modified":"2019-12-29T10:32:01","modified_gmt":"2019-12-29T07:32:01","slug":"hesarekte-kayak-sezonu-acildi-hedef-200-bin-ziyaretci","status":"publish","type":"post","link":"http:\/\/www.tvturk.com\/index.php\/hesarekte-kayak-sezonu-acildi-hedef-200-bin-ziyaretci\/","title":{"rendered":"Hesarek\u2019te kayak sezonu a\u00e7\u0131ld\u0131, hedef 200 bin ziyaret\u00e7i"},"content":{"rendered":"<p>Bing\u00f6l\u2019de bulunan Do\u011fu Anadolu B\u00f6lgesi\u2019nin dikkat \u00e7eken kayak tesislerinden Hesarek\u2019te kar ya\u011f\u0131\u015f\u0131yla birlikte  sezon ge\u00e7te olsa a\u00e7\u0131ld\u0131. Sezon s\u00fcresince kayak merkezine 200 bin ki\u015finin gelmesinin beklendi\u011fi belirtildi.<\/p>\n<p>Bing\u00f6l\u2019de beklenen kar ya\u011f\u0131\u015f\u0131n\u0131n son 2 g\u00fcn yo\u011fun olarak etkisini g\u00f6stermesiyle merkeze ba\u011fl\u0131 Dikme k\u00f6y\u00fc s\u0131n\u0131rlar\u0131nda yer alan 2500 rak\u0131ml\u0131 Hesarek Kayak Merkezi sezonu a\u00e7t\u0131. Bing\u00f6l ile \u00e7evre illerden kayakseverlerin hafta sonu ziyaret etti\u011fi kayak merkezinin sezon bitene kadar 200 bin ziyaret\u00e7iyi a\u011f\u0131rlamas\u0131 bekleniyor.<\/p>\n<p>Hesarek Da\u011f\u0131 eteklerinde devlet yat\u0131r\u0131m\u0131 olarak in\u015fa edilen kayak merkezinde en uzunu bin 600 metre olan 5 pist, teleski, telesiyej ve baby lift mekanik sistemleri bulunuyor. Kayak tutkunu binlerce ki\u015fiye k\u0131\u015f\u0131n tatil keyfi ya\u015fatan tesis, il merkezine 34, Bing\u00f6l Havaliman\u0131\u2019na 40, Elaz\u0131\u011f Havaliman\u0131\u2019na ise 110 kilometre mesafede yer al\u0131yor.<\/p>\n<p>Tesisin yak\u0131n zamanda di\u011fer kayak tesisleriyle yar\u0131\u015facak seviyeye gelece\u011fini belirten Gen\u00e7lik ve Spor \u0130l M\u00fcd\u00fcr\u00fc Ali R\u0131za Akarca, \u201cHesarek, b\u00f6lgenin en g\u00fczel kayak tesislerinden biridir. Elaz\u0131\u011f, Malatya, Batman, Diyarbak\u0131r, Mardin ve di\u011fer illerimizden gelen misafirlerimizi a\u011f\u0131rlamaktan \u015feref duyar\u0131z. \u0130leri d\u00f6nemlerde inan\u0131yorum kayak tesisimiz Uluda\u011f, Kayseri Erciyes ve Paland\u00f6ken kayak merkezleriyle yar\u0131\u015facak bir seviyeye gelecektir. Kayak tesisimize daha \u00f6nce gelen misafirlerimiz art\u0131k her sezon ba\u015flad\u0131\u011f\u0131nda bizi ar\u0131yor ve bir daha gelmek istediklerini iletiyorlar. Biz de mutlu oluyoruz bu d\u00f6n\u00fc\u015fler oldu\u011fu zaman\u201d dedi.<\/p>\n<p>Ge\u00e7ti\u011fimiz sezon 150 bine yak\u0131n ziyaret\u00e7inin kayak merkezinde a\u011f\u0131rland\u0131\u011f\u0131n\u0131 ifade eden Akarca, \u201cBu y\u0131lda hedefimiz 200 bine yak\u0131n kayakseverin ilimizi ziyaret etmesidir. Bu geli\u015fmeler oldu\u011fu zaman ilimizin tan\u0131t\u0131m\u0131na b\u00fcy\u00fck katk\u0131 sa\u011flar\u201d diye konu\u015ftu.<\/p>\n<p>Uzun zamand\u0131r Hesarek\u2019e kar ya\u011fmas\u0131n\u0131 beklediklerini dile getiren Turgay \u00d6mer Bayat adl\u0131 vatanda\u015f ise, \u201cBing\u00f6l merkezden buraya kayak yapmaya geldik. Uzun bir zamand\u0131r kar ya\u011f\u0131\u015f\u0131n\u0131 bekliyorduk. \u00c7ok \u015f\u00fck\u00fcr ki bekledi\u011fimiz oldu. Hava \u015fartlar\u0131 k\u00f6t\u00fcyd\u00fc ama art\u0131k iyi. Hesarek\u2019te her \u015fey \u00e7ok g\u00fczel. B\u00fct\u00fcn halk\u0131m\u0131z\u0131 buraya kayak yapmaya bekliyoruz\u201d ifadelerini kulland\u0131.<\/p>\n","protected":false},"excerpt":{"rendered":"<p>DO\u011eU ANADOLU B\u00d6LGES\u0130\u2019N\u0130N G\u00d6ZDE KAYAK TES\u0130SLER\u0130NDEN B\u0130R\u0130 OLAN HESAREK KAYAK MERKEZ\u0130\u2019NDE SEZON A\u00c7ILDI. BU YIL K\u0130 Z\u0130YARET\u00c7\u0130 HEDEF\u0130N\u0130N 200 B\u0130N OLMASI BEKLEN\u0130YOR.<\/p>\n","protected":false},"author":1,"featured_media":249026,"comment_status":"closed","ping_status":"open","sticky":false,"template":"","format":"standard","meta":{"jetpack_post_was_ever_published":false,"_jetpack_newsletter_access":"","_jetpack_dont_email_post_to_subs":false,"_jetpack_newsletter_tier_id":0,"_jetpack_memberships_contains_paywalled_content":false,"_jetpack_memberships_contains_paid_content":false,"footnotes":"","jetpack_publicize_message":"","jetpack_publicize_feature_enabled":true,"jetpack_social_post_already_shared":true,"jetpack_social_options":{"image_generator_settings":{"template":"highway","default_image_id":0,"font":"","enabled":false},"version":2}},"categories":[1],"tags":[4068,288,213,2659,61824,728,6296,6267],"class_list":["post-249025","post","type-post","status-publish","format-standard","has-post-thumbnail","hentry","category-genel","tag-4068","tag-acildi","tag-bin","tag-hedef","tag-hesarekte","tag-kayak","tag-sezonu","tag-ziyaretci"],"jetpack_publicize_connections":[],"jetpack_featured_media_url":"https:\/\/i0.wp.com\/www.tvturk.com\/wp-content\/uploads\/2019\/12\/hesarekte-kayak-sezonu-acildi-hedef-200-bin-ziyaretci_279ebbf.jpg?fit=1000%2C666","jetpack_sharing_enabled":true,"jetpack_shortlink":"https:\/\/wp.me\/paKIfm-12Mx","_links":{"self":[{"href":"http:\/\/www.tvturk.com\/index.php\/wp-json\/wp\/v2\/posts\/249025","targetHints":{"allow":["GET"]}}],"collection":[{"href":"http:\/\/www.tvturk.com\/index.php\/wp-json\/wp\/v2\/posts"}],"about":[{"href":"http:\/\/www.tvturk.com\/index.php\/wp-json\/wp\/v2\/types\/post"}],"author":[{"embeddable":true,"href":"http:\/\/www.tvturk.com\/index.php\/wp-json\/wp\/v2\/users\/1"}],"replies":[{"embeddable":true,"href":"http:\/\/www.tvturk.com\/index.php\/wp-json\/wp\/v2\/comments?post=249025"}],"version-history":[{"count":0,"href":"http:\/\/www.tvturk.com\/index.php\/wp-json\/wp\/v2\/posts\/249025\/revisions"}],"wp:featuredmedia":[{"embeddable":true,"href":"http:\/\/www.tvturk.com\/index.php\/wp-json\/wp\/v2\/media\/249026"}],"wp:attachment":[{"href":"http:\/\/www.tvturk.com\/index.php\/wp-json\/wp\/v2\/media?parent=249025"}],"wp:term":[{"taxonomy":"category","embeddable":true,"href":"http:\/\/www.tvturk.com\/index.php\/wp-json\/wp\/v2\/categories?post=249025"},{"taxonomy":"post_tag","embeddable":true,"href":"http:\/\/www.tvturk.com\/index.php\/wp-json\/wp\/v2\/tags?post=249025"}],"curies":[{"name":"wp","href":"https:\/\/api.w.org\/{rel}","templated":true}]}}