{"id":249067,"date":"2019-12-29T12:01:28","date_gmt":"2019-12-29T09:01:28","guid":{"rendered":"http:\/\/www.tvturk.com\/index.php\/siviller-hayatta-kalmak-icin-idlibden-kacmaya-devam-ediyor\/"},"modified":"2019-12-29T12:01:28","modified_gmt":"2019-12-29T09:01:28","slug":"siviller-hayatta-kalmak-icin-idlibden-kacmaya-devam-ediyor","status":"publish","type":"post","link":"http:\/\/www.tvturk.com\/index.php\/siviller-hayatta-kalmak-icin-idlibden-kacmaya-devam-ediyor\/","title":{"rendered":"Siviller hayatta kalmak i\u00e7in \u0130dlib\u2019den ka\u00e7maya devam ediyor"},"content":{"rendered":"<p>\u0130dlib\u2019de siviller Be\u015far Esad rejiminin ger\u00e7ekle\u015ftirdi\u011fi sald\u0131r\u0131lar nedeniyle evlerini b\u0131rak\u0131p T\u00fcrkiye s\u0131n\u0131r\u0131na ka\u00e7maya devam ediyor.<\/p>\n<p>Suriye\u2019de Be\u015far Esad rejimi taraf\u0131ndan hava sald\u0131r\u0131lar\u0131 yo\u011funla\u015f\u0131rken siviller b\u00f6lgeden ka\u00e7maya devam ediyor. T\u00fcrkiye-Suriye s\u0131n\u0131r\u0131ndaki g\u00fcvenli b\u00f6lgelere yo\u011fun g\u00f6\u00e7 dalgas\u0131 s\u00fcr\u00fcyor.<\/p>\n<p>Baz\u0131 siviller Suriye ile T\u00fcrkiye aras\u0131ndaki ge\u00e7i\u015f olan uluslararas\u0131 Bab el-Hava S\u0131n\u0131r Kap\u0131s\u0131 yak\u0131n\u0131ndaki b\u00f6lgelere yerle\u015fiyor. Hayatta kalmak i\u00e7in \u0130dlib\u2019den ka\u00e7anlar kendi \u00e7abalar\u0131yla \u00e7ad\u0131rlar yap\u0131yor. S\u0131n\u0131ra yak\u0131n b\u00f6lgelere gelen siviller yol \u00e7evresine, da\u011fl\u0131k alanlara ya da bulduklar\u0131 herhangi bir bo\u015f alana yerle\u015fip k\u00f6t\u00fc hava \u015fartlar\u0131nda bar\u0131nmaya \u00e7al\u0131\u015f\u0131yor. Esad sald\u0131r\u0131lar\u0131ndan ka\u00e7an siviller T\u00fcrkiye s\u0131n\u0131rlara yak\u0131n herhangi bir yerin \u0130dlib\u2019den daha g\u00fcvenli oldu\u011funu belirtiyor.<\/p>\n<p>B\u00f6lgede d\u00fczenli bir kamp olmad\u0131\u011f\u0131 i\u00e7in siviller; ailelerinden hayatta kalanlarla birlikte hareket ediyor, uluslararas\u0131 yard\u0131mlardan da faydalanam\u0131yor. Da\u011f\u0131n\u0131k bir \u015fekilde \u00e7ad\u0131r kuran siviller d\u00fczenli bir kamp kurulmas\u0131n\u0131 bekliyor.<\/p>\n<p>\u0130dlib\u2019den T\u00fcrkiye s\u0131n\u0131r\u0131na ka\u00e7an sivillerden biri yapt\u0131\u011f\u0131 a\u00e7\u0131klamada, \u201cBiz burada unutulduk. \u00c7ocuklar\u0131m\u0131z iyi beslenemiyor, e\u011fitim alam\u0131yor. Kendi yapt\u0131\u011f\u0131m\u0131z \u00e7ad\u0131rlar y\u0131k\u0131l\u0131yor\u201d dedi.<\/p>\n","protected":false},"excerpt":{"rendered":"<p>\u0130DL\u0130B\u2019DE S\u0130V\u0130LLER BE\u015eAR ESAD REJ\u0130M\u0130N\u0130N GER\u00c7EKLE\u015eT\u0130RD\u0130\u011e\u0130 SALDIRILAR NEDEN\u0130YLE EVLER\u0130N\u0130 BIRAKIP T\u00dcRK\u0130YE SINIRINA KA\u00c7MAYA DEVAM ED\u0130YOR.<\/p>\n","protected":false},"author":1,"featured_media":249068,"comment_status":"closed","ping_status":"open","sticky":false,"template":"","format":"standard","meta":{"jetpack_post_was_ever_published":false,"_jetpack_newsletter_access":"","_jetpack_dont_email_post_to_subs":false,"_jetpack_newsletter_tier_id":0,"_jetpack_memberships_contains_paywalled_content":false,"_jetpack_memberships_contains_paid_content":false,"footnotes":"","jetpack_publicize_message":"","jetpack_publicize_feature_enabled":true,"jetpack_social_post_already_shared":true,"jetpack_social_options":{"image_generator_settings":{"template":"highway","default_image_id":0,"font":"","enabled":false},"version":2}},"categories":[10],"tags":[522,523,18327,44,61317,26518,30143,34145],"class_list":["post-249067","post","type-post","status-publish","format-standard","has-post-thumbnail","hentry","category-dunya","tag-devam","tag-ediyor","tag-hayatta","tag-icin","tag-idlibden","tag-kacmaya","tag-kalmak","tag-siviller"],"jetpack_publicize_connections":[],"jetpack_featured_media_url":"https:\/\/i0.wp.com\/www.tvturk.com\/wp-content\/uploads\/2019\/12\/siviller-hayatta-kalmak-icin-idlibden-kacmaya-devam-ediyor_7ab1ccb.jpg?fit=1000%2C562","jetpack_sharing_enabled":true,"jetpack_shortlink":"https:\/\/wp.me\/paKIfm-12Nd","_links":{"self":[{"href":"http:\/\/www.tvturk.com\/index.php\/wp-json\/wp\/v2\/posts\/249067","targetHints":{"allow":["GET"]}}],"collection":[{"href":"http:\/\/www.tvturk.com\/index.php\/wp-json\/wp\/v2\/posts"}],"about":[{"href":"http:\/\/www.tvturk.com\/index.php\/wp-json\/wp\/v2\/types\/post"}],"author":[{"embeddable":true,"href":"http:\/\/www.tvturk.com\/index.php\/wp-json\/wp\/v2\/users\/1"}],"replies":[{"embeddable":true,"href":"http:\/\/www.tvturk.com\/index.php\/wp-json\/wp\/v2\/comments?post=249067"}],"version-history":[{"count":0,"href":"http:\/\/www.tvturk.com\/index.php\/wp-json\/wp\/v2\/posts\/249067\/revisions"}],"wp:featuredmedia":[{"embeddable":true,"href":"http:\/\/www.tvturk.com\/index.php\/wp-json\/wp\/v2\/media\/249068"}],"wp:attachment":[{"href":"http:\/\/www.tvturk.com\/index.php\/wp-json\/wp\/v2\/media?parent=249067"}],"wp:term":[{"taxonomy":"category","embeddable":true,"href":"http:\/\/www.tvturk.com\/index.php\/wp-json\/wp\/v2\/categories?post=249067"},{"taxonomy":"post_tag","embeddable":true,"href":"http:\/\/www.tvturk.com\/index.php\/wp-json\/wp\/v2\/tags?post=249067"}],"curies":[{"name":"wp","href":"https:\/\/api.w.org\/{rel}","templated":true}]}}