{"id":249085,"date":"2019-12-29T13:01:25","date_gmt":"2019-12-29T10:01:25","guid":{"rendered":"http:\/\/www.tvturk.com\/index.php\/turk-yardim-ucagi-somaliye-ulasti\/"},"modified":"2019-12-29T13:01:25","modified_gmt":"2019-12-29T10:01:25","slug":"turk-yardim-ucagi-somaliye-ulasti","status":"publish","type":"post","link":"http:\/\/www.tvturk.com\/index.php\/turk-yardim-ucagi-somaliye-ulasti\/","title":{"rendered":"T\u00fcrk yard\u0131m u\u00e7a\u011f\u0131 Somali\u2019ye ula\u015ft\u0131"},"content":{"rendered":"<p>T\u00fcrkiye, Somali\u2019deki bombal\u0131 ter\u00f6r sald\u0131r\u0131s\u0131nda yaralanan Somalililer i\u00e7in sa\u011fl\u0131k personeli ile sa\u011fl\u0131k malzemesi ta\u015f\u0131yan bir u\u00e7a\u011f\u0131 Mogadi\u015fu\u2019ya g\u00f6nderdi.<\/p>\n<p>Somali\u2019nin ba\u015fkenti Mogadi\u015fu\u2019da ger\u00e7ekle\u015ftirilen bombal\u0131 ter\u00f6r sald\u0131r\u0131s\u0131 sonucunda 2\u2019si T\u00fcrk 90 ki\u015fi hayat\u0131n\u0131 kaybederken, onlarca ki\u015fi yaralanm\u0131\u015ft\u0131. T\u00fcrkiye\u2019den Mogadi\u015fu\u2019ya hareket eden i\u00e7erisinde sa\u011fl\u0131k malzemesi ve sa\u011fl\u0131k personeli ta\u015f\u0131yan u\u00e7ak Mogadi\u015fu\u2019da b\u00fcy\u00fckel\u00e7ilik personeli ve Somalili yetkililer taraf\u0131ndan kar\u015f\u0131land\u0131.<\/p>\n","protected":false},"excerpt":{"rendered":"<p>T\u00dcRK\u0130YE, SOMAL\u0130&#8217;DEK\u0130 BOMBALI TER\u00d6R SALDIRISINDA YARALANAN SOMAL\u0130L\u0130LER \u0130\u00c7\u0130N SA\u011eLIK PERSONEL\u0130 \u0130LE SA\u011eLIK MALZEMES\u0130 TA\u015eIYAN B\u0130R U\u00c7A\u011eI MOGAD\u0130\u015eU&#8217;YA G\u00d6NDERD\u0130.<\/p>\n","protected":false},"author":1,"featured_media":249086,"comment_status":"closed","ping_status":"open","sticky":false,"template":"","format":"standard","meta":{"jetpack_post_was_ever_published":false,"_jetpack_newsletter_access":"","_jetpack_dont_email_post_to_subs":false,"_jetpack_newsletter_tier_id":0,"_jetpack_memberships_contains_paywalled_content":false,"_jetpack_memberships_contains_paid_content":false,"footnotes":"","jetpack_publicize_message":"","jetpack_publicize_feature_enabled":true,"jetpack_social_post_already_shared":true,"jetpack_social_options":{"image_generator_settings":{"template":"highway","default_image_id":0,"font":"","enabled":false},"version":2}},"categories":[10],"tags":[61801,957,17580,2574,1736],"class_list":["post-249085","post","type-post","status-publish","format-standard","has-post-thumbnail","hentry","category-dunya","tag-somaliye","tag-turk","tag-ucagi","tag-ulasti","tag-yardim"],"jetpack_publicize_connections":[],"jetpack_featured_media_url":"https:\/\/i0.wp.com\/www.tvturk.com\/wp-content\/uploads\/2019\/12\/turk-yardim-ucagi-somaliye-ulasti_8659cfc.jpg?fit=1000%2C695","jetpack_sharing_enabled":true,"jetpack_shortlink":"https:\/\/wp.me\/paKIfm-12Nv","_links":{"self":[{"href":"http:\/\/www.tvturk.com\/index.php\/wp-json\/wp\/v2\/posts\/249085","targetHints":{"allow":["GET"]}}],"collection":[{"href":"http:\/\/www.tvturk.com\/index.php\/wp-json\/wp\/v2\/posts"}],"about":[{"href":"http:\/\/www.tvturk.com\/index.php\/wp-json\/wp\/v2\/types\/post"}],"author":[{"embeddable":true,"href":"http:\/\/www.tvturk.com\/index.php\/wp-json\/wp\/v2\/users\/1"}],"replies":[{"embeddable":true,"href":"http:\/\/www.tvturk.com\/index.php\/wp-json\/wp\/v2\/comments?post=249085"}],"version-history":[{"count":0,"href":"http:\/\/www.tvturk.com\/index.php\/wp-json\/wp\/v2\/posts\/249085\/revisions"}],"wp:featuredmedia":[{"embeddable":true,"href":"http:\/\/www.tvturk.com\/index.php\/wp-json\/wp\/v2\/media\/249086"}],"wp:attachment":[{"href":"http:\/\/www.tvturk.com\/index.php\/wp-json\/wp\/v2\/media?parent=249085"}],"wp:term":[{"taxonomy":"category","embeddable":true,"href":"http:\/\/www.tvturk.com\/index.php\/wp-json\/wp\/v2\/categories?post=249085"},{"taxonomy":"post_tag","embeddable":true,"href":"http:\/\/www.tvturk.com\/index.php\/wp-json\/wp\/v2\/tags?post=249085"}],"curies":[{"name":"wp","href":"https:\/\/api.w.org\/{rel}","templated":true}]}}