{"id":249099,"date":"2019-12-29T13:17:27","date_gmt":"2019-12-29T10:17:27","guid":{"rendered":"http:\/\/www.tvturk.com\/index.php\/diyarbakirda-dijital-muze-acildi\/"},"modified":"2019-12-29T13:17:27","modified_gmt":"2019-12-29T10:17:27","slug":"diyarbakirda-dijital-muze-acildi","status":"publish","type":"post","link":"http:\/\/www.tvturk.com\/index.php\/diyarbakirda-dijital-muze-acildi\/","title":{"rendered":"Diyarbak\u0131r\u2019da Dijital M\u00fcze a\u00e7\u0131ld\u0131"},"content":{"rendered":"<p>\u00d6nce \u00c7ocuklar Derne\u011fi\u2019nin Fransa K\u00fclt\u00fcr Merkezi ile ortakla\u015fa y\u00fcr\u00fctt\u00fc\u011f\u00fc &#8220;Micro-Folie K\u00fc\u00e7\u00fck \u00c7\u0131lg\u0131nl\u0131k Dijital M\u00fczesi&#8221; Diyarbak\u0131r\u2019da a\u00e7\u0131ld\u0131.<\/p>\n<p>\u00d6nce \u00c7ocuklar Derne\u011fi\u2019nin Fransa K\u00fclt\u00fcr Merkezi ile ortakla\u015fa y\u00fcr\u00fctt\u00fc\u011f\u00fc &#8220;Micro-Folie K\u00fc\u00e7\u00fck \u00c7\u0131lg\u0131nl\u0131k Dijital M\u00fczesi&#8221;, Ankara ve \u0130zmir\u2019den sonra Diyarbak\u0131r\u2019da da a\u00e7\u0131ld\u0131. Kentte bir ilk olma \u00f6zelli\u011fi ta\u015f\u0131yan Dijital M\u00fcze\u2019de resim, heykel, bilim gibi bir\u00e7ok dalda se\u00e7kin 240 eser y\u00fcksek \u00e7\u00f6z\u00fcn\u00fcrl\u00fckte vatanda\u015flar\u0131n hizmetine girdi. Toplamda 15 tablet ile \u00e7ocuklar\u0131n dijital olarak hissederek tan\u0131yaca\u011f\u0131 eserler, renk, duygu, doku konusunda bilgilendirecek. M\u00fczede d\u00fcnya miras\u0131 olarak kabul edilen se\u00e7kin eserler y\u00fcksek \u00e7\u00f6z\u00fcn\u00fcrl\u00fckte \u00e7ocuklara sunularak, \u00e7ocuklar\u0131n geli\u015fimi i\u00e7in ad\u0131mlar at\u0131ld\u0131.<\/p>\n<p>\u00d6nce \u00c7ocuklar Derne\u011fi Y\u00f6netim Kurulu Ba\u015fkan\u0131 Cevahir Sadak D\u00fczg\u00fcn, teknoloji arac\u0131l\u0131\u011f\u0131yla \u00e7ocuklar\u0131 d\u00fcnya miras\u0131 ve sanat\u0131n incelikleriyle bulu\u015fturma amac\u0131nda olduklar\u0131n\u0131 s\u00f6yledi. D\u00fczg\u00fcn, \u201cBiz \u00d6nce \u00c7ocuklar Derne\u011fi olarak \u00e7ocuklar\u0131n k\u00fclt\u00fcrel ve sanatsal etkinliklere \u00e7ok dilli eri\u015fim hakk\u0131n\u0131 savunuyoruz. D\u00fcnya miras\u0131yla bulu\u015fmalar konusunda \u00e7aba i\u00e7erisindeyiz. \u015euanda da Micro-Folie K\u00fc\u00e7\u00fck \u00c7\u0131lg\u0131nl\u0131k Dijital M\u00fcze\u2019ye ev sahipli\u011fi yap\u0131yoruz. Dijital M\u00fcze Fransa\u2019daki 8 m\u00fczeden yakla\u015f\u0131k 240 eserin, hatta daha fazla eserin dijital bir tabletin i\u00e7inde \u00e7ocuklara sunulma hali. Neden k\u00fc\u00e7\u00fck \u00e7\u0131lg\u0131nl\u0131k, \u00e7\u00fcnk\u00fc \u00e7ocuklar genelde teknolojiyle do\u011fru olmayan bir ili\u015fki kuruyorlar. Bu projenin birden fazla amac\u0131 var. Projenin birinci amac\u0131 teknoloji arac\u0131l\u0131\u011f\u0131yla \u00e7ocuklara ciddi k\u00fclt\u00fcr miras\u0131yla, d\u00fcnya miras\u0131yla bulu\u015fturma hedefi, sanat\u0131n incelikleriyle onlar\u0131 bulu\u015fturma. M\u00fczenin \u00f6nemini, yani de\u011ferli sanat eserlerinin \u00f6nemini vurgulamak ve bunu yaparken teknolojiden uzakla\u015ft\u0131rmak de\u011fil teknolojinin yararl\u0131 y\u00f6n\u00fcyle onu bulu\u015fturmak gibi bir hedefi var. Projemizi Frans\u0131z K\u00fclt\u00fcr Enstit\u00fcs\u00fc destekliyor. T\u00fcrkiye\u2019de Ankara\u2019da Frans\u0131z K\u00fclt\u00fcr\u2019de, \u0130zmir\u2019de yine Frans\u0131z K\u00fclt\u00fcr\u2019de m\u00fcze \u00e7ocuklarla bulu\u015ftu. \u015euanda T\u00fcrkiye\u2019de \u00fc\u00e7\u00fcnc\u00fc adres olarak Diyarbak\u0131r\u2019da. Biz \u00e7ocuklarla bir ay i\u00e7inde yakla\u015f\u0131k bin \u00e7ocu\u011fa bu ziyareti gezdirme imkan\u0131 bulduk. O a\u00e7\u0131dan \u015fansl\u0131y\u0131z, m\u00fczemiz 15 \u015eubat\u2019a kadarda Diyarbak\u0131r\u2019da olacak. \u00d6nce \u00c7ocuklar\u2019\u0131n ev sahipli\u011fi ve Frans\u0131z K\u00fclt\u00fcr\u2019\u00fcn deste\u011fiyle \u00e7ocuklar\u0131m\u0131z\u0131 bekliyoruz. Bu \u00e7ok \u00f6zel bir imkan, hem teknoloji hem de sanatsal ve d\u00fcnya miras\u0131yla bulu\u015fma imkan\u0131 var. O nedenle bizler \u015fansl\u0131y\u0131z, \u00e7ocuklar\u0131m\u0131za b\u00f6yle imkan sunabildi\u011fimiz i\u00e7in Frans\u0131z K\u00fclt\u00fcr\u2019e bu a\u00e7\u0131dan te\u015fekk\u00fcr ediyoruz&#8221; dedi.<\/p>\n<p>&#8220;\u00c7ocuklar \u00e7\u0131kmak istemiyor&#8221;<\/p>\n<p>M\u00fczenin 45 dakika s\u00fcrd\u00fc\u011f\u00fcn\u00fc dile getiren D\u00fczg\u00fcn, \u00e7ocuklar\u0131n m\u00fczeden \u00e7\u0131kmak istemedi\u011fini aktard\u0131. D\u00fczg\u00fcn, &#8220;Genelde \u00e7ok olumlu refleksler ald\u0131k ve \u00e7ocuklar \u00e7\u0131kmak istemiyor. \u00c7\u00fcnk\u00fc genelde 30 ya da 45 dakika aras\u0131 bir s\u00fcreyle \u00e7ocuklar m\u00fczeyi ziyaret edebiliyor. Ama \u00e7ocuklardan \u00f6te sanat profesyonellerine de hizmet verebilen bir m\u00fcze. Serbest dola\u015f\u0131m saatleri var. Bu bizim rehberlerimizden \u00e7ok profesyonelin kendisinin o sanat eserinin \u00e7ok net \u00e7\u00f6z\u00fcn\u00fcrl\u00fckte b\u00fcy\u00fct\u00fcp inceletme \u015fans\u0131 verebiliyor. O y\u00f6nden de sadece \u00e7ocuklar de\u011fil, sanat profesyonellerine de izleme imkan\u0131 sunan \u00f6zel bir proje. 240\u2019\u0131n \u00fczerinde eser var, ama \u00e7ocuklara \u00fc\u00e7 ya da d\u00f6rt eser \u00fczerinde \u00e7\u00f6z\u00fcmleme yap\u0131l\u0131yor. Yani renk, duygu, doku konusunda derinlemesine inilip \u00e7ocuklar\u0131n bir oyunla eserle bulu\u015fmas\u0131, puzzle \u015feklinde seri yapmas\u0131 ancak \u00fc\u00e7 ya da d\u00f6rt eserle olabiliyor\u201d diye konu\u015ftu.<\/p>\n<p>M\u00fczeye gelen \u00e7ocuklardan Sidar Boran K\u00f6ysal, puzzleler yapt\u0131\u011f\u0131n\u0131, eserleri g\u00f6rd\u00fc\u011f\u00fcn\u00fc s\u00f6yledi. K\u00f6ksal, &#8220;G\u00fczel buldum. Eserlerin m\u00fczede oldu\u011funu \u00f6\u011frendim, en dikkatimi \u00e7eken \u015fey baz\u0131 ki\u015filer tabloda kendilerini yapm\u0131\u015f. Tekrardan 3, 4 defa gelmek istiyorum&#8221; \u015feklinde konu\u015ftu.<\/p>\n","protected":false},"excerpt":{"rendered":"<p>\u00d6NCE \u00c7OCUKLAR DERNE\u011e\u0130\u2019N\u0130N FRANSA K\u00dcLT\u00dcR MERKEZ\u0130 \u0130LE ORTAKLA\u015eA Y\u00dcR\u00dcTT\u00dc\u011e\u00dc MICRO-FOL\u0130E K\u00dc\u00c7\u00dcK \u00c7ILGINLIK D\u0130J\u0130TAL M\u00dcZES\u0130 D\u0130YARBAKIR\u2019DA A\u00c7ILDI.<\/p>\n","protected":false},"author":1,"featured_media":249100,"comment_status":"closed","ping_status":"open","sticky":false,"template":"","format":"standard","meta":{"jetpack_post_was_ever_published":false,"_jetpack_newsletter_access":"","_jetpack_dont_email_post_to_subs":false,"_jetpack_newsletter_tier_id":0,"_jetpack_memberships_contains_paywalled_content":false,"_jetpack_memberships_contains_paid_content":false,"footnotes":"","jetpack_publicize_message":"","jetpack_publicize_feature_enabled":true,"jetpack_social_post_already_shared":true,"jetpack_social_options":{"image_generator_settings":{"template":"highway","default_image_id":0,"font":"","enabled":false},"version":2}},"categories":[656],"tags":[288,6695,62,10594],"class_list":["post-249099","post","type-post","status-publish","format-standard","has-post-thumbnail","hentry","category-kultur-sanat","tag-acildi","tag-dijital","tag-diyarbakirda","tag-muze"],"jetpack_publicize_connections":[],"jetpack_featured_media_url":"https:\/\/i0.wp.com\/www.tvturk.com\/wp-content\/uploads\/2019\/12\/diyarbakirda-dijital-muze-acildi_5f58e35.jpg?fit=1000%2C666","jetpack_sharing_enabled":true,"jetpack_shortlink":"https:\/\/wp.me\/paKIfm-12NJ","_links":{"self":[{"href":"http:\/\/www.tvturk.com\/index.php\/wp-json\/wp\/v2\/posts\/249099","targetHints":{"allow":["GET"]}}],"collection":[{"href":"http:\/\/www.tvturk.com\/index.php\/wp-json\/wp\/v2\/posts"}],"about":[{"href":"http:\/\/www.tvturk.com\/index.php\/wp-json\/wp\/v2\/types\/post"}],"author":[{"embeddable":true,"href":"http:\/\/www.tvturk.com\/index.php\/wp-json\/wp\/v2\/users\/1"}],"replies":[{"embeddable":true,"href":"http:\/\/www.tvturk.com\/index.php\/wp-json\/wp\/v2\/comments?post=249099"}],"version-history":[{"count":0,"href":"http:\/\/www.tvturk.com\/index.php\/wp-json\/wp\/v2\/posts\/249099\/revisions"}],"wp:featuredmedia":[{"embeddable":true,"href":"http:\/\/www.tvturk.com\/index.php\/wp-json\/wp\/v2\/media\/249100"}],"wp:attachment":[{"href":"http:\/\/www.tvturk.com\/index.php\/wp-json\/wp\/v2\/media?parent=249099"}],"wp:term":[{"taxonomy":"category","embeddable":true,"href":"http:\/\/www.tvturk.com\/index.php\/wp-json\/wp\/v2\/categories?post=249099"},{"taxonomy":"post_tag","embeddable":true,"href":"http:\/\/www.tvturk.com\/index.php\/wp-json\/wp\/v2\/tags?post=249099"}],"curies":[{"name":"wp","href":"https:\/\/api.w.org\/{rel}","templated":true}]}}