{"id":249111,"date":"2019-12-29T13:32:25","date_gmt":"2019-12-29T10:32:25","guid":{"rendered":"http:\/\/www.tvturk.com\/index.php\/yozgatta-gozunden-yaralanan-atmaca-koruma-altina-alindi\/"},"modified":"2019-12-29T13:32:25","modified_gmt":"2019-12-29T10:32:25","slug":"yozgatta-gozunden-yaralanan-atmaca-koruma-altina-alindi","status":"publish","type":"post","link":"http:\/\/www.tvturk.com\/index.php\/yozgatta-gozunden-yaralanan-atmaca-koruma-altina-alindi\/","title":{"rendered":"Yozgat\u2019ta g\u00f6z\u00fcnden yaralanan atmaca koruma alt\u0131na al\u0131nd\u0131"},"content":{"rendered":"<p>Yozgat\u2019ta bir vatanda\u015f, do\u011fada yaral\u0131 halde buldu\u011fu atmacay\u0131 tedavi edilip do\u011faya sal\u0131nmas\u0131 i\u00e7in Do\u011fa Koruma ve Milli Parklar Genel M\u00fcd\u00fcrl\u00fc\u011f\u00fc Yozgat \u015eube M\u00fcd\u00fcrl\u00fc\u011f\u00fc ekiplerine teslim etti.<\/p>\n<p>Yozgat\u2019ta arac\u0131yla seyir halindeyken atmacan\u0131n yere d\u00fc\u015ft\u00fc\u011f\u00fcn\u00fc fark eden Ethem Ba\u015ft\u00fcrk, arac\u0131ndan inerek yaral\u0131 atmacay\u0131 montuna sar\u0131p i\u015f yerine getirdi. Uzun s\u00fcredir petshop i\u015fiyle u\u011fra\u015fan Ba\u015ft\u00fcrk, i\u015f yerinde g\u00f6revli veteriner hekime yaral\u0131 atmacan\u0131n tedavisini yapt\u0131rd\u0131. Tedavisi yap\u0131lan atmacay\u0131 besleyen Ba\u015ft\u00fcrk, durumu Tar\u0131m Orman Bakanl\u0131\u011f\u0131 Do\u011fa Koruma Milli Parklar Genel M\u00fcd\u00fcrl\u00fc\u011f\u00fc Yozgat \u015eube M\u00fcd\u00fcrl\u00fc\u011f\u00fcne bildirdi. Ba\u015ft\u00fcrk, yaral\u0131 atmacay\u0131 k\u0131sa s\u00fcrede gelen yetkililere teslim etti.<\/p>\n<p>Yozgat Do\u011fa Korumu ve Milli Parklar \u015eube M\u00fcd\u00fcrl\u00fc\u011f\u00fcnde g\u00f6revli Orman M\u00fchendisi Hasan Tezer, \u201cTar\u0131m ve Orman Bakanl\u0131\u011f\u0131 Do\u011fa Koruma Milli Parklar Genel M\u00fcd\u00fcrl\u00fc\u011f\u00fc Yozgat \u015eube M\u00fcd\u00fcrl\u00fc\u011f\u00fc olarak yaral\u0131 ku\u015fumuzu tedavi edilmek \u00fczere ald\u0131k. Ku\u015fumuzun genel tedavisi yap\u0131ld\u0131ktan sonra al\u0131nd\u0131\u011f\u0131 ortama, do\u011faya tekrardan b\u0131rakaca\u011f\u0131z\u201d dedi.<\/p>\n<p>Yaral\u0131 atmacay\u0131 yetkililere teslim eden Ethem Ba\u015ft\u00fcrk ise, \u201cArac\u0131mla seyir halindeydim, ku\u015fun d\u00fc\u015ft\u00fc\u011f\u00fcn\u00fc g\u00f6rd\u00fcm. Montumu \u00e7\u0131kartarak ku\u015fu sard\u0131m ve d\u00fckkana getirdim. Sonra Do\u011fa Koruma ve Milli Parklar \u015eube M\u00fcd\u00fcrl\u00fc\u011f\u00fc yetkililerine haber verdim. Bu arada i\u015f yerimizin veteriner hekimi de ku\u015fumuzun kontrol\u00fcn\u00fc yapt\u0131. Sa\u011fl\u0131k a\u00e7\u0131s\u0131ndan \u00e7ok b\u00fcy\u00fck bir sorun ya\u015famamakta hayvan\u0131m\u0131z. Ku\u015fumuzu gelen yetkililere teslim ettik. Yetkili arkada\u015flar gerekli tedavilerini yap\u0131p do\u011faya salacaklar\u0131n\u0131 beyan ettiler, biz de ku\u015fu kendilerine teslim ettik\u201d \u015feklinde konu\u015ftu.<\/p>\n","protected":false},"excerpt":{"rendered":"<p>YOZGAT\u2019TA G\u00d6Z\u00dcNDEN YARALANAN ATMACA KORUMA ALTINA ALINDI<\/p>\n","protected":false},"author":1,"featured_media":249112,"comment_status":"closed","ping_status":"open","sticky":false,"template":"","format":"standard","meta":{"jetpack_post_was_ever_published":false,"_jetpack_newsletter_access":"","_jetpack_dont_email_post_to_subs":false,"_jetpack_newsletter_tier_id":0,"_jetpack_memberships_contains_paywalled_content":false,"_jetpack_memberships_contains_paid_content":false,"footnotes":"","jetpack_publicize_message":"","jetpack_publicize_feature_enabled":true,"jetpack_social_post_already_shared":true,"jetpack_social_options":{"image_generator_settings":{"template":"highway","default_image_id":0,"font":"","enabled":false},"version":2}},"categories":[1],"tags":[1014,1186,13968,29092,1185,4060,4425],"class_list":["post-249111","post","type-post","status-publish","format-standard","has-post-thumbnail","hentry","category-genel","tag-alindi","tag-altina","tag-atmaca","tag-gozunden","tag-koruma","tag-yaralanan","tag-yozgatta"],"jetpack_publicize_connections":[],"jetpack_featured_media_url":"https:\/\/i0.wp.com\/www.tvturk.com\/wp-content\/uploads\/2019\/12\/yozgatta-gozunden-yaralanan-atmaca-koruma-altina-alindi_56637a9.jpg?fit=1000%2C666","jetpack_sharing_enabled":true,"jetpack_shortlink":"https:\/\/wp.me\/paKIfm-12NV","_links":{"self":[{"href":"http:\/\/www.tvturk.com\/index.php\/wp-json\/wp\/v2\/posts\/249111","targetHints":{"allow":["GET"]}}],"collection":[{"href":"http:\/\/www.tvturk.com\/index.php\/wp-json\/wp\/v2\/posts"}],"about":[{"href":"http:\/\/www.tvturk.com\/index.php\/wp-json\/wp\/v2\/types\/post"}],"author":[{"embeddable":true,"href":"http:\/\/www.tvturk.com\/index.php\/wp-json\/wp\/v2\/users\/1"}],"replies":[{"embeddable":true,"href":"http:\/\/www.tvturk.com\/index.php\/wp-json\/wp\/v2\/comments?post=249111"}],"version-history":[{"count":0,"href":"http:\/\/www.tvturk.com\/index.php\/wp-json\/wp\/v2\/posts\/249111\/revisions"}],"wp:featuredmedia":[{"embeddable":true,"href":"http:\/\/www.tvturk.com\/index.php\/wp-json\/wp\/v2\/media\/249112"}],"wp:attachment":[{"href":"http:\/\/www.tvturk.com\/index.php\/wp-json\/wp\/v2\/media?parent=249111"}],"wp:term":[{"taxonomy":"category","embeddable":true,"href":"http:\/\/www.tvturk.com\/index.php\/wp-json\/wp\/v2\/categories?post=249111"},{"taxonomy":"post_tag","embeddable":true,"href":"http:\/\/www.tvturk.com\/index.php\/wp-json\/wp\/v2\/tags?post=249111"}],"curies":[{"name":"wp","href":"https:\/\/api.w.org\/{rel}","templated":true}]}}