{"id":249129,"date":"2019-12-29T14:46:07","date_gmt":"2019-12-29T11:46:07","guid":{"rendered":"http:\/\/www.tvturk.com\/index.php\/avustralyada-binlerce-kisi-icin-tahliye-uyarisi\/"},"modified":"2019-12-29T14:46:07","modified_gmt":"2019-12-29T11:46:07","slug":"avustralyada-binlerce-kisi-icin-tahliye-uyarisi","status":"publish","type":"post","link":"http:\/\/www.tvturk.com\/index.php\/avustralyada-binlerce-kisi-icin-tahliye-uyarisi\/","title":{"rendered":"Avustralya\u2019da binlerce ki\u015fi i\u00e7in tahliye uyar\u0131s\u0131"},"content":{"rendered":"<p>Avustralya\u2019da aylard\u0131r devam eden orman yang\u0131nlar\u0131 nedeniyle Victoria eyaletindeki binlerce ki\u015fi i\u00e7in tahliye uyar\u0131s\u0131 yap\u0131ld\u0131.<\/p>\n<p>Avustralya\u2019da aylard\u0131r devam eden orman yang\u0131nlar\u0131, itfaiye ekiplerinin yo\u011fun \u00e7abas\u0131na ra\u011fmen s\u00f6nd\u00fcr\u00fclemiyor. \u00dclke genelinde 100\u2019den fazla noktada devam eden yang\u0131nlar, bu kez Victoria eyaletini tehdit ediyor. Pazartesi g\u00fcn\u00fc hava s\u0131cakl\u0131klar\u0131n\u0131n 40 derecenin \u00fczerine \u00e7\u0131kaca\u011f\u0131 belirtilirken, f\u0131rt\u0131na, \u015fiddetli r\u00fczgar ve r\u00fczgar y\u00f6n\u00fcndeki de\u011fi\u015fim nedeniyle k\u0131rm\u0131z\u0131 alarm verildi. Yetkililer, eyalette bulunan on binlerce vatanda\u015f ve tatilciler i\u00e7in tahliye uyar\u0131s\u0131nda bulundu.<\/p>\n<p>Acil Durumlar \u015eefi Andrew Crisp, Victoria eyaletinin Do\u011fu Gippsland b\u00f6lgesinde bulunan ki\u015filerin yang\u0131nlar\u0131n \u015fiddetini artt\u0131rmas\u0131 nedeniyle Pazartesi sabah\u0131na kadar b\u00f6lgeyi terk etmesi gerekti\u011fini ifade etti.<\/p>\n<p>\u00dclke genelindeki yang\u0131nlar\u0131n en b\u00fcy\u00fc\u011f\u00fc, Yeni G\u00fcney Galler eyaletine ba\u011fl\u0131 Sydney kenti yak\u0131nlar\u0131nda da \u015fiddetini artt\u0131rd\u0131. \u00d6te yandan Avustralyal\u0131lar, y\u0131lba\u015f\u0131 kutlamalar\u0131 i\u00e7in d\u00fczenlenecek olan havai fi\u015fek g\u00f6sterilerinin iptal edilmesini ve b\u00fct\u00e7enin yang\u0131nla m\u00fccadelede kullan\u0131lmas\u0131n\u0131 talep etti.<\/p>\n","protected":false},"excerpt":{"rendered":"<p>AVUSTRALYA&#8217;DA AYLARDIR DEVAM EDEN ORMAN YANGINLARI NEDEN\u0130YLE V\u0130CTOR\u0130A EYALET\u0130NDEK\u0130 B\u0130NLERCE K\u0130\u015e\u0130 \u0130\u00c7\u0130N TAHL\u0130YE UYARISI YAPILDI.<\/p>\n","protected":false},"author":1,"featured_media":249130,"comment_status":"closed","ping_status":"open","sticky":false,"template":"","format":"standard","meta":{"jetpack_post_was_ever_published":false,"_jetpack_newsletter_access":"","_jetpack_dont_email_post_to_subs":false,"_jetpack_newsletter_tier_id":0,"_jetpack_memberships_contains_paywalled_content":false,"_jetpack_memberships_contains_paid_content":false,"footnotes":"","jetpack_publicize_message":"","jetpack_publicize_feature_enabled":true,"jetpack_social_post_already_shared":true,"jetpack_social_options":{"image_generator_settings":{"template":"highway","default_image_id":0,"font":"","enabled":false},"version":2}},"categories":[10],"tags":[20140,3818,44,1012,153,914],"class_list":["post-249129","post","type-post","status-publish","format-standard","has-post-thumbnail","hentry","category-dunya","tag-avustralyada","tag-binlerce","tag-icin","tag-kisi","tag-tahliye","tag-uyarisi"],"jetpack_publicize_connections":[],"jetpack_featured_media_url":"https:\/\/i0.wp.com\/www.tvturk.com\/wp-content\/uploads\/2019\/12\/avustralyada-binlerce-kisi-icin-tahliye-uyarisi_f687e5b.jpg?fit=920%2C613","jetpack_sharing_enabled":true,"jetpack_shortlink":"https:\/\/wp.me\/paKIfm-12Od","_links":{"self":[{"href":"http:\/\/www.tvturk.com\/index.php\/wp-json\/wp\/v2\/posts\/249129","targetHints":{"allow":["GET"]}}],"collection":[{"href":"http:\/\/www.tvturk.com\/index.php\/wp-json\/wp\/v2\/posts"}],"about":[{"href":"http:\/\/www.tvturk.com\/index.php\/wp-json\/wp\/v2\/types\/post"}],"author":[{"embeddable":true,"href":"http:\/\/www.tvturk.com\/index.php\/wp-json\/wp\/v2\/users\/1"}],"replies":[{"embeddable":true,"href":"http:\/\/www.tvturk.com\/index.php\/wp-json\/wp\/v2\/comments?post=249129"}],"version-history":[{"count":0,"href":"http:\/\/www.tvturk.com\/index.php\/wp-json\/wp\/v2\/posts\/249129\/revisions"}],"wp:featuredmedia":[{"embeddable":true,"href":"http:\/\/www.tvturk.com\/index.php\/wp-json\/wp\/v2\/media\/249130"}],"wp:attachment":[{"href":"http:\/\/www.tvturk.com\/index.php\/wp-json\/wp\/v2\/media?parent=249129"}],"wp:term":[{"taxonomy":"category","embeddable":true,"href":"http:\/\/www.tvturk.com\/index.php\/wp-json\/wp\/v2\/categories?post=249129"},{"taxonomy":"post_tag","embeddable":true,"href":"http:\/\/www.tvturk.com\/index.php\/wp-json\/wp\/v2\/tags?post=249129"}],"curies":[{"name":"wp","href":"https:\/\/api.w.org\/{rel}","templated":true}]}}