{"id":24913,"date":"2019-02-12T13:06:07","date_gmt":"2019-02-12T10:06:07","guid":{"rendered":"http:\/\/www.tvturk.com\/index.php\/buyuksehirden-sali-pazarinda-corba-ikrami\/"},"modified":"2019-02-12T13:06:12","modified_gmt":"2019-02-12T10:06:12","slug":"buyuksehirden-sali-pazarinda-corba-ikrami","status":"publish","type":"post","link":"http:\/\/www.tvturk.com\/index.php\/buyuksehirden-sali-pazarinda-corba-ikrami\/","title":{"rendered":"B\u00fcy\u00fck\u015fehirden Sal\u0131 Pazar\u0131\u2019nda \u00e7orba ikram\u0131"},"content":{"rendered":"<p>Ayd\u0131n B\u00fcy\u00fck\u015fehir Belediyesi taraf\u0131ndan, Efeler Sal\u0131 Pazar\u0131\u2019nda esnaf ve vatanda\u015flara s\u0131cak \u00e7orba ikram\u0131nda bulunuldu.<\/p>\n<p>Sabah\u0131n erken saatlerinde \u00e7orba da\u011f\u0131t\u0131m\u0131na ba\u015flayan Ayd\u0131n B\u00fcy\u00fck\u015fehir Belediyesi ekipleri esnaf ve vatanda\u015flar\u0131n yo\u011fun ilgisi ile kar\u015f\u0131la\u015ft\u0131. Tezg\u00e2hlar\u0131n\u0131 a\u00e7an esnaflar ve sabah\u0131n erken saatlerinde al\u0131\u015fveri\u015fe gelen vatanda\u015flar s\u0131cak \u00e7orba ikram\u0131yla kar\u015f\u0131lanmalar\u0131ndan dolay\u0131 b\u00fcy\u00fck memnuniyet i\u00e7erisinde olduklar\u0131n\u0131 ifade etti. S\u0131cak \u00e7orbalar\u0131n\u0131 yudumlayan esnaf ve vatanda\u015flar, so\u011fuk k\u0131\u015f g\u00fcnlerinde b\u00f6ylesi bir uygulamay\u0131 hayata ge\u00e7irdi\u011fi i\u00e7in Ayd\u0131n B\u00fcy\u00fck\u015fehir Belediye Ba\u015fkan\u0131 \u00d6zlem \u00c7er\u00e7io\u011flu\u2019na te\u015fekk\u00fcr etti.<\/p>\n<p>S\u0131cak \u00e7orba uygulamas\u0131n\u0131n aral\u0131ks\u0131z devam edece\u011fini belirten Ayd\u0131n B\u00fcy\u00fck\u015fehir Belediye Ba\u015fkan\u0131 \u00d6zlem \u00c7er\u00e7io\u011flu \u201c\u00dcretici, esnaf ve vatanda\u015flar\u0131m\u0131z\u0131n her daim yan\u0131nda olduk, hep de olaca\u011f\u0131z. So\u011fuk k\u0131\u015f g\u00fcnlerinde Ayd\u0131n B\u00fcy\u00fck\u015fehir Belediyesi olarak s\u0131cak \u00e7orba uygulamam\u0131z aral\u0131ks\u0131z s\u00fcrecek. T\u00fcm vatanda\u015flar\u0131m\u0131za afiyet olsun\u201d dedi.<div class=\"tiled-gallery type-rectangular tiled-gallery-unresized\" data-original-width=\"500\" data-carousel-extra='null' itemscope itemtype=\"http:\/\/schema.org\/ImageGallery\" > <div class=\"gallery-row\" style=\"width: 500px; height: 251px;\" data-original-width=\"500\" data-original-height=\"251\" > <div class=\"gallery-group images-1\" style=\"width: 334px; height: 251px;\" data-original-width=\"334\" data-original-height=\"251\" > <div class=\"tiled-gallery-item tiled-gallery-item-large\" itemprop=\"associatedMedia\" itemscope itemtype=\"http:\/\/schema.org\/ImageObject\"> <a href=\"http:\/\/www.tvturk.com\/index.php\/buyuksehirden-sali-pazarinda-corba-ikrami\/buyuksehirden-sali-pazarinda-corba-ikrami-3\/\" border=\"0\" itemprop=\"url\"> <meta itemprop=\"width\" content=\"330\"> <meta itemprop=\"height\" content=\"247\"> <img decoding=\"async\" class=\"\" data-attachment-id=\"24915\" data-orig-file=\"http:\/\/www.tvturk.com\/wp-content\/uploads\/2019\/02\/buyuksehirden-sali-pazarinda-corba-ikrami_6b956a6.jpg\" data-orig-size=\"1000,750\" data-comments-opened=\"\" data-image-meta=\"{&quot;aperture&quot;:&quot;0&quot;,&quot;credit&quot;:&quot;IHA&quot;,&quot;camera&quot;:&quot;&quot;,&quot;caption&quot;:&quot;AYDIN B\\u00dcY\\u00dcK\\u015eEH\\u0130R BELED\\u0130YES\\u0130, EFELER SALI PAZARI\\u2019NDA ESNAF VE VATANDA\\u015eLARA SICAK \\u00c7ORBA \\u0130KRAM ETT\\u0130 (ONUR DURMU\\u015e\\\/AYDIN-\\u0130HA)&quot;,&quot;created_timestamp&quot;:&quot;0&quot;,&quot;copyright&quot;:&quot;\\u0130HLAS HABER AJANSI, www.iha.com.tr&quot;,&quot;focal_length&quot;:&quot;0&quot;,&quot;iso&quot;:&quot;0&quot;,&quot;shutter_speed&quot;:&quot;0&quot;,&quot;title&quot;:&quot;B\\u00dcY\\u00dcK\\u015eEH\\u0130RDEN SALI PAZARI\\u2019NDA \\u00c7ORBA \\u0130KRAMI&quot;,&quot;orientation&quot;:&quot;0&quot;}\" data-image-title=\"B\u00fcy\u00fck\u015fehirden Sal\u0131 Pazar\u0131\u2019nda \u00e7orba ikram\u0131\" data-image-description=\"&lt;p&gt;B\u00fcy\u00fck\u015fehirden Sal\u0131 Pazar\u0131\u2019nda \u00e7orba ikram\u0131&lt;\/p&gt; \" data-medium-file=\"https:\/\/i0.wp.com\/www.tvturk.com\/wp-content\/uploads\/2019\/02\/buyuksehirden-sali-pazarinda-corba-ikrami_6b956a6.jpg?fit=300%2C225\" data-large-file=\"https:\/\/i0.wp.com\/www.tvturk.com\/wp-content\/uploads\/2019\/02\/buyuksehirden-sali-pazarinda-corba-ikrami_6b956a6.jpg?fit=1000%2C750\" src=\"https:\/\/i0.wp.com\/www.tvturk.com\/wp-content\/uploads\/2019\/02\/buyuksehirden-sali-pazarinda-corba-ikrami_6b956a6.jpg?w=330&#038;h=247\" srcset=\"https:\/\/i0.wp.com\/www.tvturk.com\/wp-content\/uploads\/2019\/02\/buyuksehirden-sali-pazarinda-corba-ikrami_6b956a6.jpg?w=1000 1000w, https:\/\/i0.wp.com\/www.tvturk.com\/wp-content\/uploads\/2019\/02\/buyuksehirden-sali-pazarinda-corba-ikrami_6b956a6.jpg?resize=150%2C113 150w, https:\/\/i0.wp.com\/www.tvturk.com\/wp-content\/uploads\/2019\/02\/buyuksehirden-sali-pazarinda-corba-ikrami_6b956a6.jpg?resize=300%2C225 300w, https:\/\/i0.wp.com\/www.tvturk.com\/wp-content\/uploads\/2019\/02\/buyuksehirden-sali-pazarinda-corba-ikrami_6b956a6.jpg?resize=768%2C576 768w\" width=\"330\" height=\"247\" loading=\"lazy\" data-original-width=\"330\" data-original-height=\"247\" itemprop=\"http:\/\/schema.org\/image\" title=\"B\u00fcy\u00fck\u015fehirden Sal\u0131 Pazar\u0131\u2019nda \u00e7orba ikram\u0131\" alt=\"B\u00fcy\u00fck\u015fehirden Sal\u0131 Pazar\u0131\u2019nda \u00e7orba ikram\u0131\" style=\"width: 330px; height: 247px;\" \/> <\/a> <\/div> <\/div> <!-- close group --> <div class=\"gallery-group images-2\" style=\"width: 166px; height: 251px;\" data-original-width=\"166\" data-original-height=\"251\" > <div class=\"tiled-gallery-item tiled-gallery-item-small\" itemprop=\"associatedMedia\" itemscope itemtype=\"http:\/\/schema.org\/ImageObject\"> <a href=\"http:\/\/www.tvturk.com\/index.php\/buyuksehirden-sali-pazarinda-corba-ikrami\/buyuksehirden-sali-pazarinda-corba-ikrami-4\/\" border=\"0\" itemprop=\"url\"> <meta itemprop=\"width\" content=\"162\"> <meta itemprop=\"height\" content=\"122\"> <img decoding=\"async\" class=\"\" data-attachment-id=\"24916\" data-orig-file=\"http:\/\/www.tvturk.com\/wp-content\/uploads\/2019\/02\/buyuksehirden-sali-pazarinda-corba-ikrami_babae15.jpg\" data-orig-size=\"1000,750\" data-comments-opened=\"\" data-image-meta=\"{&quot;aperture&quot;:&quot;0&quot;,&quot;credit&quot;:&quot;IHA&quot;,&quot;camera&quot;:&quot;&quot;,&quot;caption&quot;:&quot;AYDIN B\\u00dcY\\u00dcK\\u015eEH\\u0130R BELED\\u0130YES\\u0130, EFELER SALI PAZARI\\u2019NDA ESNAF VE VATANDA\\u015eLARA SICAK \\u00c7ORBA \\u0130KRAM ETT\\u0130 (ONUR DURMU\\u015e\\\/AYDIN-\\u0130HA)&quot;,&quot;created_timestamp&quot;:&quot;0&quot;,&quot;copyright&quot;:&quot;\\u0130HLAS HABER AJANSI, www.iha.com.tr&quot;,&quot;focal_length&quot;:&quot;0&quot;,&quot;iso&quot;:&quot;0&quot;,&quot;shutter_speed&quot;:&quot;0&quot;,&quot;title&quot;:&quot;B\\u00dcY\\u00dcK\\u015eEH\\u0130RDEN SALI PAZARI\\u2019NDA \\u00c7ORBA \\u0130KRAMI&quot;,&quot;orientation&quot;:&quot;0&quot;}\" data-image-title=\"B\u00fcy\u00fck\u015fehirden Sal\u0131 Pazar\u0131\u2019nda \u00e7orba ikram\u0131\" data-image-description=\"&lt;p&gt;B\u00fcy\u00fck\u015fehirden Sal\u0131 Pazar\u0131\u2019nda \u00e7orba ikram\u0131&lt;\/p&gt; \" data-medium-file=\"https:\/\/i0.wp.com\/www.tvturk.com\/wp-content\/uploads\/2019\/02\/buyuksehirden-sali-pazarinda-corba-ikrami_babae15.jpg?fit=300%2C225\" data-large-file=\"https:\/\/i0.wp.com\/www.tvturk.com\/wp-content\/uploads\/2019\/02\/buyuksehirden-sali-pazarinda-corba-ikrami_babae15.jpg?fit=1000%2C750\" src=\"https:\/\/i0.wp.com\/www.tvturk.com\/wp-content\/uploads\/2019\/02\/buyuksehirden-sali-pazarinda-corba-ikrami_babae15.jpg?w=162&#038;h=122\" srcset=\"https:\/\/i0.wp.com\/www.tvturk.com\/wp-content\/uploads\/2019\/02\/buyuksehirden-sali-pazarinda-corba-ikrami_babae15.jpg?w=1000 1000w, https:\/\/i0.wp.com\/www.tvturk.com\/wp-content\/uploads\/2019\/02\/buyuksehirden-sali-pazarinda-corba-ikrami_babae15.jpg?resize=150%2C113 150w, https:\/\/i0.wp.com\/www.tvturk.com\/wp-content\/uploads\/2019\/02\/buyuksehirden-sali-pazarinda-corba-ikrami_babae15.jpg?resize=300%2C225 300w, https:\/\/i0.wp.com\/www.tvturk.com\/wp-content\/uploads\/2019\/02\/buyuksehirden-sali-pazarinda-corba-ikrami_babae15.jpg?resize=768%2C576 768w\" width=\"162\" height=\"122\" loading=\"lazy\" data-original-width=\"162\" data-original-height=\"122\" itemprop=\"http:\/\/schema.org\/image\" title=\"B\u00fcy\u00fck\u015fehirden Sal\u0131 Pazar\u0131\u2019nda \u00e7orba ikram\u0131\" alt=\"B\u00fcy\u00fck\u015fehirden Sal\u0131 Pazar\u0131\u2019nda \u00e7orba ikram\u0131\" style=\"width: 162px; height: 122px;\" \/> <\/a> <\/div> <div class=\"tiled-gallery-item tiled-gallery-item-small\" itemprop=\"associatedMedia\" itemscope itemtype=\"http:\/\/schema.org\/ImageObject\"> <a href=\"http:\/\/www.tvturk.com\/index.php\/buyuksehirden-sali-pazarinda-corba-ikrami\/buyuksehirden-sali-pazarinda-corba-ikrami-5\/\" border=\"0\" itemprop=\"url\"> <meta itemprop=\"width\" content=\"162\"> <meta itemprop=\"height\" content=\"121\"> <img decoding=\"async\" class=\"\" data-attachment-id=\"24917\" data-orig-file=\"http:\/\/www.tvturk.com\/wp-content\/uploads\/2019\/02\/buyuksehirden-sali-pazarinda-corba-ikrami_400ed62.jpg\" data-orig-size=\"1000,750\" data-comments-opened=\"\" data-image-meta=\"{&quot;aperture&quot;:&quot;0&quot;,&quot;credit&quot;:&quot;IHA&quot;,&quot;camera&quot;:&quot;&quot;,&quot;caption&quot;:&quot;AYDIN B\\u00dcY\\u00dcK\\u015eEH\\u0130R BELED\\u0130YES\\u0130, EFELER SALI PAZARI\\u2019NDA ESNAF VE VATANDA\\u015eLARA SICAK \\u00c7ORBA \\u0130KRAM ETT\\u0130 (ONUR DURMU\\u015e\\\/AYDIN-\\u0130HA)&quot;,&quot;created_timestamp&quot;:&quot;0&quot;,&quot;copyright&quot;:&quot;\\u0130HLAS HABER AJANSI, www.iha.com.tr&quot;,&quot;focal_length&quot;:&quot;0&quot;,&quot;iso&quot;:&quot;0&quot;,&quot;shutter_speed&quot;:&quot;0&quot;,&quot;title&quot;:&quot;B\\u00dcY\\u00dcK\\u015eEH\\u0130RDEN SALI PAZARI\\u2019NDA \\u00c7ORBA \\u0130KRAMI&quot;,&quot;orientation&quot;:&quot;0&quot;}\" data-image-title=\"B\u00fcy\u00fck\u015fehirden Sal\u0131 Pazar\u0131\u2019nda \u00e7orba ikram\u0131\" data-image-description=\"&lt;p&gt;B\u00fcy\u00fck\u015fehirden Sal\u0131 Pazar\u0131\u2019nda \u00e7orba ikram\u0131&lt;\/p&gt; \" data-medium-file=\"https:\/\/i0.wp.com\/www.tvturk.com\/wp-content\/uploads\/2019\/02\/buyuksehirden-sali-pazarinda-corba-ikrami_400ed62.jpg?fit=300%2C225\" data-large-file=\"https:\/\/i0.wp.com\/www.tvturk.com\/wp-content\/uploads\/2019\/02\/buyuksehirden-sali-pazarinda-corba-ikrami_400ed62.jpg?fit=1000%2C750\" src=\"https:\/\/i0.wp.com\/www.tvturk.com\/wp-content\/uploads\/2019\/02\/buyuksehirden-sali-pazarinda-corba-ikrami_400ed62.jpg?w=162&#038;h=121\" srcset=\"https:\/\/i0.wp.com\/www.tvturk.com\/wp-content\/uploads\/2019\/02\/buyuksehirden-sali-pazarinda-corba-ikrami_400ed62.jpg?w=1000 1000w, https:\/\/i0.wp.com\/www.tvturk.com\/wp-content\/uploads\/2019\/02\/buyuksehirden-sali-pazarinda-corba-ikrami_400ed62.jpg?resize=150%2C113 150w, https:\/\/i0.wp.com\/www.tvturk.com\/wp-content\/uploads\/2019\/02\/buyuksehirden-sali-pazarinda-corba-ikrami_400ed62.jpg?resize=300%2C225 300w, https:\/\/i0.wp.com\/www.tvturk.com\/wp-content\/uploads\/2019\/02\/buyuksehirden-sali-pazarinda-corba-ikrami_400ed62.jpg?resize=768%2C576 768w\" width=\"162\" height=\"121\" loading=\"lazy\" data-original-width=\"162\" data-original-height=\"121\" itemprop=\"http:\/\/schema.org\/image\" title=\"B\u00fcy\u00fck\u015fehirden Sal\u0131 Pazar\u0131\u2019nda \u00e7orba ikram\u0131\" alt=\"B\u00fcy\u00fck\u015fehirden Sal\u0131 Pazar\u0131\u2019nda \u00e7orba ikram\u0131\" style=\"width: 162px; height: 121px;\" \/> <\/a> <\/div> <\/div> <!-- close group --> <\/div> <!-- close row --> <div class=\"gallery-row\" style=\"width: 500px; height: 126px;\" data-original-width=\"500\" data-original-height=\"126\" > <div class=\"gallery-group images-1\" style=\"width: 167px; height: 126px;\" data-original-width=\"167\" data-original-height=\"126\" > <div class=\"tiled-gallery-item tiled-gallery-item-small\" itemprop=\"associatedMedia\" itemscope itemtype=\"http:\/\/schema.org\/ImageObject\"> <a href=\"http:\/\/www.tvturk.com\/index.php\/buyuksehirden-sali-pazarinda-corba-ikrami\/buyuksehirden-sali-pazarinda-corba-ikrami-6\/\" border=\"0\" itemprop=\"url\"> <meta itemprop=\"width\" content=\"163\"> <meta itemprop=\"height\" content=\"122\"> <img decoding=\"async\" class=\"\" data-attachment-id=\"24918\" data-orig-file=\"http:\/\/www.tvturk.com\/wp-content\/uploads\/2019\/02\/buyuksehirden-sali-pazarinda-corba-ikrami_d4fe2f1.jpg\" data-orig-size=\"1000,750\" data-comments-opened=\"\" data-image-meta=\"{&quot;aperture&quot;:&quot;0&quot;,&quot;credit&quot;:&quot;IHA&quot;,&quot;camera&quot;:&quot;&quot;,&quot;caption&quot;:&quot;AYDIN B\\u00dcY\\u00dcK\\u015eEH\\u0130R BELED\\u0130YES\\u0130, EFELER SALI PAZARI\\u2019NDA ESNAF VE VATANDA\\u015eLARA SICAK \\u00c7ORBA \\u0130KRAM ETT\\u0130 (ONUR DURMU\\u015e\\\/AYDIN-\\u0130HA)&quot;,&quot;created_timestamp&quot;:&quot;0&quot;,&quot;copyright&quot;:&quot;\\u0130HLAS HABER AJANSI, www.iha.com.tr&quot;,&quot;focal_length&quot;:&quot;0&quot;,&quot;iso&quot;:&quot;0&quot;,&quot;shutter_speed&quot;:&quot;0&quot;,&quot;title&quot;:&quot;B\\u00dcY\\u00dcK\\u015eEH\\u0130RDEN SALI PAZARI\\u2019NDA \\u00c7ORBA \\u0130KRAMI&quot;,&quot;orientation&quot;:&quot;0&quot;}\" data-image-title=\"B\u00fcy\u00fck\u015fehirden Sal\u0131 Pazar\u0131\u2019nda \u00e7orba ikram\u0131\" data-image-description=\"&lt;p&gt;B\u00fcy\u00fck\u015fehirden Sal\u0131 Pazar\u0131\u2019nda \u00e7orba ikram\u0131&lt;\/p&gt; \" data-medium-file=\"https:\/\/i0.wp.com\/www.tvturk.com\/wp-content\/uploads\/2019\/02\/buyuksehirden-sali-pazarinda-corba-ikrami_d4fe2f1.jpg?fit=300%2C225\" data-large-file=\"https:\/\/i0.wp.com\/www.tvturk.com\/wp-content\/uploads\/2019\/02\/buyuksehirden-sali-pazarinda-corba-ikrami_d4fe2f1.jpg?fit=1000%2C750\" src=\"https:\/\/i0.wp.com\/www.tvturk.com\/wp-content\/uploads\/2019\/02\/buyuksehirden-sali-pazarinda-corba-ikrami_d4fe2f1.jpg?w=163&#038;h=122\" srcset=\"https:\/\/i0.wp.com\/www.tvturk.com\/wp-content\/uploads\/2019\/02\/buyuksehirden-sali-pazarinda-corba-ikrami_d4fe2f1.jpg?w=1000 1000w, https:\/\/i0.wp.com\/www.tvturk.com\/wp-content\/uploads\/2019\/02\/buyuksehirden-sali-pazarinda-corba-ikrami_d4fe2f1.jpg?resize=150%2C113 150w, https:\/\/i0.wp.com\/www.tvturk.com\/wp-content\/uploads\/2019\/02\/buyuksehirden-sali-pazarinda-corba-ikrami_d4fe2f1.jpg?resize=300%2C225 300w, https:\/\/i0.wp.com\/www.tvturk.com\/wp-content\/uploads\/2019\/02\/buyuksehirden-sali-pazarinda-corba-ikrami_d4fe2f1.jpg?resize=768%2C576 768w\" width=\"163\" height=\"122\" loading=\"lazy\" data-original-width=\"163\" data-original-height=\"122\" itemprop=\"http:\/\/schema.org\/image\" title=\"B\u00fcy\u00fck\u015fehirden Sal\u0131 Pazar\u0131\u2019nda \u00e7orba ikram\u0131\" alt=\"B\u00fcy\u00fck\u015fehirden Sal\u0131 Pazar\u0131\u2019nda \u00e7orba ikram\u0131\" style=\"width: 163px; height: 122px;\" \/> <\/a> <\/div> <\/div> <!-- close group --> <div class=\"gallery-group images-1\" style=\"width: 167px; height: 126px;\" data-original-width=\"167\" data-original-height=\"126\" > <div class=\"tiled-gallery-item tiled-gallery-item-small\" itemprop=\"associatedMedia\" itemscope itemtype=\"http:\/\/schema.org\/ImageObject\"> <a href=\"http:\/\/www.tvturk.com\/index.php\/buyuksehirden-sali-pazarinda-corba-ikrami\/buyuksehirden-sali-pazarinda-corba-ikrami-7\/\" border=\"0\" itemprop=\"url\"> <meta itemprop=\"width\" content=\"163\"> <meta itemprop=\"height\" content=\"122\"> <img decoding=\"async\" class=\"\" data-attachment-id=\"24919\" data-orig-file=\"http:\/\/www.tvturk.com\/wp-content\/uploads\/2019\/02\/buyuksehirden-sali-pazarinda-corba-ikrami_a87cfca.jpg\" data-orig-size=\"1000,750\" data-comments-opened=\"\" data-image-meta=\"{&quot;aperture&quot;:&quot;0&quot;,&quot;credit&quot;:&quot;IHA&quot;,&quot;camera&quot;:&quot;&quot;,&quot;caption&quot;:&quot;AYDIN B\\u00dcY\\u00dcK\\u015eEH\\u0130R BELED\\u0130YES\\u0130, EFELER SALI PAZARI\\u2019NDA ESNAF VE VATANDA\\u015eLARA SICAK \\u00c7ORBA \\u0130KRAM ETT\\u0130 (ONUR DURMU\\u015e\\\/AYDIN-\\u0130HA)&quot;,&quot;created_timestamp&quot;:&quot;0&quot;,&quot;copyright&quot;:&quot;\\u0130HLAS HABER AJANSI, www.iha.com.tr&quot;,&quot;focal_length&quot;:&quot;0&quot;,&quot;iso&quot;:&quot;0&quot;,&quot;shutter_speed&quot;:&quot;0&quot;,&quot;title&quot;:&quot;B\\u00dcY\\u00dcK\\u015eEH\\u0130RDEN SALI PAZARI\\u2019NDA \\u00c7ORBA \\u0130KRAMI&quot;,&quot;orientation&quot;:&quot;0&quot;}\" data-image-title=\"B\u00fcy\u00fck\u015fehirden Sal\u0131 Pazar\u0131\u2019nda \u00e7orba ikram\u0131\" data-image-description=\"&lt;p&gt;B\u00fcy\u00fck\u015fehirden Sal\u0131 Pazar\u0131\u2019nda \u00e7orba ikram\u0131&lt;\/p&gt; \" data-medium-file=\"https:\/\/i0.wp.com\/www.tvturk.com\/wp-content\/uploads\/2019\/02\/buyuksehirden-sali-pazarinda-corba-ikrami_a87cfca.jpg?fit=300%2C225\" data-large-file=\"https:\/\/i0.wp.com\/www.tvturk.com\/wp-content\/uploads\/2019\/02\/buyuksehirden-sali-pazarinda-corba-ikrami_a87cfca.jpg?fit=1000%2C750\" src=\"https:\/\/i0.wp.com\/www.tvturk.com\/wp-content\/uploads\/2019\/02\/buyuksehirden-sali-pazarinda-corba-ikrami_a87cfca.jpg?w=163&#038;h=122\" srcset=\"https:\/\/i0.wp.com\/www.tvturk.com\/wp-content\/uploads\/2019\/02\/buyuksehirden-sali-pazarinda-corba-ikrami_a87cfca.jpg?w=1000 1000w, https:\/\/i0.wp.com\/www.tvturk.com\/wp-content\/uploads\/2019\/02\/buyuksehirden-sali-pazarinda-corba-ikrami_a87cfca.jpg?resize=150%2C113 150w, https:\/\/i0.wp.com\/www.tvturk.com\/wp-content\/uploads\/2019\/02\/buyuksehirden-sali-pazarinda-corba-ikrami_a87cfca.jpg?resize=300%2C225 300w, https:\/\/i0.wp.com\/www.tvturk.com\/wp-content\/uploads\/2019\/02\/buyuksehirden-sali-pazarinda-corba-ikrami_a87cfca.jpg?resize=768%2C576 768w\" width=\"163\" height=\"122\" loading=\"lazy\" data-original-width=\"163\" data-original-height=\"122\" itemprop=\"http:\/\/schema.org\/image\" title=\"B\u00fcy\u00fck\u015fehirden Sal\u0131 Pazar\u0131\u2019nda \u00e7orba ikram\u0131\" alt=\"B\u00fcy\u00fck\u015fehirden Sal\u0131 Pazar\u0131\u2019nda \u00e7orba ikram\u0131\" style=\"width: 163px; height: 122px;\" \/> <\/a> <\/div> <\/div> <!-- close group --> <div class=\"gallery-group images-1\" style=\"width: 166px; height: 126px;\" data-original-width=\"166\" data-original-height=\"126\" > <div class=\"tiled-gallery-item tiled-gallery-item-small\" itemprop=\"associatedMedia\" itemscope itemtype=\"http:\/\/schema.org\/ImageObject\"> <a href=\"http:\/\/www.tvturk.com\/index.php\/buyuksehirden-sali-pazarinda-corba-ikrami\/buyuksehirden-sali-pazarinda-corba-ikrami-8\/\" border=\"0\" itemprop=\"url\"> <meta itemprop=\"width\" content=\"162\"> <meta itemprop=\"height\" content=\"122\"> <img decoding=\"async\" class=\"\" data-attachment-id=\"24920\" data-orig-file=\"http:\/\/www.tvturk.com\/wp-content\/uploads\/2019\/02\/buyuksehirden-sali-pazarinda-corba-ikrami_7349035.jpg\" data-orig-size=\"1000,750\" data-comments-opened=\"\" data-image-meta=\"{&quot;aperture&quot;:&quot;0&quot;,&quot;credit&quot;:&quot;IHA&quot;,&quot;camera&quot;:&quot;&quot;,&quot;caption&quot;:&quot;AYDIN B\\u00dcY\\u00dcK\\u015eEH\\u0130R BELED\\u0130YES\\u0130, EFELER SALI PAZARI\\u2019NDA ESNAF VE VATANDA\\u015eLARA SICAK \\u00c7ORBA \\u0130KRAM ETT\\u0130 (ONUR DURMU\\u015e\\\/AYDIN-\\u0130HA)&quot;,&quot;created_timestamp&quot;:&quot;0&quot;,&quot;copyright&quot;:&quot;\\u0130HLAS HABER AJANSI, www.iha.com.tr&quot;,&quot;focal_length&quot;:&quot;0&quot;,&quot;iso&quot;:&quot;0&quot;,&quot;shutter_speed&quot;:&quot;0&quot;,&quot;title&quot;:&quot;B\\u00dcY\\u00dcK\\u015eEH\\u0130RDEN SALI PAZARI\\u2019NDA \\u00c7ORBA \\u0130KRAMI&quot;,&quot;orientation&quot;:&quot;0&quot;}\" data-image-title=\"B\u00fcy\u00fck\u015fehirden Sal\u0131 Pazar\u0131\u2019nda \u00e7orba ikram\u0131\" data-image-description=\"&lt;p&gt;B\u00fcy\u00fck\u015fehirden Sal\u0131 Pazar\u0131\u2019nda \u00e7orba ikram\u0131&lt;\/p&gt; \" data-medium-file=\"https:\/\/i0.wp.com\/www.tvturk.com\/wp-content\/uploads\/2019\/02\/buyuksehirden-sali-pazarinda-corba-ikrami_7349035.jpg?fit=300%2C225\" data-large-file=\"https:\/\/i0.wp.com\/www.tvturk.com\/wp-content\/uploads\/2019\/02\/buyuksehirden-sali-pazarinda-corba-ikrami_7349035.jpg?fit=1000%2C750\" src=\"https:\/\/i0.wp.com\/www.tvturk.com\/wp-content\/uploads\/2019\/02\/buyuksehirden-sali-pazarinda-corba-ikrami_7349035.jpg?w=162&#038;h=122\" srcset=\"https:\/\/i0.wp.com\/www.tvturk.com\/wp-content\/uploads\/2019\/02\/buyuksehirden-sali-pazarinda-corba-ikrami_7349035.jpg?w=1000 1000w, https:\/\/i0.wp.com\/www.tvturk.com\/wp-content\/uploads\/2019\/02\/buyuksehirden-sali-pazarinda-corba-ikrami_7349035.jpg?resize=150%2C113 150w, https:\/\/i0.wp.com\/www.tvturk.com\/wp-content\/uploads\/2019\/02\/buyuksehirden-sali-pazarinda-corba-ikrami_7349035.jpg?resize=300%2C225 300w, https:\/\/i0.wp.com\/www.tvturk.com\/wp-content\/uploads\/2019\/02\/buyuksehirden-sali-pazarinda-corba-ikrami_7349035.jpg?resize=768%2C576 768w\" width=\"162\" height=\"122\" loading=\"lazy\" data-original-width=\"162\" data-original-height=\"122\" itemprop=\"http:\/\/schema.org\/image\" title=\"B\u00fcy\u00fck\u015fehirden Sal\u0131 Pazar\u0131\u2019nda \u00e7orba ikram\u0131\" alt=\"B\u00fcy\u00fck\u015fehirden Sal\u0131 Pazar\u0131\u2019nda \u00e7orba ikram\u0131\" style=\"width: 162px; height: 122px;\" \/> <\/a> <\/div> <\/div> <!-- close group --> <\/div> <!-- close row --> <\/div><\/p>\n","protected":false},"excerpt":{"rendered":"<p>AYDIN B\u00dcY\u00dcK\u015eEH\u0130R BELED\u0130YES\u0130, EFELER SALI PAZARI\u2019NDA ESNAF VE VATANDA\u015eLARA SICAK \u00c7ORBA \u0130KRAM ETT\u0130<\/p>\n","protected":false},"author":1,"featured_media":24914,"comment_status":"closed","ping_status":"open","sticky":false,"template":"","format":"standard","meta":{"jetpack_post_was_ever_published":false,"_jetpack_newsletter_access":"","_jetpack_dont_email_post_to_subs":false,"_jetpack_newsletter_tier_id":0,"_jetpack_memberships_contains_paywalled_content":false,"_jetpack_memberships_contains_paid_content":false,"footnotes":"","jetpack_publicize_message":"","jetpack_publicize_feature_enabled":true,"jetpack_social_post_already_shared":false,"jetpack_social_options":{"image_generator_settings":{"template":"highway","default_image_id":0,"font":"","enabled":false},"version":2}},"categories":[655],"tags":[733,9156,7799,5968,447],"class_list":["post-24913","post","type-post","status-publish","format-standard","has-post-thumbnail","hentry","category-son-dakika","tag-buyuksehirden","tag-corba","tag-ikrami","tag-pazarinda","tag-sali"],"jetpack_publicize_connections":[],"jetpack_featured_media_url":"https:\/\/i0.wp.com\/www.tvturk.com\/wp-content\/uploads\/2019\/02\/buyuksehirden-sali-pazarinda-corba-ikrami_6d2b0eb.jpg?fit=1000%2C666","jetpack_sharing_enabled":true,"jetpack_shortlink":"https:\/\/wp.me\/paKIfm-6tP","_links":{"self":[{"href":"http:\/\/www.tvturk.com\/index.php\/wp-json\/wp\/v2\/posts\/24913","targetHints":{"allow":["GET"]}}],"collection":[{"href":"http:\/\/www.tvturk.com\/index.php\/wp-json\/wp\/v2\/posts"}],"about":[{"href":"http:\/\/www.tvturk.com\/index.php\/wp-json\/wp\/v2\/types\/post"}],"author":[{"embeddable":true,"href":"http:\/\/www.tvturk.com\/index.php\/wp-json\/wp\/v2\/users\/1"}],"replies":[{"embeddable":true,"href":"http:\/\/www.tvturk.com\/index.php\/wp-json\/wp\/v2\/comments?post=24913"}],"version-history":[{"count":1,"href":"http:\/\/www.tvturk.com\/index.php\/wp-json\/wp\/v2\/posts\/24913\/revisions"}],"predecessor-version":[{"id":24921,"href":"http:\/\/www.tvturk.com\/index.php\/wp-json\/wp\/v2\/posts\/24913\/revisions\/24921"}],"wp:featuredmedia":[{"embeddable":true,"href":"http:\/\/www.tvturk.com\/index.php\/wp-json\/wp\/v2\/media\/24914"}],"wp:attachment":[{"href":"http:\/\/www.tvturk.com\/index.php\/wp-json\/wp\/v2\/media?parent=24913"}],"wp:term":[{"taxonomy":"category","embeddable":true,"href":"http:\/\/www.tvturk.com\/index.php\/wp-json\/wp\/v2\/categories?post=24913"},{"taxonomy":"post_tag","embeddable":true,"href":"http:\/\/www.tvturk.com\/index.php\/wp-json\/wp\/v2\/tags?post=24913"}],"curies":[{"name":"wp","href":"https:\/\/api.w.org\/{rel}","templated":true}]}}