{"id":249173,"date":"2019-12-29T17:17:20","date_gmt":"2019-12-29T14:17:20","guid":{"rendered":"http:\/\/www.tvturk.com\/index.php\/ersan-parlatan-aleyhimize-olan-kararlar-oldu\/"},"modified":"2019-12-29T17:17:20","modified_gmt":"2019-12-29T14:17:20","slug":"ersan-parlatan-aleyhimize-olan-kararlar-oldu","status":"publish","type":"post","link":"http:\/\/www.tvturk.com\/index.php\/ersan-parlatan-aleyhimize-olan-kararlar-oldu\/","title":{"rendered":"Ersan Parlatan: \u201cAleyhimize olan kararlar oldu\u201d"},"content":{"rendered":"<p>S\u00fcper Lig\u2019in ilk devresinin son haftas\u0131nda G\u00f6ztepe deplasmanda DG Sivasspor\u2019a 1-0 yenildi. Ma\u00e7 sonu konu\u015fan G\u00f6ztepe yard\u0131mc\u0131 antren\u00f6r\u00fc Ersan Parlatan, \u201cSadece hakemlerin bu do\u011frultuda etki alt\u0131nda kalmamas\u0131n\u0131 diliyoruz. \u00c7o\u011fu zaman bu ortak toplarda, d\u00f6nen toplarda uzak ayr\u0131nt\u0131 bu ama \u00e7o\u011fu zaman bizim aleyhimize olan kararlar oldu. \u00c7abuk \u00e7\u0131kmam\u0131z\u0131 engelledi. Biz yine de bu duru\u015fumuzdan \u00f6d\u00fcn vermeyece\u011fiz\u201d dedi.<\/p>\n<p>Ma\u00e7\u0131n ard\u0131ndan d\u00fczenlenen bas\u0131n toplant\u0131s\u0131nda konu\u015fan G\u00f6ztepe yard\u0131mc\u0131 antren\u00f6r\u00fc Ersan Parlatan, Sivasspor\u2019u ald\u0131\u011f\u0131 galibiyetten dolay\u0131 tebrik etti.<\/p>\n<p>Parlatan, ma\u00e7\u0131n hakemine verdi\u011fi kararlardan dolay\u0131 serzeni\u015fte bulunarak, \u201cSivasspor\u2019u tebrik ediyoruz 1-0 bizi yendiler ve galip geldiler. Zaten lider olduklar\u0131ndan dolay\u0131 da iyi bir ilk devre ge\u00e7irdiler. Bunu burada bug\u00fcn de ispatlad\u0131lar ama ma\u00e7\u0131n devam\u0131na gelmeden \u00f6nce \u015funu da belirtmek gerekiyor ki biz teknik ekip olarak teknik direkt\u00f6r\u00fcm\u00fcz do\u011frultusunda yedek kul\u00fcbesinde gayet sakin kal\u0131p hakemin kararlar\u0131na sayg\u0131 duyuyoruz. Her t\u00fcrl\u00fc futbolu g\u00fczelle\u015ftirmek i\u00e7in belli bir \u00f6l\u00e7\u00fcde sayg\u0131 duyuyoruz. Bug\u00fcn \u00e7o\u011fu pozisyonda topu kapt\u0131\u011f\u0131m\u0131z zaman ayn\u0131 \u015feyi yan taraftan g\u00f6remedik. Bu su\u00e7lamak ad\u0131na de\u011fil. Sadece hakemlerin bu do\u011frultuda etki alt\u0131nda kalmamas\u0131n\u0131 diliyoruz. \u00c7o\u011fu zaman bu ortak toplarda, d\u00f6nen toplarda uzak ayr\u0131nt\u0131 bu ama \u00e7o\u011fu zaman bizim aleyhimize olan kararlar oldu. \u00c7abuk \u00e7\u0131kmam\u0131z\u0131 engelledi. Biz yine de bu duru\u015fumuzdan \u00f6d\u00fcn vermeyece\u011fiz. Her zaman hakemlere destek olaca\u011f\u0131z. Israr\u0131m\u0131z\u0131 bir \u015fekilde belli \u00f6l\u00e7\u00fcde tutaca\u011f\u0131z ki bu futbolu g\u00fczelle\u015ftirelim, hakemin i\u015fini kolayla\u015ft\u0131ral\u0131m\u201d dedi.<\/p>\n<p>\u201cM\u00fccadele g\u00fcc\u00fc \u00e7ok y\u00fcksekti\u201d<\/p>\n<p>Yard\u0131mc\u0131 antren\u00f6r Parlatan, ma\u00e7ta m\u00fccadele g\u00fcc\u00fcn\u00fcn y\u00fcksek oldu\u011funu ifade ederek, \u201cMa\u00e7a gelince m\u00fccadele g\u00fcc\u00fc y\u00fcksek bir ma\u00e7t\u0131. \u0130ki ceza sahas\u0131 aras\u0131nda oynanan bir futboldu. \u00c7ok az duran toplar oldu, \u00e7ok az korner oldu. M\u00fccadele g\u00fcc\u00fc y\u00fcksek bir ma\u00e7t\u0131. Pozisyon zenginli\u011fi azd\u0131. \u0130ki tak\u0131mda \u00e7ok net iyi futbol sergileyemese de m\u00fccadele g\u00fcc\u00fc \u00e7ok y\u00fcksekti. O y\u00fczden iki tak\u0131m\u0131 da tebrik ediyoruz. Biz G\u00f6ztepe olarak Sivasspor\u2019u ald\u0131\u011f\u0131 3 puandan dolay\u0131 tebrik ediyoruz\u201d ifadesini kulland\u0131.<\/p>\n","protected":false},"excerpt":{"rendered":"<p>G\u00d6ZTEPE YARDIMCI ANTREN\u00d6R\u00dc ERSAN PARLATAN; \u201cSADECE HAKEMLER\u0130N BU DO\u011eRULTUDA ETK\u0130 ALTINDA KALMAMASINI D\u0130L\u0130YORUZ. \u00c7O\u011eU ZAMAN BU ORTAK TOPLARDA, D\u00d6NEN TOPLARDA UZAK AYRINTI BU AMA \u00c7O\u011eU ZAMAN B\u0130Z\u0130M ALEYH\u0130M\u0130ZE OLAN KARARLAR OLDU. \u00c7ABUK \u00c7IKMAMIZI ENGELLED\u0130. B\u0130Z Y\u0130NE DE BU DURU\u015eUMUZDAN \u00d6D\u00dcN VERMEYECE\u011e\u0130Z\u201d DED\u0130.<\/p>\n","protected":false},"author":1,"featured_media":249174,"comment_status":"closed","ping_status":"open","sticky":false,"template":"","format":"standard","meta":{"jetpack_post_was_ever_published":false,"_jetpack_newsletter_access":"","_jetpack_dont_email_post_to_subs":false,"_jetpack_newsletter_tier_id":0,"_jetpack_memberships_contains_paywalled_content":false,"_jetpack_memberships_contains_paid_content":false,"footnotes":"","jetpack_publicize_message":"","jetpack_publicize_feature_enabled":true,"jetpack_social_post_already_shared":true,"jetpack_social_options":{"image_generator_settings":{"template":"highway","default_image_id":0,"font":"","enabled":false},"version":2}},"categories":[657],"tags":[61846,35134,55872,572,77,58512],"class_list":["post-249173","post","type-post","status-publish","format-standard","has-post-thumbnail","hentry","category-spor","tag-aleyhimize","tag-ersan","tag-kararlar","tag-olan","tag-oldu","tag-parlatan"],"jetpack_publicize_connections":[],"jetpack_featured_media_url":"https:\/\/i0.wp.com\/www.tvturk.com\/wp-content\/uploads\/2019\/12\/ersan-parlatan-aleyhimize-olan-kararlar-oldu_07e9ba5.jpg?fit=1000%2C658","jetpack_sharing_enabled":true,"jetpack_shortlink":"https:\/\/wp.me\/paKIfm-12OV","_links":{"self":[{"href":"http:\/\/www.tvturk.com\/index.php\/wp-json\/wp\/v2\/posts\/249173","targetHints":{"allow":["GET"]}}],"collection":[{"href":"http:\/\/www.tvturk.com\/index.php\/wp-json\/wp\/v2\/posts"}],"about":[{"href":"http:\/\/www.tvturk.com\/index.php\/wp-json\/wp\/v2\/types\/post"}],"author":[{"embeddable":true,"href":"http:\/\/www.tvturk.com\/index.php\/wp-json\/wp\/v2\/users\/1"}],"replies":[{"embeddable":true,"href":"http:\/\/www.tvturk.com\/index.php\/wp-json\/wp\/v2\/comments?post=249173"}],"version-history":[{"count":0,"href":"http:\/\/www.tvturk.com\/index.php\/wp-json\/wp\/v2\/posts\/249173\/revisions"}],"wp:featuredmedia":[{"embeddable":true,"href":"http:\/\/www.tvturk.com\/index.php\/wp-json\/wp\/v2\/media\/249174"}],"wp:attachment":[{"href":"http:\/\/www.tvturk.com\/index.php\/wp-json\/wp\/v2\/media?parent=249173"}],"wp:term":[{"taxonomy":"category","embeddable":true,"href":"http:\/\/www.tvturk.com\/index.php\/wp-json\/wp\/v2\/categories?post=249173"},{"taxonomy":"post_tag","embeddable":true,"href":"http:\/\/www.tvturk.com\/index.php\/wp-json\/wp\/v2\/tags?post=249173"}],"curies":[{"name":"wp","href":"https:\/\/api.w.org\/{rel}","templated":true}]}}