{"id":249181,"date":"2019-12-29T17:32:53","date_gmt":"2019-12-29T14:32:53","guid":{"rendered":"http:\/\/www.tvturk.com\/index.php\/menemensporu-1-lige-tasiyan-aydin-sahin-vefat-etti\/"},"modified":"2019-12-29T17:32:53","modified_gmt":"2019-12-29T14:32:53","slug":"menemensporu-1-lige-tasiyan-aydin-sahin-vefat-etti","status":"publish","type":"post","link":"http:\/\/www.tvturk.com\/index.php\/menemensporu-1-lige-tasiyan-aydin-sahin-vefat-etti\/","title":{"rendered":"Menemenspor\u2019u 1. lige ta\u015f\u0131yan Ayd\u0131n \u015eahin vefat etti"},"content":{"rendered":"<p>Menemenspor\u2019un amat\u00f6r ligden 1\u2019inci lige kadar ba\u015fkanl\u0131\u011f\u0131n\u0131 yapan Menemen eski Belediye Ba\u015fkan\u0131 Tahir \u015eahin\u2019in karde\u015fi Ayd\u0131n \u015eahin vefat etti.<\/p>\n<p>Sar\u0131-lacivertli tak\u0131m\u0131n 13 y\u0131l ba\u015fkanl\u0131\u011f\u0131n\u0131 yapan, Menemen eski Belediye Ba\u015fkan\u0131 Tahir \u015eahin\u2019in karde\u015fi Ayd\u0131n \u015eahin, bir s\u00fcredir tedavi g\u00f6rd\u00fc\u011f\u00fc rahats\u0131zl\u0131\u011fa yenik d\u00fc\u015ferek, 59 ya\u015f\u0131nda hayat\u0131n\u0131 kaybetti. Ayd\u0131n \u015eahin\u2019in cenazesi \u00f6\u011fle namaz\u0131 sonras\u0131 Kas\u0131mpa\u015fa Camiinde k\u0131l\u0131nan cenaze namaz\u0131n\u0131n ard\u0131ndan Menemen Merkez Mezarl\u0131\u011f\u0131na defnedildi. \u015eahin ailesinin ac\u0131 g\u00fcn\u00fcnde sevenleri yaln\u0131z b\u0131rakmad\u0131. Cenazeye \u0130zmir\u2019deki spor camias\u0131ndan bir\u00e7ok ismin yan\u0131 s\u0131ra belediye ba\u015fkanlar\u0131 ve siyaset\u00e7iler kat\u0131ld\u0131.<\/p>\n","protected":false},"excerpt":{"rendered":"<p>MENEMENSPOR\u2019UN AMAT\u00d6R L\u0130GDEN 1\u2019\u0130NC\u0130 L\u0130GE KADAR BA\u015eKANLI\u011eINI YAPAN ESK\u0130 MENEMEN BELED\u0130YE BA\u015eKANI TAH\u0130R \u015eAH\u0130N\u2019\u0130N KARDE\u015e\u0130 EFSANE BA\u015eKAN AYDIN \u015eAH\u0130N VEFAT ETT\u0130. ( AYHAN EDERO\u011eLU \/ \u0130HA \u2013 \u0130ZM\u0130R )<\/p>\n","protected":false},"author":1,"featured_media":249182,"comment_status":"closed","ping_status":"open","sticky":false,"template":"","format":"standard","meta":{"jetpack_post_was_ever_published":false,"_jetpack_newsletter_access":"","_jetpack_dont_email_post_to_subs":false,"_jetpack_newsletter_tier_id":0,"_jetpack_memberships_contains_paywalled_content":false,"_jetpack_memberships_contains_paid_content":false,"footnotes":"","jetpack_publicize_message":"","jetpack_publicize_feature_enabled":true,"jetpack_social_post_already_shared":true,"jetpack_social_options":{"image_generator_settings":{"template":"highway","default_image_id":0,"font":"","enabled":false},"version":2}},"categories":[657],"tags":[426,207,4364,61847,1863,4891,15559],"class_list":["post-249181","post","type-post","status-publish","format-standard","has-post-thumbnail","hentry","category-spor","tag-aydin","tag-etti","tag-lige","tag-menemensporu","tag-sahin","tag-tasiyan","tag-vefat"],"jetpack_publicize_connections":[],"jetpack_featured_media_url":"https:\/\/i0.wp.com\/www.tvturk.com\/wp-content\/uploads\/2019\/12\/menemensporu-1-lige-tasiyan-aydin-sahin-vefat-etti_28955b8.jpg?fit=1000%2C666","jetpack_sharing_enabled":true,"jetpack_shortlink":"https:\/\/wp.me\/paKIfm-12P3","_links":{"self":[{"href":"http:\/\/www.tvturk.com\/index.php\/wp-json\/wp\/v2\/posts\/249181","targetHints":{"allow":["GET"]}}],"collection":[{"href":"http:\/\/www.tvturk.com\/index.php\/wp-json\/wp\/v2\/posts"}],"about":[{"href":"http:\/\/www.tvturk.com\/index.php\/wp-json\/wp\/v2\/types\/post"}],"author":[{"embeddable":true,"href":"http:\/\/www.tvturk.com\/index.php\/wp-json\/wp\/v2\/users\/1"}],"replies":[{"embeddable":true,"href":"http:\/\/www.tvturk.com\/index.php\/wp-json\/wp\/v2\/comments?post=249181"}],"version-history":[{"count":0,"href":"http:\/\/www.tvturk.com\/index.php\/wp-json\/wp\/v2\/posts\/249181\/revisions"}],"wp:featuredmedia":[{"embeddable":true,"href":"http:\/\/www.tvturk.com\/index.php\/wp-json\/wp\/v2\/media\/249182"}],"wp:attachment":[{"href":"http:\/\/www.tvturk.com\/index.php\/wp-json\/wp\/v2\/media?parent=249181"}],"wp:term":[{"taxonomy":"category","embeddable":true,"href":"http:\/\/www.tvturk.com\/index.php\/wp-json\/wp\/v2\/categories?post=249181"},{"taxonomy":"post_tag","embeddable":true,"href":"http:\/\/www.tvturk.com\/index.php\/wp-json\/wp\/v2\/tags?post=249181"}],"curies":[{"name":"wp","href":"https:\/\/api.w.org\/{rel}","templated":true}]}}