{"id":249187,"date":"2019-12-29T17:46:42","date_gmt":"2019-12-29T14:46:42","guid":{"rendered":"http:\/\/www.tvturk.com\/index.php\/canakkalede-ada-seferleri-iptal-edildi\/"},"modified":"2019-12-29T17:46:42","modified_gmt":"2019-12-29T14:46:42","slug":"canakkalede-ada-seferleri-iptal-edildi","status":"publish","type":"post","link":"http:\/\/www.tvturk.com\/index.php\/canakkalede-ada-seferleri-iptal-edildi\/","title":{"rendered":"\u00c7anakkale\u2019de ada seferleri iptal edildi"},"content":{"rendered":"<p>\u00c7anakkale\u2019de deniz ula\u015f\u0131m\u0131n\u0131 sa\u011flayan Gesta\u015f firmas\u0131, Kuzey Ege Denizi\u2019nde etkili olan poyraz f\u0131rt\u0131nas\u0131 sebebiyle yar\u0131n yap\u0131lmas\u0131 planlanan G\u00f6k\u00e7eada-Kabatepe, Bozcaada-Geyikli ve G\u00fcney Marmara hatt\u0131ndaki t\u00fcm seferlerin iptal edildi\u011fini a\u00e7\u0131klad\u0131.<\/p>\n<p>\u00c7anakkale ve Kuzey Ege\u2019de etkili olan poyraz f\u0131rt\u0131nas\u0131 feribot ula\u015f\u0131m\u0131n\u0131 da olumsuz etkiledi. Bug\u00fcn olumsuz hava ko\u015fullar\u0131 sebebiyle G\u00f6k\u00e7eada-Kabatepe hatt\u0131nda G\u00f6k\u00e7eada\u2019dan saat 10.00\u2019da, Kabatepe\u2019den de saat 15.00\u2019de sefer yap\u0131lm\u0131\u015f, di\u011fer seferlerin ise iptal edildi\u011fi a\u00e7\u0131klanm\u0131\u015ft\u0131. \u00c7anakkale\u2019de deniz ula\u015f\u0131m\u0131n\u0131 sa\u011flayan Gesta\u015f firmas\u0131, g\u00fcn i\u00e7inde yapt\u0131\u011f\u0131 ikinci a\u00e7\u0131klama ile olumsuz hava ko\u015fullar\u0131 sebebiyle yar\u0131n yap\u0131lmas\u0131 planlanan G\u00f6k\u00e7eada-Kabatepe, Bozcaada-Geyikli ve G\u00fcney Marmara hatt\u0131ndaki t\u00fcm seferlerin iptal edildi\u011fini duyurdu.<\/p>\n<p>\u00c7anakkale-Eceabat-Kilitbahir hatt\u0131ndaki seferler ise aksamadan s\u00fcr\u00fcyor.<\/p>\n","protected":false},"excerpt":{"rendered":"<p>\u00c7ANAKKALE&#8217;DE DEN\u0130Z ULA\u015eIMINI SA\u011eLAYAN GESTA\u015e F\u0130RMASI, KUZEY EGE DEN\u0130Z\u0130&#8217;NDE ETK\u0130L\u0130 OLAN POYRAZ FIRTINASI SEBEB\u0130YLE YARIN YAPILMASI PLANLANAN G\u00d6K\u00c7EADA-KABATEPE, BOZCAADA-GEY\u0130KL\u0130 VE G\u00dcNEY MARMARA HATTINDAK\u0130 T\u00dcM SEFERLER\u0130N \u0130PTAL ED\u0130LD\u0130\u011e\u0130N\u0130 DUYURDU.<\/p>\n","protected":false},"author":1,"featured_media":249188,"comment_status":"closed","ping_status":"open","sticky":false,"template":"","format":"standard","meta":{"jetpack_post_was_ever_published":false,"_jetpack_newsletter_access":"","_jetpack_dont_email_post_to_subs":false,"_jetpack_newsletter_tier_id":0,"_jetpack_memberships_contains_paywalled_content":false,"_jetpack_memberships_contains_paid_content":false,"footnotes":"","jetpack_publicize_message":"","jetpack_publicize_feature_enabled":true,"jetpack_social_post_already_shared":true,"jetpack_social_options":{"image_generator_settings":{"template":"highway","default_image_id":0,"font":"","enabled":false},"version":2}},"categories":[1],"tags":[1418,8544,857,3466,11681],"class_list":["post-249187","post","type-post","status-publish","format-standard","has-post-thumbnail","hentry","category-genel","tag-ada","tag-canakkalede","tag-edildi","tag-iptal","tag-seferleri"],"jetpack_publicize_connections":[],"jetpack_featured_media_url":"https:\/\/i0.wp.com\/www.tvturk.com\/wp-content\/uploads\/2019\/12\/canakkalede-ada-seferleri-iptal-edildi_ea18f00.jpg?fit=664%2C354","jetpack_sharing_enabled":true,"jetpack_shortlink":"https:\/\/wp.me\/paKIfm-12P9","_links":{"self":[{"href":"http:\/\/www.tvturk.com\/index.php\/wp-json\/wp\/v2\/posts\/249187","targetHints":{"allow":["GET"]}}],"collection":[{"href":"http:\/\/www.tvturk.com\/index.php\/wp-json\/wp\/v2\/posts"}],"about":[{"href":"http:\/\/www.tvturk.com\/index.php\/wp-json\/wp\/v2\/types\/post"}],"author":[{"embeddable":true,"href":"http:\/\/www.tvturk.com\/index.php\/wp-json\/wp\/v2\/users\/1"}],"replies":[{"embeddable":true,"href":"http:\/\/www.tvturk.com\/index.php\/wp-json\/wp\/v2\/comments?post=249187"}],"version-history":[{"count":0,"href":"http:\/\/www.tvturk.com\/index.php\/wp-json\/wp\/v2\/posts\/249187\/revisions"}],"wp:featuredmedia":[{"embeddable":true,"href":"http:\/\/www.tvturk.com\/index.php\/wp-json\/wp\/v2\/media\/249188"}],"wp:attachment":[{"href":"http:\/\/www.tvturk.com\/index.php\/wp-json\/wp\/v2\/media?parent=249187"}],"wp:term":[{"taxonomy":"category","embeddable":true,"href":"http:\/\/www.tvturk.com\/index.php\/wp-json\/wp\/v2\/categories?post=249187"},{"taxonomy":"post_tag","embeddable":true,"href":"http:\/\/www.tvturk.com\/index.php\/wp-json\/wp\/v2\/tags?post=249187"}],"curies":[{"name":"wp","href":"https:\/\/api.w.org\/{rel}","templated":true}]}}