{"id":249294,"date":"2019-12-30T10:17:35","date_gmt":"2019-12-30T07:17:35","guid":{"rendered":"http:\/\/www.tvturk.com\/index.php\/tekirdagda-zeki-muren-sarkilari-konseri\/"},"modified":"2019-12-30T10:17:35","modified_gmt":"2019-12-30T07:17:35","slug":"tekirdagda-zeki-muren-sarkilari-konseri","status":"publish","type":"post","link":"http:\/\/www.tvturk.com\/index.php\/tekirdagda-zeki-muren-sarkilari-konseri\/","title":{"rendered":"Tekirda\u011f\u2019da \u201cZeki M\u00fcren \u015eark\u0131lar\u0131\u201d Konseri"},"content":{"rendered":"<p>Tekirda\u011f\u2019da Zeki M\u00fcren an\u0131s\u0131na Yahya Kemal Beyatl\u0131 K\u00fclt\u00fcr Merkezi\u2019nde \u201cZeki M\u00fcren \u015eark\u0131lar\u0131\u201d konseri d\u00fczenlendi.<\/p>\n<p>\u015eefli\u011fini Salih Demirci\u2019nin \u00fcstlendi\u011fi konseri Tekirda\u011f Valisi Aziz Y\u0131ld\u0131r\u0131m, Tekirda\u011f B\u00fcy\u00fck\u015fehir Belediye Ba\u015fkan\u0131 Kadir Albayrak ve \u00e7ok say\u0131da vatanda\u015f izledi. Konserde, Nazende T\u00fcrk M\u00fczi\u011fi Toplulu\u011fu Derne\u011fi taraf\u0131ndan T\u00fcrkiye\u2019nin en \u00f6nemli sanat\u00e7\u0131lar\u0131ndan Zeki M\u00fcren\u2019in birbirinden \u00f6zel \u015fark\u0131lar\u0131 seslendirildi. Yakla\u015f\u0131k 2 saat s\u00fcren konser sonunda Nazende M\u00fczik Grubu \u00fcyeleri salonu dolduran vatanda\u015flara ve \u201cZeki M\u00fcren \u015eark\u0131lar\u0131\u201d konserinde eme\u011fi ge\u00e7enlere te\u015fekk\u00fcr etti.<\/p>\n<p>Tekirda\u011f Valisi Aziz Y\u0131ld\u0131r\u0131m ile birlikte Salih Demirci\u2019ye \u00e7i\u00e7ek takdim eden Ba\u015fkan Kadir Albayrak, \u201cBa\u015fta Koro \u015eefimiz Salih Demirci olmak \u00fczere t\u00fcm sanat\u00e7\u0131lar\u0131m\u0131za ve Nazende T\u00fcrk M\u00fczi\u011fi Toplulu\u011fu Derne\u011fi\u2019ne \u00e7ok te\u015fekk\u00fcr ederiz\u201d dedi.<\/p>\n","protected":false},"excerpt":{"rendered":"<p>TEK\u0130RDA\u011e\u2019DA ZEK\u0130 M\u00dcREN ANISINA YAHYA KEMAL BEYATLI K\u00dcLT\u00dcR MERKEZ\u0130\u2019NDE \u201cZEK\u0130 M\u00dcREN \u015eARKILARI\u201d KONSER\u0130 D\u00dcZENLEND\u0130.<\/p>\n","protected":false},"author":1,"featured_media":249295,"comment_status":"closed","ping_status":"open","sticky":false,"template":"","format":"standard","meta":{"jetpack_post_was_ever_published":false,"_jetpack_newsletter_access":"","_jetpack_dont_email_post_to_subs":false,"_jetpack_newsletter_tier_id":0,"_jetpack_memberships_contains_paywalled_content":false,"_jetpack_memberships_contains_paid_content":false,"footnotes":"","jetpack_publicize_message":"","jetpack_publicize_feature_enabled":true,"jetpack_social_post_already_shared":true,"jetpack_social_options":{"image_generator_settings":{"template":"highway","default_image_id":0,"font":"","enabled":false},"version":2}},"categories":[656],"tags":[1952,31397,10210,1163,16038],"class_list":["post-249294","post","type-post","status-publish","format-standard","has-post-thumbnail","hentry","category-kultur-sanat","tag-konseri","tag-muren","tag-sarkilari","tag-tekirdagda","tag-zeki"],"jetpack_publicize_connections":[],"jetpack_featured_media_url":"https:\/\/i0.wp.com\/www.tvturk.com\/wp-content\/uploads\/2019\/12\/tekirdagda-zeki-muren-sarkilari-konseri_7d1d979.jpg?fit=1000%2C666","jetpack_sharing_enabled":true,"jetpack_shortlink":"https:\/\/wp.me\/paKIfm-12QS","_links":{"self":[{"href":"http:\/\/www.tvturk.com\/index.php\/wp-json\/wp\/v2\/posts\/249294","targetHints":{"allow":["GET"]}}],"collection":[{"href":"http:\/\/www.tvturk.com\/index.php\/wp-json\/wp\/v2\/posts"}],"about":[{"href":"http:\/\/www.tvturk.com\/index.php\/wp-json\/wp\/v2\/types\/post"}],"author":[{"embeddable":true,"href":"http:\/\/www.tvturk.com\/index.php\/wp-json\/wp\/v2\/users\/1"}],"replies":[{"embeddable":true,"href":"http:\/\/www.tvturk.com\/index.php\/wp-json\/wp\/v2\/comments?post=249294"}],"version-history":[{"count":0,"href":"http:\/\/www.tvturk.com\/index.php\/wp-json\/wp\/v2\/posts\/249294\/revisions"}],"wp:featuredmedia":[{"embeddable":true,"href":"http:\/\/www.tvturk.com\/index.php\/wp-json\/wp\/v2\/media\/249295"}],"wp:attachment":[{"href":"http:\/\/www.tvturk.com\/index.php\/wp-json\/wp\/v2\/media?parent=249294"}],"wp:term":[{"taxonomy":"category","embeddable":true,"href":"http:\/\/www.tvturk.com\/index.php\/wp-json\/wp\/v2\/categories?post=249294"},{"taxonomy":"post_tag","embeddable":true,"href":"http:\/\/www.tvturk.com\/index.php\/wp-json\/wp\/v2\/tags?post=249294"}],"curies":[{"name":"wp","href":"https:\/\/api.w.org\/{rel}","templated":true}]}}