{"id":249332,"date":"2019-12-30T11:01:34","date_gmt":"2019-12-30T08:01:34","guid":{"rendered":"http:\/\/www.tvturk.com\/index.php\/alman-hava-yolu-sirketlerinin-3-gunluk-grevi-basladi\/"},"modified":"2019-12-30T11:01:34","modified_gmt":"2019-12-30T08:01:34","slug":"alman-hava-yolu-sirketlerinin-3-gunluk-grevi-basladi","status":"publish","type":"post","link":"http:\/\/www.tvturk.com\/index.php\/alman-hava-yolu-sirketlerinin-3-gunluk-grevi-basladi\/","title":{"rendered":"Alman hava yolu \u015firketlerinin 3 g\u00fcnl\u00fck grevi ba\u015flad\u0131"},"content":{"rendered":"<p>Alman Havayollar\u0131 Eurowings ve Germanwings personellerinin 3 g\u00fcnl\u00fck grev karar\u0131 almas\u0131n\u0131n ard\u0131ndan 180 u\u00e7u\u015fun iptal edildi\u011fi bildirildi.<\/p>\n<p>Alman hava yollar\u0131 Lufthansa\u2019n\u0131n yan kurulu\u015flar\u0131 olan Eurowings ve Germanwings Hava yollar\u0131 ile kabin personeli sendikas\u0131 UFO aras\u0131ndaki toplu i\u015f g\u00f6r\u00fc\u015fmesinde anla\u015fma sa\u011flanamad\u0131. UFO, 3 g\u00fcnl\u00fck grev karar\u0131 almas\u0131n\u0131n ard\u0131ndan i\u015fverenin talepleri kar\u015f\u0131lamaya yakla\u015fmamas\u0131 halinde grevi uzatabileceklerini de belirtti.<\/p>\n<p>Grev nedeniyle 180 u\u00e7u\u015f iptal edildi<\/p>\n<p>\u00c7ar\u015famba g\u00fcn\u00fc saat 00.00\u2019a kadar devam edecek olan grevde, i\u00e7 hatlar ve d\u0131\u015f hatlar seferinde 180 u\u00e7u\u015fun iptal edildi\u011fi a\u00e7\u0131kland\u0131. Eurowings ve Germanwings hava yolu \u015firketleri, UFO sendikas\u0131n\u0131 anla\u015fmaya yakla\u015fmamakla su\u00e7lad\u0131. Sendika ise \u00e7al\u0131\u015fan kabin personelinin \u00e7al\u0131\u015fma ortam\u0131n\u0131n iyile\u015fmesi ve hak ettikleri \u00fccreti al\u0131ncaya kadar m\u00fccadeleye devam edeceklerini duyurdu. UFO sendikas\u0131, grevin k\u0131smi bir grev oldu\u011fu ve i\u015fveren taraf\u0131n\u0131n yakla\u015f\u0131m\u0131na g\u00f6re grevin kapsam\u0131n\u0131n geni\u015fletilebilece\u011fini belirtti.<\/p>\n","protected":false},"excerpt":{"rendered":"<p>ALMAN HAVA YOLLARI EUROW\u0130NGS VE GERMANW\u0130NGS PERSONELLER\u0130N\u0130N 3 G\u00dcNL\u00dcK GREV KARARI ALMASININ ARDINDAN 180 U\u00c7U\u015eUN \u0130PTAL ED\u0130LD\u0130\u011e\u0130 B\u0130LD\u0130R\u0130LD\u0130.<\/p>\n","protected":false},"author":1,"featured_media":249333,"comment_status":"closed","ping_status":"open","sticky":false,"template":"","format":"standard","meta":{"jetpack_post_was_ever_published":false,"_jetpack_newsletter_access":"","_jetpack_dont_email_post_to_subs":false,"_jetpack_newsletter_tier_id":0,"_jetpack_memberships_contains_paywalled_content":false,"_jetpack_memberships_contains_paid_content":false,"footnotes":"","jetpack_publicize_message":"","jetpack_publicize_feature_enabled":true,"jetpack_social_post_already_shared":true,"jetpack_social_options":{"image_generator_settings":{"template":"highway","default_image_id":0,"font":"","enabled":false},"version":2}},"categories":[10],"tags":[2536,55,47901,891,257,42207,1262],"class_list":["post-249332","post","type-post","status-publish","format-standard","has-post-thumbnail","hentry","category-dunya","tag-alman","tag-basladi","tag-grevi","tag-gunluk","tag-hava","tag-sirketlerinin","tag-yolu"],"jetpack_publicize_connections":[],"jetpack_featured_media_url":"https:\/\/i0.wp.com\/www.tvturk.com\/wp-content\/uploads\/2019\/12\/alman-hava-yolu-sirketlerinin-3-gunluk-grevi-basladi_04d189d.jpg?fit=920%2C613","jetpack_sharing_enabled":true,"jetpack_shortlink":"https:\/\/wp.me\/paKIfm-12Ru","_links":{"self":[{"href":"http:\/\/www.tvturk.com\/index.php\/wp-json\/wp\/v2\/posts\/249332","targetHints":{"allow":["GET"]}}],"collection":[{"href":"http:\/\/www.tvturk.com\/index.php\/wp-json\/wp\/v2\/posts"}],"about":[{"href":"http:\/\/www.tvturk.com\/index.php\/wp-json\/wp\/v2\/types\/post"}],"author":[{"embeddable":true,"href":"http:\/\/www.tvturk.com\/index.php\/wp-json\/wp\/v2\/users\/1"}],"replies":[{"embeddable":true,"href":"http:\/\/www.tvturk.com\/index.php\/wp-json\/wp\/v2\/comments?post=249332"}],"version-history":[{"count":0,"href":"http:\/\/www.tvturk.com\/index.php\/wp-json\/wp\/v2\/posts\/249332\/revisions"}],"wp:featuredmedia":[{"embeddable":true,"href":"http:\/\/www.tvturk.com\/index.php\/wp-json\/wp\/v2\/media\/249333"}],"wp:attachment":[{"href":"http:\/\/www.tvturk.com\/index.php\/wp-json\/wp\/v2\/media?parent=249332"}],"wp:term":[{"taxonomy":"category","embeddable":true,"href":"http:\/\/www.tvturk.com\/index.php\/wp-json\/wp\/v2\/categories?post=249332"},{"taxonomy":"post_tag","embeddable":true,"href":"http:\/\/www.tvturk.com\/index.php\/wp-json\/wp\/v2\/tags?post=249332"}],"curies":[{"name":"wp","href":"https:\/\/api.w.org\/{rel}","templated":true}]}}