{"id":249368,"date":"2019-12-30T11:32:25","date_gmt":"2019-12-30T08:32:25","guid":{"rendered":"http:\/\/www.tvturk.com\/index.php\/ozel-kullanilmayan-kot-pantolonlar-binlerce-ogrenciye-kalemlik-oldu\/"},"modified":"2019-12-30T11:32:25","modified_gmt":"2019-12-30T08:32:25","slug":"ozel-kullanilmayan-kot-pantolonlar-binlerce-ogrenciye-kalemlik-oldu","status":"publish","type":"post","link":"http:\/\/www.tvturk.com\/index.php\/ozel-kullanilmayan-kot-pantolonlar-binlerce-ogrenciye-kalemlik-oldu\/","title":{"rendered":"(\u00d6zel) Kullan\u0131lmayan kot pantolonlar, binlerce \u00f6\u011frenciye kalemlik oldu"},"content":{"rendered":"<p>DEN\u0130ZL\u0130 (\u0130HA) \u2013 Denizli\u2019de bir al\u0131\u015fveri\u015f merkezi taraf\u0131ndan ba\u015flat\u0131lan ve T\u00fcrkiye\u2019ye \u00f6rnek olacak proje ile vatanda\u015flar kullan\u0131lmayan binlerce kot pantolonu AVM\u2019ye getirdi. Terzilerin hummal\u0131 \u00e7al\u0131\u015fmas\u0131n\u0131n ard\u0131ndan kot pantolonlar \u00f6nce \u00e7anta oldu. Kalan par\u00e7alardan ise binlerce kalemlik yap\u0131ld\u0131. Kalemlikler ihtiya\u00e7 sahibi \u00f6\u011frencilere da\u011f\u0131t\u0131ld\u0131.<\/p>\n<p>Denizli\u2019de Pamukkale \u00dcniversitesi ve Forum \u00c7aml\u0131k Al\u0131\u015fveri\u015f Merkezi i\u015f birli\u011fiyle ba\u015flat\u0131lan \u2018Kotunda \u0130yilik Var\u2019 projesi kapsam\u0131nda T\u00fcrkiye\u2019ye \u00f6rnek olacak bir projeye imza at\u0131ld\u0131. Projenin ilk etab\u0131nda, plastik po\u015fet kullan\u0131m\u0131na kar\u015f\u0131 fark\u0131ndal\u0131k olu\u015fturmak amac\u0131yla vatanda\u015flar kullanmad\u0131klar\u0131 kot ve kanvas pantolonlar\u0131 getirdi. Terzilerin hummal\u0131 \u00e7al\u0131\u015fmas\u0131n\u0131n ard\u0131ndan pantolonlar, 14 g\u00fcnde 2 bin adet \u00e7antaya d\u00f6n\u00fc\u015ft\u00fcr\u00fcld\u00fc. Yeni proje kapsam\u0131nda 11 Kas\u0131m\u2019da 11 bin Fidan dikildi.<\/p>\n<p>Kalan par\u00e7alardan ise 6 bin kalemlik yap\u0131ld\u0131. Kalemlikler, Denizlili i\u015f adamlar\u0131n katk\u0131lar\u0131yla kalem, silgi, kalemtra\u015f ile dolduruldu. Kalemlikler Milli E\u011fitim Bakanl\u0131\u011f\u0131 ile belirlenen Denizli ve il\u00e7elerindeki okullarda e\u011fitim alan \u00f6\u011frencilere da\u011f\u0131t\u0131ld\u0131.<\/p>\n<p>Kar\u015f\u0131yaka Mahallesi\u2019nde bulunan Vak\u0131fbank \u0130lkokulundaki \u00e7ocuklar\u0131n y\u00fcz\u00fc kalemlikler ile g\u00fcld\u00fc. E\u011fitmen Yelda Yolay ve Tema Vakf\u0131 Denizli Temsilci Prof. Dr. G\u00fcrkan Semiz  taraf\u0131ndan cocuklara geli\u015fim ve do\u011fa bilinci hakk\u0131nda seminer verildi. Forum \u00c7aml\u0131k AVM M\u00fcd\u00fcr\u00fc Didem K\u0131r\u015fall\u0131oba \u00e7ocuklar ile yak\u0131ndan ilgilendi.<\/p>\n<p>Projeye Mart ay\u0131nda ba\u015flad\u0131klar\u0131n\u0131 ifade eden Didem K\u0131r\u015fall\u0131oba, \u201cDenizli\u2019de duymayan kalmad\u0131. Ba\u015flang\u0131\u00e7 noktam\u0131z kullan\u0131lmayan pantolonlar\u0131 \u00e7antaya d\u00f6n\u00fc\u015ft\u00fcrmek ve plastik po\u015fete hay\u0131ra destek vermekti. Burada sesimiz \u00e7ok ki\u015fiye ula\u015ft\u0131. Pamukkale \u00dcniversitesi bizim en b\u00fcy\u00fck destek\u00e7imiz oldu. 6 bin kalemlik \u00fcrettik. Sanayicilerimiz bize destek oldular. Kalemliklerin i\u00e7ini doldurdular. Geri d\u00f6n\u00fc\u015f\u00fcm\u00fcn en \u00f6nemli k\u0131s\u0131mlar\u0131ndan birisi \u00e7evreye destek olmakt\u0131. Tasar\u0131m \u00e7antalar \u00fcrettik ve bunlar\u0131n ba\u011f\u0131\u015flar\u0131 ile 11 bin fidan\u0131 T\u00fcrkiye\u2019ye hediye ettik. Bundan dolay\u0131 \u00e7ok gururluyuz. E\u011fitime, \u00e7evreye katk\u0131, insanlar\u0131 daha \u00e7ok bilin\u00e7lendirmek bizim temel hedeflerimiz oldu. Ald\u0131\u011f\u0131m\u0131z tepkilerden hedeflerimize ula\u015ft\u0131k. T\u00fcm T\u00fcrkiye\u2019ye \u00f6rnek olaca\u011f\u0131z\u201d dedi.<\/p>\n<p>Her evin giysi dolab\u0131nda kullan\u0131lmayan kot pantolonlar\u0131n mutlaka bulunabilece\u011fini ifade eden K\u0131r\u015fall\u0131oba, \u201cBiz o kadar \u00e7ok talep geldi ki. Terzimiz gece g\u00fcnd\u00fcz \u00e7al\u0131\u015ft\u0131. Ek mesailer yapt\u0131k. Bir \u015fehirde bu kadar \u00e7\u0131k\u0131yorsa, t\u00fcm T\u00fcrkiye\u2019de bunun \u00e7\u0131\u011f gibi b\u00fcy\u00fcyece\u011fine inan\u0131yorum. Biz fikren destek vermeye haz\u0131r\u0131z. Burada hi\u00e7bir \u015fekilde ticari amac\u0131m\u0131z yok. Tamamen e\u011fitime, \u00e7evreye destek, insanlar\u0131 bilin\u00e7lendirme hedefiyle ilerledik\u201d diye konu\u015ftu.<\/p>\n<p>Kalemlikleri alan \u00e7ocuklar\u0131n mutlulu\u011fu ise g\u00f6zlerinden okundu. S\u00fcrpriz kar\u015f\u0131s\u0131nda \u015fa\u015fk\u0131na d\u00f6nen \u00f6\u011frenciler, katk\u0131 sa\u011flayanlara te\u015fekk\u00fcr etti.<\/p>\n","protected":false},"excerpt":{"rendered":"<p>DEN\u0130ZL\u0130\u2019DE B\u0130R ALI\u015eVER\u0130\u015e MERKEZ\u0130 TARAFINDAN BA\u015eLATILAN VE T\u00dcRK\u0130YE\u2019YE \u00d6RNEK OLACAK PROJE \u0130LE VATANDA\u015eLAR KULLANILMAYAN B\u0130NLERCE KOT PANTOLONU AVM&#8217;YE GET\u0130RD\u0130. TERZ\u0130LER\u0130N HUMMALI \u00c7ALI\u015eMASININ ARDINDAN KOT PANTOLONLAR \u00d6NCE \u00c7ANTA OLDU. KALAN PAR\u00c7ALARDAN \u0130SE B\u0130NLERCE KALEML\u0130K YAPILDI. KALEML\u0130KLER \u0130HT\u0130YA\u00c7 SAH\u0130B\u0130 \u00d6\u011eRENC\u0130LERE DA\u011eITILDI.<\/p>\n","protected":false},"author":1,"featured_media":249369,"comment_status":"closed","ping_status":"open","sticky":false,"template":"","format":"standard","meta":{"jetpack_post_was_ever_published":false,"_jetpack_newsletter_access":"","_jetpack_dont_email_post_to_subs":false,"_jetpack_newsletter_tier_id":0,"_jetpack_memberships_contains_paywalled_content":false,"_jetpack_memberships_contains_paid_content":false,"footnotes":"","jetpack_publicize_message":"","jetpack_publicize_feature_enabled":true,"jetpack_social_post_already_shared":true,"jetpack_social_options":{"image_generator_settings":{"template":"highway","default_image_id":0,"font":"","enabled":false},"version":2}},"categories":[1],"tags":[1073,3818,61879,19895,7980,9218,77,54664],"class_list":["post-249368","post","type-post","status-publish","format-standard","has-post-thumbnail","hentry","category-genel","tag-ozel","tag-binlerce","tag-kalemlik","tag-kot","tag-kullanilmayan","tag-ogrenciye","tag-oldu","tag-pantolonlar"],"jetpack_publicize_connections":[],"jetpack_featured_media_url":"https:\/\/i0.wp.com\/www.tvturk.com\/wp-content\/uploads\/2019\/12\/ozel-kullanilmayan-kot-pantolonlar-binlerce-ogrenciye-kalemlik-oldu_9b05249.jpg?fit=1000%2C666","jetpack_sharing_enabled":true,"jetpack_shortlink":"https:\/\/wp.me\/paKIfm-12S4","_links":{"self":[{"href":"http:\/\/www.tvturk.com\/index.php\/wp-json\/wp\/v2\/posts\/249368","targetHints":{"allow":["GET"]}}],"collection":[{"href":"http:\/\/www.tvturk.com\/index.php\/wp-json\/wp\/v2\/posts"}],"about":[{"href":"http:\/\/www.tvturk.com\/index.php\/wp-json\/wp\/v2\/types\/post"}],"author":[{"embeddable":true,"href":"http:\/\/www.tvturk.com\/index.php\/wp-json\/wp\/v2\/users\/1"}],"replies":[{"embeddable":true,"href":"http:\/\/www.tvturk.com\/index.php\/wp-json\/wp\/v2\/comments?post=249368"}],"version-history":[{"count":0,"href":"http:\/\/www.tvturk.com\/index.php\/wp-json\/wp\/v2\/posts\/249368\/revisions"}],"wp:featuredmedia":[{"embeddable":true,"href":"http:\/\/www.tvturk.com\/index.php\/wp-json\/wp\/v2\/media\/249369"}],"wp:attachment":[{"href":"http:\/\/www.tvturk.com\/index.php\/wp-json\/wp\/v2\/media?parent=249368"}],"wp:term":[{"taxonomy":"category","embeddable":true,"href":"http:\/\/www.tvturk.com\/index.php\/wp-json\/wp\/v2\/categories?post=249368"},{"taxonomy":"post_tag","embeddable":true,"href":"http:\/\/www.tvturk.com\/index.php\/wp-json\/wp\/v2\/tags?post=249368"}],"curies":[{"name":"wp","href":"https:\/\/api.w.org\/{rel}","templated":true}]}}