{"id":249614,"date":"2019-12-30T16:01:33","date_gmt":"2019-12-30T13:01:33","guid":{"rendered":"http:\/\/www.tvturk.com\/index.php\/fransa-100-bin-guvenlik-gucuyle-yilbasina-hazir\/"},"modified":"2019-12-30T16:01:33","modified_gmt":"2019-12-30T13:01:33","slug":"fransa-100-bin-guvenlik-gucuyle-yilbasina-hazir","status":"publish","type":"post","link":"http:\/\/www.tvturk.com\/index.php\/fransa-100-bin-guvenlik-gucuyle-yilbasina-hazir\/","title":{"rendered":"Fransa 100 bin g\u00fcvenlik g\u00fcc\u00fcyle y\u0131lba\u015f\u0131na haz\u0131r"},"content":{"rendered":"<p>Fransa\u2019da y\u0131lba\u015f\u0131 gecesi i\u00e7in g\u00fcvenlik \u00f6nlemleri amac\u0131yla 100 bin g\u00fcvenlik g\u00fcc\u00fc g\u00f6reve haz\u0131rland\u0131.<\/p>\n<p>Son d\u00f6nemlerde bir\u00e7ok ter\u00f6r sald\u0131r\u0131s\u0131n\u0131n ya\u015fand\u0131\u011f\u0131 Fransa\u2019da 31 Aral\u0131k y\u0131lba\u015f\u0131 gecesi i\u00e7in yap\u0131lacak \u00fclke \u00e7ap\u0131ndaki kutlamalarda, olas\u0131 tehlikelere kar\u015f\u0131n \u00f6nlemler al\u0131nd\u0131.<\/p>\n<p>\u0130\u00e7i\u015fleri Bakan\u0131 Christophe Castaner yapt\u0131\u011f\u0131 a\u00e7\u0131klamada 31 Aral\u0131k gecesinde 100 bin g\u00fcvenlik g\u00fcc\u00fcn\u00fcn sahalarda g\u00f6revde olaca\u011f\u0131n\u0131 belirtti. Castaner ayr\u0131ca 100 bin polis ve jandarman\u0131n yan \u0131s\u0131ra askerlerin ve itfaiye erlerinin de g\u00fcvenlik \u00f6nlemlerine destek olaca\u011f\u0131n\u0131 ifade etti.<\/p>\n<p>&#8220;Herhangi bir tehdit alt\u0131nda de\u011filiz fakat Fransa hala risk b\u00f6lgesi&#8221; diyen Bakan Castaner, \u00fclke \u00e7ap\u0131nda kutlamalar\u0131n olaca\u011f\u0131 bir gecede g\u00fcvenlik g\u00fc\u00e7lerinin y\u0131lba\u015f\u0131 i\u00e7in izine \u00e7\u0131kmalar\u0131n\u0131n m\u00fcmk\u00fcn olmad\u0131\u011f\u0131na da de\u011findi.<\/p>\n<p>Fransa\u2019da ge\u00e7ti\u011fimiz y\u0131lba\u015f\u0131nda yine g\u00fcvenlik g\u00fc\u00e7leri yo\u011fun olarak sahada bulunmu\u015f, 148 bin polis ve jandarma g\u00f6rev alm\u0131\u015ft\u0131.<\/p>\n","protected":false},"excerpt":{"rendered":"<p>FRANSA&#8217;DA 31 ARALIK 20A8 TAR\u0130H\u0130NDEN 2019 YILININ GEL\u0130\u015e\u0130 \u0130\u00c7\u0130N YAPILAN KUTLAMALARDAN B\u0130R FOTO\u011eRAF AR\u015e\u0130V FOTO\u011eRAFI<\/p>\n","protected":false},"author":1,"featured_media":249615,"comment_status":"closed","ping_status":"open","sticky":false,"template":"","format":"standard","meta":{"jetpack_post_was_ever_published":false,"_jetpack_newsletter_access":"","_jetpack_dont_email_post_to_subs":false,"_jetpack_newsletter_tier_id":0,"_jetpack_memberships_contains_paywalled_content":false,"_jetpack_memberships_contains_paid_content":false,"footnotes":"","jetpack_publicize_message":"","jetpack_publicize_feature_enabled":true,"jetpack_social_post_already_shared":true,"jetpack_social_options":{"image_generator_settings":{"template":"highway","default_image_id":0,"font":"","enabled":false},"version":2}},"categories":[10],"tags":[2127,213,4545,13682,354,4013,54313],"class_list":["post-249614","post","type-post","status-publish","format-standard","has-post-thumbnail","hentry","category-dunya","tag-2127","tag-bin","tag-fransa","tag-gucuyle","tag-guvenlik","tag-hazir","tag-yilbasina"],"jetpack_publicize_connections":[],"jetpack_featured_media_url":"https:\/\/i0.wp.com\/www.tvturk.com\/wp-content\/uploads\/2019\/12\/fransa-100-bin-guvenlik-gucuyle-yilbasina-hazir_9869055.jpg?fit=800%2C533","jetpack_sharing_enabled":true,"jetpack_shortlink":"https:\/\/wp.me\/paKIfm-12W2","_links":{"self":[{"href":"http:\/\/www.tvturk.com\/index.php\/wp-json\/wp\/v2\/posts\/249614","targetHints":{"allow":["GET"]}}],"collection":[{"href":"http:\/\/www.tvturk.com\/index.php\/wp-json\/wp\/v2\/posts"}],"about":[{"href":"http:\/\/www.tvturk.com\/index.php\/wp-json\/wp\/v2\/types\/post"}],"author":[{"embeddable":true,"href":"http:\/\/www.tvturk.com\/index.php\/wp-json\/wp\/v2\/users\/1"}],"replies":[{"embeddable":true,"href":"http:\/\/www.tvturk.com\/index.php\/wp-json\/wp\/v2\/comments?post=249614"}],"version-history":[{"count":0,"href":"http:\/\/www.tvturk.com\/index.php\/wp-json\/wp\/v2\/posts\/249614\/revisions"}],"wp:featuredmedia":[{"embeddable":true,"href":"http:\/\/www.tvturk.com\/index.php\/wp-json\/wp\/v2\/media\/249615"}],"wp:attachment":[{"href":"http:\/\/www.tvturk.com\/index.php\/wp-json\/wp\/v2\/media?parent=249614"}],"wp:term":[{"taxonomy":"category","embeddable":true,"href":"http:\/\/www.tvturk.com\/index.php\/wp-json\/wp\/v2\/categories?post=249614"},{"taxonomy":"post_tag","embeddable":true,"href":"http:\/\/www.tvturk.com\/index.php\/wp-json\/wp\/v2\/tags?post=249614"}],"curies":[{"name":"wp","href":"https:\/\/api.w.org\/{rel}","templated":true}]}}