{"id":249772,"date":"2019-12-31T01:16:11","date_gmt":"2019-12-30T22:16:11","guid":{"rendered":"http:\/\/www.tvturk.com\/index.php\/adanada-tarihi-konak-coktu\/"},"modified":"2019-12-31T01:16:11","modified_gmt":"2019-12-30T22:16:11","slug":"adanada-tarihi-konak-coktu","status":"publish","type":"post","link":"http:\/\/www.tvturk.com\/index.php\/adanada-tarihi-konak-coktu\/","title":{"rendered":"Adana\u2019da tarihi konak \u00e7\u00f6kt\u00fc"},"content":{"rendered":"<p>Adana\u2019da terk edilmi\u015f 3 katl\u0131 tarihi konak \u00e7\u00f6kt\u00fc, olayda can kayb\u0131 ya\u015fanmad\u0131.<\/p>\n<p>Olay, Seyhan \u0130l\u00e7esine ba\u011fl\u0131 Tepeba\u011f Mahallesi 27011 sokakta meydana geldi. Al\u0131nan bilgiye g\u00f6re, \u00e7evredeki vatanda\u015flar g\u00fcr\u00fclt\u00fc ses duymas\u0131 \u00fczerine d\u0131\u015far\u0131ya bakt\u0131\u011f\u0131nda tarihi kona\u011f\u0131n \u00e7\u00f6kt\u00fc\u011f\u00fcn\u00fc g\u00f6rd\u00fc. Bunun \u00fczerine durumu polis ve itfaiye ekiplerine bildirdi. Olay yerine gelen itfaiye ekipleri, enkaz alt\u0131nda yapt\u0131\u011f\u0131 incelemede kimsenin bulunmad\u0131\u011f\u0131n\u0131 tespit etti.<\/p>\n<p>Ekiplerin enkaz kald\u0131rma \u00e7al\u0131\u015fmalar\u0131 devam ediyor.<\/p>\n","protected":false},"excerpt":{"rendered":"<p>ADANA\u2019DA TERK ED\u0130LM\u0130\u015e 3 KATLI TAR\u0130H\u0130 KONAK \u00c7\u00d6KT\u00dc, OLAYDA CAN KAYBI YA\u015eANMADI.<\/p>\n","protected":false},"author":1,"featured_media":249773,"comment_status":"closed","ping_status":"open","sticky":false,"template":"","format":"standard","meta":{"jetpack_post_was_ever_published":false,"_jetpack_newsletter_access":"","_jetpack_dont_email_post_to_subs":false,"_jetpack_newsletter_tier_id":0,"_jetpack_memberships_contains_paywalled_content":false,"_jetpack_memberships_contains_paid_content":false,"footnotes":"","jetpack_publicize_message":"","jetpack_publicize_feature_enabled":true,"jetpack_social_post_already_shared":true,"jetpack_social_options":{"image_generator_settings":{"template":"highway","default_image_id":0,"font":"","enabled":false},"version":2}},"categories":[1],"tags":[2887,2946,23159,800],"class_list":["post-249772","post","type-post","status-publish","format-standard","has-post-thumbnail","hentry","category-genel","tag-adanada","tag-coktu","tag-konak","tag-tarihi"],"jetpack_publicize_connections":[],"jetpack_featured_media_url":"https:\/\/i0.wp.com\/www.tvturk.com\/wp-content\/uploads\/2019\/12\/adanada-tarihi-konak-coktu_ee946db.jpg?fit=1000%2C666","jetpack_sharing_enabled":true,"jetpack_shortlink":"https:\/\/wp.me\/paKIfm-12YA","_links":{"self":[{"href":"http:\/\/www.tvturk.com\/index.php\/wp-json\/wp\/v2\/posts\/249772","targetHints":{"allow":["GET"]}}],"collection":[{"href":"http:\/\/www.tvturk.com\/index.php\/wp-json\/wp\/v2\/posts"}],"about":[{"href":"http:\/\/www.tvturk.com\/index.php\/wp-json\/wp\/v2\/types\/post"}],"author":[{"embeddable":true,"href":"http:\/\/www.tvturk.com\/index.php\/wp-json\/wp\/v2\/users\/1"}],"replies":[{"embeddable":true,"href":"http:\/\/www.tvturk.com\/index.php\/wp-json\/wp\/v2\/comments?post=249772"}],"version-history":[{"count":0,"href":"http:\/\/www.tvturk.com\/index.php\/wp-json\/wp\/v2\/posts\/249772\/revisions"}],"wp:featuredmedia":[{"embeddable":true,"href":"http:\/\/www.tvturk.com\/index.php\/wp-json\/wp\/v2\/media\/249773"}],"wp:attachment":[{"href":"http:\/\/www.tvturk.com\/index.php\/wp-json\/wp\/v2\/media?parent=249772"}],"wp:term":[{"taxonomy":"category","embeddable":true,"href":"http:\/\/www.tvturk.com\/index.php\/wp-json\/wp\/v2\/categories?post=249772"},{"taxonomy":"post_tag","embeddable":true,"href":"http:\/\/www.tvturk.com\/index.php\/wp-json\/wp\/v2\/tags?post=249772"}],"curies":[{"name":"wp","href":"https:\/\/api.w.org\/{rel}","templated":true}]}}