{"id":249798,"date":"2019-12-31T09:31:58","date_gmt":"2019-12-31T06:31:58","guid":{"rendered":"http:\/\/www.tvturk.com\/index.php\/bay-gol-51inde-yesil-sahalara-geri-dondu\/"},"modified":"2019-12-31T09:31:58","modified_gmt":"2019-12-31T06:31:58","slug":"bay-gol-51inde-yesil-sahalara-geri-dondu","status":"publish","type":"post","link":"http:\/\/www.tvturk.com\/index.php\/bay-gol-51inde-yesil-sahalara-geri-dondu\/","title":{"rendered":"\u2019Bay Gol\u2019 51\u2019inde ye\u015fil sahalara geri d\u00f6nd\u00fc"},"content":{"rendered":"<p>Ad\u0131yaman 1. Amat\u00f6r Futbol Liginde y\u0131llarca top ko\u015fturan \u2019Bay Gol\u2019 lakapl\u0131 Ya\u015far Bayram, 51 ya\u015f\u0131nda yeniden tak\u0131m kadrosunda yer ald\u0131.<\/p>\n<p>Futbola olan tutkusu hi\u00e7bir zaman s\u00f6nmeyen Ya\u015far Bayram, 51 ya\u015f\u0131nda ye\u015fil sahalara d\u00f6nd\u00fc. 1986-1987 futbol sezonunda Ad\u0131yaman Belediyespor kadrosunda yer alan Ya\u015far Bayram\u2019un i\u00e7indeki futbol a\u015fk\u0131 51\u2019in de de ya\u015f\u0131yor.<\/p>\n<p>Bug\u00fcne kadar 1. amat\u00f6r futbol liginde m\u00fccadele eden 10\u2019un \u00fczerindeki tak\u0131mda forma giyen \u2019Bay Gol\u2019, 1 sezon ise 3. Ligde m\u00fccadele eden Ad\u0131yamanspor\u2019da forma giydi. Son 8 y\u0131ld\u0131r her hangi bir tak\u0131mda oynamayan Bayram, 51 ya\u015f\u0131nda 1. amat\u00f6r ligde m\u00fccadele eden Ad\u0131yaman Gen\u00e7ler Birli\u011fi Spor\u2019a transfer oldu. Ya\u015flar\u0131 16-18 aras\u0131nda de\u011fi\u015fen futbolcular ile birlikte antrenmana \u00e7\u0131kan ve onlarla ayn\u0131 formay\u0131 giyen Ya\u015far Bayram, ye\u015fil sahalarda g\u00f6sterdi\u011fi performans\u0131yla gen\u00e7lere ta\u015f \u00e7\u0131kart\u0131yor.<\/p>\n<p>Bayram, futbolun kendisi i\u00e7in bir tutku oldu\u011funu ve ondan vazge\u00e7emeyece\u011fini dile getirerek, &#8220;Bu g\u00fcne kadar bir \u00e7ok gol krall\u0131\u011f\u0131m var. Bana \u2018Bay Gol\u2019 diyorlar. Ya\u015f\u0131m\u0131 bahane etmeden ve \u2018sporun ya\u015f\u0131 yoktur\u2019 diyerekten bu g\u00fcn Ad\u0131yaman Gen\u00e7ler Birli\u011fi Spor\u2019da ya\u015flar\u0131 16-18 aras\u0131nda de\u011fi\u015fen \u00e7ocuklarla birlikte top oynuyorum. Futbolu \u00e7ok seviyorum. Bundan dolay\u0131 bu g\u00fcnlere geldim. Allah bana uzun \u00f6m\u00fcr verdi\u011fi m\u00fcddet\u00e7e sahalardan hi\u00e7bir zaman ayr\u0131 olmayaca\u011f\u0131m&#8221; diye konu\u015ftu.<\/p>\n","protected":false},"excerpt":{"rendered":"<p>ADIYAMAN 1. AMAT\u00d6R FUTBOL L\u0130G\u0130NDE YILLARCA TOP KO\u015eTURAN \u2018BAY GOL\u2019 LAKAPLI YA\u015eAR BAYRAM, 51 YA\u015eINDA YEN\u0130DEN TAKIM KADROSUNDA YER ALDI.<\/p>\n","protected":false},"author":1,"featured_media":249799,"comment_status":"closed","ping_status":"open","sticky":false,"template":"","format":"standard","meta":{"jetpack_post_was_ever_published":false,"_jetpack_newsletter_access":"","_jetpack_dont_email_post_to_subs":false,"_jetpack_newsletter_tier_id":0,"_jetpack_memberships_contains_paywalled_content":false,"_jetpack_memberships_contains_paid_content":false,"footnotes":"","jetpack_publicize_message":"","jetpack_publicize_feature_enabled":true,"jetpack_social_post_already_shared":true,"jetpack_social_options":{"image_generator_settings":{"template":"highway","default_image_id":0,"font":"","enabled":false},"version":2}},"categories":[657],"tags":[11946,704,61952,990,592,3178,27338],"class_list":["post-249798","post","type-post","status-publish","format-standard","has-post-thumbnail","hentry","category-spor","tag-bay","tag-yesil","tag-51inde","tag-dondu","tag-geri","tag-gol","tag-sahalara"],"jetpack_publicize_connections":[],"jetpack_featured_media_url":"https:\/\/i0.wp.com\/www.tvturk.com\/wp-content\/uploads\/2019\/12\/bay-gol-51inde-yesil-sahalara-geri-dondu_227532d.jpg?fit=1000%2C666","jetpack_sharing_enabled":true,"jetpack_shortlink":"https:\/\/wp.me\/paKIfm-12Z0","_links":{"self":[{"href":"http:\/\/www.tvturk.com\/index.php\/wp-json\/wp\/v2\/posts\/249798","targetHints":{"allow":["GET"]}}],"collection":[{"href":"http:\/\/www.tvturk.com\/index.php\/wp-json\/wp\/v2\/posts"}],"about":[{"href":"http:\/\/www.tvturk.com\/index.php\/wp-json\/wp\/v2\/types\/post"}],"author":[{"embeddable":true,"href":"http:\/\/www.tvturk.com\/index.php\/wp-json\/wp\/v2\/users\/1"}],"replies":[{"embeddable":true,"href":"http:\/\/www.tvturk.com\/index.php\/wp-json\/wp\/v2\/comments?post=249798"}],"version-history":[{"count":0,"href":"http:\/\/www.tvturk.com\/index.php\/wp-json\/wp\/v2\/posts\/249798\/revisions"}],"wp:featuredmedia":[{"embeddable":true,"href":"http:\/\/www.tvturk.com\/index.php\/wp-json\/wp\/v2\/media\/249799"}],"wp:attachment":[{"href":"http:\/\/www.tvturk.com\/index.php\/wp-json\/wp\/v2\/media?parent=249798"}],"wp:term":[{"taxonomy":"category","embeddable":true,"href":"http:\/\/www.tvturk.com\/index.php\/wp-json\/wp\/v2\/categories?post=249798"},{"taxonomy":"post_tag","embeddable":true,"href":"http:\/\/www.tvturk.com\/index.php\/wp-json\/wp\/v2\/tags?post=249798"}],"curies":[{"name":"wp","href":"https:\/\/api.w.org\/{rel}","templated":true}]}}