{"id":249800,"date":"2019-12-31T09:32:03","date_gmt":"2019-12-31T06:32:03","guid":{"rendered":"http:\/\/www.tvturk.com\/index.php\/yeni-malatyasporda-ikinci-yari-hazirliklari-5-ocakta-baslayacak\/"},"modified":"2019-12-31T09:32:03","modified_gmt":"2019-12-31T06:32:03","slug":"yeni-malatyasporda-ikinci-yari-hazirliklari-5-ocakta-baslayacak","status":"publish","type":"post","link":"http:\/\/www.tvturk.com\/index.php\/yeni-malatyasporda-ikinci-yari-hazirliklari-5-ocakta-baslayacak\/","title":{"rendered":"Yeni Malatyaspor\u2019da ikinci yar\u0131 haz\u0131rl\u0131klar\u0131 5 Ocak\u2019ta ba\u015flayacak"},"content":{"rendered":"<p>S\u00fcper Lig\u2019in ilk yar\u0131s\u0131n\u0131 24 puanla 8. s\u0131rada tamamlayan Yeni Malatyaspor\u2019da futbolculara 1 haftal\u0131k izin verildi. Sar\u0131-k\u0131rm\u0131z\u0131l\u0131lar, 5 Ocak Pazar g\u00fcn\u00fc Antalya Belek\u2019te toplanarak ikinci yar\u0131 haz\u0131rl\u0131klar\u0131na ba\u015flayacak. Malatya ekibi, Antalya\u2019da ge\u00e7irece\u011fi yakla\u015f\u0131k 10 g\u00fcnl\u00fck haz\u0131rl\u0131k d\u00f6neminde 2 de haz\u0131rl\u0131k ma\u00e7\u0131 oynamay\u0131 planl\u0131yor.<\/p>\n<p>S\u00fcper Lig\u2019de 2019-2020 sezonunun son ma\u00e7\u0131nda Gaziantep Futbol Kul\u00fcb\u00fc\u2019ne konuk olan ve sahadan 1-1\u2019lik beraberlikle ayr\u0131lan Yeni Malatyaspor, bu m\u00fcsabakan\u0131n ard\u0131ndan 1 haftal\u0131k izne ayr\u0131ld\u0131. Sar\u0131-k\u0131rm\u0131z\u0131l\u0131 tak\u0131m, 5 Ocak Pazar g\u00fcn\u00fc Antalya Belek\u2019te toplanarak 2. yar\u0131 haz\u0131rl\u0131klar\u0131n\u0131n start\u0131n\u0131 verecek. Burada yakla\u015f\u0131k 10 g\u00fcnl\u00fck bir kamp yapmay\u0131 planlayan Yeni Malatyaspor, kamp\u0131n bitiminin ard\u0131ndan Ziraat T\u00fcrkiye Kupas\u0131 Son 16 Turu\u2019nda Sivasspor ile oynayaca\u011f\u0131 ma\u00e7 i\u00e7in Sivas\u2019a ge\u00e7ecek. 14-15 ya da 16 Ocak tarihlerinde oynanacak kupa m\u00fcsabakalar\u0131n\u0131n program\u0131na g\u00f6re devre aras\u0131 kamp\u0131n\u0131 noktalayacak olan sar\u0131-k\u0131rm\u0131z\u0131l\u0131lar\u0131n Antalya\u2019da 2 haz\u0131rl\u0131k ma\u00e7\u0131 oynamay\u0131 planlad\u0131\u011f\u0131 bildirildi.<\/p>\n<p>Malatya ekibinde kamp kadrosunun a\u00e7\u0131kland\u0131\u011f\u0131 ve baz\u0131 futbolculara kendilerine kul\u00fcp bulmalar\u0131n\u0131n s\u00f6ylenece\u011fi \u00f6\u011frenildi.<\/p>\n","protected":false},"excerpt":{"rendered":"<p>S\u00dcPER L\u0130G\u2019\u0130N \u0130LK YARISINI 24 PUANLA 8. SIRADA TAMAMLAYAN YEN\u0130 MALATYASPOR\u2019DA FUTBOLCULARA 1 HAFTALIK \u0130Z\u0130N VER\u0130LD\u0130. SARI-KIRMIZILILAR, 5 OCAK PAZAR G\u00dcN\u00dc ANTALYA BELEK\u2019TE TOPLANARAK \u0130K\u0130NC\u0130 YARI HAZIRLIKLARINA BA\u015eLAYACAK. MALATYA EK\u0130B\u0130, ANTALYA&#8217;DA GE\u00c7\u0130RECE\u011e\u0130 YAKLA\u015eIK 10 G\u00dcNL\u00dcK HAZIRLIK D\u00d6NEM\u0130NDE 2 DE HAZIRLIK MA\u00c7I OYNAMAYI PLANLIYOR.<\/p>\n","protected":false},"author":1,"featured_media":249801,"comment_status":"closed","ping_status":"open","sticky":false,"template":"","format":"standard","meta":{"jetpack_post_was_ever_published":false,"_jetpack_newsletter_access":"","_jetpack_dont_email_post_to_subs":false,"_jetpack_newsletter_tier_id":0,"_jetpack_memberships_contains_paywalled_content":false,"_jetpack_memberships_contains_paid_content":false,"footnotes":"","jetpack_publicize_message":"","jetpack_publicize_feature_enabled":true,"jetpack_social_post_already_shared":true,"jetpack_social_options":{"image_generator_settings":{"template":"highway","default_image_id":0,"font":"","enabled":false},"version":2}},"categories":[657],"tags":[4413,3026,2087,3855,6147,918,87],"class_list":["post-249800","post","type-post","status-publish","format-standard","has-post-thumbnail","hentry","category-spor","tag-baslayacak","tag-hazirliklari","tag-ikinci","tag-malatyasporda","tag-ocakta","tag-yari","tag-yeni"],"jetpack_publicize_connections":[],"jetpack_featured_media_url":"https:\/\/i0.wp.com\/www.tvturk.com\/wp-content\/uploads\/2019\/12\/yeni-malatyasporda-ikinci-yari-hazirliklari-5-ocakta-baslayacak_8d03fe9.jpg?fit=1000%2C873","jetpack_sharing_enabled":true,"jetpack_shortlink":"https:\/\/wp.me\/paKIfm-12Z2","_links":{"self":[{"href":"http:\/\/www.tvturk.com\/index.php\/wp-json\/wp\/v2\/posts\/249800","targetHints":{"allow":["GET"]}}],"collection":[{"href":"http:\/\/www.tvturk.com\/index.php\/wp-json\/wp\/v2\/posts"}],"about":[{"href":"http:\/\/www.tvturk.com\/index.php\/wp-json\/wp\/v2\/types\/post"}],"author":[{"embeddable":true,"href":"http:\/\/www.tvturk.com\/index.php\/wp-json\/wp\/v2\/users\/1"}],"replies":[{"embeddable":true,"href":"http:\/\/www.tvturk.com\/index.php\/wp-json\/wp\/v2\/comments?post=249800"}],"version-history":[{"count":0,"href":"http:\/\/www.tvturk.com\/index.php\/wp-json\/wp\/v2\/posts\/249800\/revisions"}],"wp:featuredmedia":[{"embeddable":true,"href":"http:\/\/www.tvturk.com\/index.php\/wp-json\/wp\/v2\/media\/249801"}],"wp:attachment":[{"href":"http:\/\/www.tvturk.com\/index.php\/wp-json\/wp\/v2\/media?parent=249800"}],"wp:term":[{"taxonomy":"category","embeddable":true,"href":"http:\/\/www.tvturk.com\/index.php\/wp-json\/wp\/v2\/categories?post=249800"},{"taxonomy":"post_tag","embeddable":true,"href":"http:\/\/www.tvturk.com\/index.php\/wp-json\/wp\/v2\/tags?post=249800"}],"curies":[{"name":"wp","href":"https:\/\/api.w.org\/{rel}","templated":true}]}}