{"id":249828,"date":"2019-12-31T10:16:23","date_gmt":"2019-12-31T07:16:23","guid":{"rendered":"http:\/\/www.tvturk.com\/index.php\/gusto-giyimden-subelesme-adimlari\/"},"modified":"2019-12-31T10:16:23","modified_gmt":"2019-12-31T07:16:23","slug":"gusto-giyimden-subelesme-adimlari","status":"publish","type":"post","link":"http:\/\/www.tvturk.com\/index.php\/gusto-giyimden-subelesme-adimlari\/","title":{"rendered":"Gusto Giyim\u2019den \u015fubele\u015fme ad\u0131mlar\u0131"},"content":{"rendered":"<p>Giyim markalar\u0131n\u0131n \u015fube say\u0131lar\u0131n\u0131 art\u0131rma ad\u0131mlar\u0131 s\u0131kla\u015ft\u0131. Gusto, Adana\u2019daki yeni ma\u011fazas\u0131n\u0131n a\u00e7\u0131l\u0131\u015f\u0131n\u0131 ger\u00e7ekle\u015ftirdi.<\/p>\n<p>Perakende ve kad\u0131n giyim sekt\u00f6r\u00fcn\u00fcn \u00f6nde gelen markalar\u0131ndan Gusto, Adana\u2019daki yeni ma\u011fazas\u0131n\u0131n a\u00e7\u0131l\u0131\u015f\u0131n\u0131 ger\u00e7ekle\u015ftirdi. Gusto, Adana\u2019n\u0131n yeni a\u00e7\u0131lan bir AVM\u2019de hizmete ald\u0131\u011f\u0131 ma\u011fazas\u0131 ile b\u00fcy\u00fcme hedefini destekliyor. Ma\u011faza a\u011f\u0131n\u0131 her ge\u00e7en g\u00fcn daha da b\u00fcy\u00fcten marka; ula\u015f\u0131labilir fiyatl\u0131, kaliteli ve d\u00fcnya trendlerine uygun \u00fcr\u00fcnlerini Adanal\u0131 sevenlerinin be\u011fenisine sunacak.<\/p>\n<p>Firmadan yap\u0131lan a\u00e7\u0131klamaya g\u00f6re ge\u00e7ti\u011fimiz aylarda \u0130stanbul\u2019da iki, Bursa, \u0130zmit ve son olarak Adana\u2019da ma\u011faza a\u00e7\u0131l\u0131\u015flar\u0131n\u0131 yapan marka, 2020 Ocak ay\u0131nda Samsun\u2019da a\u00e7\u0131lacak olan yeni bir AVM\u2019de de yerini alacak.  Markan\u0131n ayn\u0131 d\u00f6nemlerde Tekirda\u011f\u2019da da ma\u011faza a\u00e7ma plan\u0131 var.<\/p>\n","protected":false},"excerpt":{"rendered":"<p>GUSTO G\u0130Y\u0130M\u2019DEN \u015eUBELE\u015eME ADIMLARI<\/p>\n","protected":false},"author":1,"featured_media":249829,"comment_status":"closed","ping_status":"open","sticky":false,"template":"","format":"standard","meta":{"jetpack_post_was_ever_published":false,"_jetpack_newsletter_access":"","_jetpack_dont_email_post_to_subs":false,"_jetpack_newsletter_tier_id":0,"_jetpack_memberships_contains_paywalled_content":false,"_jetpack_memberships_contains_paid_content":false,"footnotes":"","jetpack_publicize_message":"","jetpack_publicize_feature_enabled":true,"jetpack_social_post_already_shared":true,"jetpack_social_options":{"image_generator_settings":{"template":"highway","default_image_id":0,"font":"","enabled":false},"version":2}},"categories":[19],"tags":[43055,61957,61416,61958],"class_list":["post-249828","post","type-post","status-publish","format-standard","has-post-thumbnail","hentry","category-ekonomi","tag-adimlari","tag-giyimden","tag-gusto","tag-subelesme"],"jetpack_publicize_connections":[],"jetpack_featured_media_url":"https:\/\/i0.wp.com\/www.tvturk.com\/wp-content\/uploads\/2019\/12\/gusto-giyimden-subelesme-adimlari_4a16930.jpg?fit=1000%2C750","jetpack_sharing_enabled":true,"jetpack_shortlink":"https:\/\/wp.me\/paKIfm-12Zu","_links":{"self":[{"href":"http:\/\/www.tvturk.com\/index.php\/wp-json\/wp\/v2\/posts\/249828","targetHints":{"allow":["GET"]}}],"collection":[{"href":"http:\/\/www.tvturk.com\/index.php\/wp-json\/wp\/v2\/posts"}],"about":[{"href":"http:\/\/www.tvturk.com\/index.php\/wp-json\/wp\/v2\/types\/post"}],"author":[{"embeddable":true,"href":"http:\/\/www.tvturk.com\/index.php\/wp-json\/wp\/v2\/users\/1"}],"replies":[{"embeddable":true,"href":"http:\/\/www.tvturk.com\/index.php\/wp-json\/wp\/v2\/comments?post=249828"}],"version-history":[{"count":0,"href":"http:\/\/www.tvturk.com\/index.php\/wp-json\/wp\/v2\/posts\/249828\/revisions"}],"wp:featuredmedia":[{"embeddable":true,"href":"http:\/\/www.tvturk.com\/index.php\/wp-json\/wp\/v2\/media\/249829"}],"wp:attachment":[{"href":"http:\/\/www.tvturk.com\/index.php\/wp-json\/wp\/v2\/media?parent=249828"}],"wp:term":[{"taxonomy":"category","embeddable":true,"href":"http:\/\/www.tvturk.com\/index.php\/wp-json\/wp\/v2\/categories?post=249828"},{"taxonomy":"post_tag","embeddable":true,"href":"http:\/\/www.tvturk.com\/index.php\/wp-json\/wp\/v2\/tags?post=249828"}],"curies":[{"name":"wp","href":"https:\/\/api.w.org\/{rel}","templated":true}]}}