{"id":249840,"date":"2019-12-31T10:17:34","date_gmt":"2019-12-31T07:17:34","guid":{"rendered":"http:\/\/www.tvturk.com\/index.php\/mehmet-buyukeksi-2020-gaziantep-fknin-basari-yili-olacak\/"},"modified":"2019-12-31T10:17:34","modified_gmt":"2019-12-31T07:17:34","slug":"mehmet-buyukeksi-2020-gaziantep-fknin-basari-yili-olacak","status":"publish","type":"post","link":"http:\/\/www.tvturk.com\/index.php\/mehmet-buyukeksi-2020-gaziantep-fknin-basari-yili-olacak\/","title":{"rendered":"Mehmet B\u00fcy\u00fckek\u015fi: &#8220;2020 Gaziantep FK\u2019n\u0131n ba\u015far\u0131 y\u0131l\u0131 olacak&#8221;"},"content":{"rendered":"<p>Gaziantep Futbol Kul\u00fcb\u00fc Ba\u015fkan\u0131 Mehmet B\u00fcy\u00fckek\u015fi, 2020\u2019nin kendileri i\u00e7in ba\u015far\u0131 dolu bir y\u0131l olaca\u011f\u0131na inand\u0131\u011f\u0131n\u0131 s\u00f6yledi.<\/p>\n<p>Gaziantep FK Ba\u015fkan\u0131 Mehmet B\u00fcy\u00fckek\u015fi, S\u00fcper Lig\u2019de ilk yar\u0131n\u0131n tamamlanmas\u0131n\u0131n ard\u0131ndan genel bir de\u011ferlendirme yapt\u0131. \u0130lk devreyi dokuzuncu s\u0131rada bitirmenin \u00f6nemli oldu\u011funu ifade eden B\u00fcy\u00fckek\u015fi, 2020 y\u0131l\u0131nda da s\u00fcrd\u00fcr\u00fclebilir ba\u015far\u0131lar kazanmak istediklerini belirtti.<\/p>\n<p>\u201cG\u00fczel bir y\u0131l\u0131 geride b\u0131rakt\u0131k\u201d<\/p>\n<p>2019 y\u0131l\u0131n\u0131n Gaziantep \u015fehri i\u00e7in \u00e7ok \u00f6nemli ge\u00e7ti\u011fini ifade eden Mehmet B\u00fcy\u00fckek\u015fi, \u201c2019 y\u0131l\u0131nda Gaziantep \u015fehrimiz, Onursal Ba\u015fkan\u0131m\u0131z Adil Sani Konuko\u011flu ba\u015fkanl\u0131\u011f\u0131nda hak etti\u011fi yer olan S\u00fcper Lig\u2019e \u00e7\u0131kma sevinci ya\u015fayarak tarihe ge\u00e7mi\u015ftir. 2019 y\u0131l\u0131n\u0131n ilk alt\u0131 ay\u0131nda \u015fampiyonluk sevinci ya\u015fay\u0131p, daha sonra ise tarihimizde ilk kez S\u00fcper Lig\u2019de sahne almaya hak kazand\u0131k. Gelinen noktaya bakt\u0131\u011f\u0131m\u0131zda ise tak\u0131m\u0131m\u0131z toplad\u0131\u011f\u0131 24 puanla, S\u00fcper Lig\u2019de 9. s\u0131rada sezonun ilk yar\u0131s\u0131n\u0131 kapatt\u0131. Ger\u00e7ekten geriye d\u00f6n\u00fcp bak\u0131ld\u0131\u011f\u0131 zaman, unutulmayacak bir y\u0131l oldu diyebilirim. Bu ba\u015far\u0131lar\u0131n s\u00fcrd\u00fcr\u00fclebilir bir yap\u0131ya kavu\u015fmas\u0131 ve istikrar\u0131 sa\u011flayabilmek ad\u0131na \u00e7al\u0131\u015fmalar\u0131m\u0131za ara vermeden devam edece\u011fiz. \u00dcmit ediyorum ki yeni y\u0131l t\u00fcm insanlara oldu\u011fu gibi futbol tak\u0131m\u0131m\u0131z i\u00e7in de ba\u015far\u0131larla dolu olur\u201d dedi.<\/p>\n<p>\u201cDevre aras\u0131 kamp\u0131n\u0131 en iyi \u015fekilde de\u011ferlendirmek istiyoruz&#8221;<\/p>\n<p>Devre aras\u0131 kamp d\u00f6nemi ve transferlerle ilgili de konu\u015fan Ba\u015fkan Mehmet B\u00fcy\u00fckek\u015fi, \u201cLigde 24 puan toplad\u0131k diye i\u015flerin bitti\u011fini ve art\u0131k ligde kald\u0131k gibi bir d\u00fc\u015f\u00fcnceye asla kat\u0131lmamam\u0131z gerekiyor. Her ge\u00e7en g\u00fcn \u00fczerine koyarak, ligde \u00fcst s\u0131ralara y\u00fckselmek istiyoruz. Hedefimizi ilk on s\u0131ra olarak dile getirmi\u015ftik ve bu do\u011frultuda en yukar\u0131lara t\u0131rmanmak istiyoruz. Lige verilen bu arada hocam\u0131z\u0131n da fikir ve \u00f6nerileri kapsam\u0131nda hem kadromuzu g\u00fc\u00e7lendirmek hem de iyi bir antrenman d\u00f6nemi ya\u015famak istiyoruz. Sezonun ilk yar\u0131s\u0131nda \u00f6zellikle sakat futbolcular\u0131m\u0131z\u0131n fazlal\u0131\u011f\u0131 nedeniyle tam anlam\u0131yla eksiksiz sahaya \u00e7\u0131kamad\u0131k. Hem sakat futbolcular\u0131m\u0131z\u0131n aram\u0131za kat\u0131lmas\u0131, hem de yapmak istedi\u011fimiz nokta transferlerle ligin ikinci devresinde de ad\u0131m\u0131zdan ba\u015far\u0131larla s\u00f6z ettirmek istiyoruz. Elbette ki t\u00fcm tak\u0131mlar, bu d\u00f6nemde g\u00fc\u00e7lenebilmek ad\u0131na \u00e7al\u0131\u015fmalar yapacaklard\u0131r. \u0130n\u015fallah bizlerde \u00fczerimize d\u00fc\u015fen g\u00f6revleri yerine getirip, bu devre aras\u0131 kamp\u0131n\u0131 tak\u0131m olarak en iyi \u015fekilde de\u011ferlendirmek istiyoruz\u201d \u015feklinde konu\u015ftu.<\/p>\n<p>\u201cKampanyam\u0131z devam ediyor\u201d<\/p>\n<p>\u2019Gaziantep Tek Y\u00fcrek\u2019 kampanyas\u0131n\u0131n da devam etti\u011fini dile getiren B\u00fcy\u00fckek\u015fi, \u201cKul\u00fcb\u00fcm\u00fcz\u00fcn, \u015fehirdeki t\u00fcm taraftarlar\u0131m\u0131z\u0131n beklentisine yan\u0131t verebilmesi ad\u0131na ciddi bir kaynak olu\u015fturmas\u0131 gerekiyor. Bu do\u011frultuda y\u00f6netim kurulundaki arkada\u015flar\u0131m\u0131zla birlikte, s\u00fcrekli aray\u0131\u015f halindeyiz. Gaziantep Tek Y\u00fcrek kampanyas\u0131 kapsam\u0131nda Gaziantep\u2019te olduk\u00e7a verimli bir geceyi geride b\u0131rakt\u0131k. Taraftarlar\u0131m\u0131z\u0131n ve \u015fehrimizin deste\u011fiyle bu kampanyam\u0131z devam ediyor. Umut ediyorum ki taraftarlar\u0131m\u0131z yeni y\u0131lda da tak\u0131mlar\u0131na destek olmaya devam edeceklerdir. \u00c7\u00fcnk\u00fc bu kul\u00fcb\u00fcn uzun y\u0131llar boyu T\u00fcrk futbolunda yer almas\u0131 i\u00e7in \u015fehrin ve taraftar\u0131n \u00f6nemi \u00e7ok b\u00fcy\u00fck. Yeni y\u0131lda da t\u00fcm taraftarlar\u0131m\u0131z\u0131 hem sahada, hem de saha d\u0131\u015f\u0131nda kul\u00fcplerine sonuna kadar destek olmalar\u0131n\u0131 bekliyoruz\u201d diye konu\u015ftu.<\/p>\n<p>\u201c2020 y\u0131l\u0131 Gaziantep Futbol Kul\u00fcb\u00fc\u2019n\u00fcn ba\u015far\u0131 y\u0131l\u0131 olsun\u201d<\/p>\n<p>2020 y\u0131l\u0131n\u0131n t\u00fcm insanl\u0131\u011fa bar\u0131\u015f, sa\u011fl\u0131k ve mutluluk getirmesini diledi\u011fini s\u00f6zlerine ekleyen Mehmet B\u00fcy\u00fckek\u015fi, \u201cG\u00fczel bir y\u0131l\u0131 geride b\u0131rakt\u0131k ve art\u0131k 2020 y\u0131l\u0131n\u0131n heyecan\u0131n\u0131 ya\u015famaya ba\u015flad\u0131k. Yeni y\u0131l\u0131n, insanl\u0131\u011fa, futbol camias\u0131na ve taraftarlar\u0131m\u0131za sa\u011fl\u0131k, mutluluk ve bar\u0131\u015f getirmesini diliyorum. \u0130n\u015fallah yeni y\u0131lda da taraftarlar\u0131m\u0131zla el ele vererek, yeni ba\u015far\u0131lara imza atmak istiyoruz. Herkesin yeni y\u0131l\u0131n\u0131 en i\u00e7ten duygular\u0131mla kutluyorum\u201d ifadelerini kulland\u0131.<\/p>\n","protected":false},"excerpt":{"rendered":"<p>GAZ\u0130ANTEP FUTBOL KUL\u00dcB\u00dc BA\u015eKANI MEHMET B\u00dcY\u00dcKEK\u015e\u0130, 2020&#8217;N\u0130N KEND\u0130LER\u0130 \u0130\u00c7\u0130N BA\u015eARI DOLU B\u0130R YIL OLACA\u011eINA \u0130NANDI\u011eINI S\u00d6YLED\u0130.<\/p>\n","protected":false},"author":1,"featured_media":249841,"comment_status":"closed","ping_status":"open","sticky":false,"template":"","format":"standard","meta":{"jetpack_post_was_ever_published":false,"_jetpack_newsletter_access":"","_jetpack_dont_email_post_to_subs":false,"_jetpack_newsletter_tier_id":0,"_jetpack_memberships_contains_paywalled_content":false,"_jetpack_memberships_contains_paid_content":false,"footnotes":"","jetpack_publicize_message":"","jetpack_publicize_feature_enabled":true,"jetpack_social_post_already_shared":true,"jetpack_social_options":{"image_generator_settings":{"template":"highway","default_image_id":0,"font":"","enabled":false},"version":2}},"categories":[657],"tags":[11539,436,52310,59899,372,2570,1189,2128],"class_list":["post-249840","post","type-post","status-publish","format-standard","has-post-thumbnail","hentry","category-spor","tag-11539","tag-basari","tag-buyukeksi","tag-fknin","tag-gaziantep","tag-mehmet","tag-olacak","tag-yili"],"jetpack_publicize_connections":[],"jetpack_featured_media_url":"https:\/\/i0.wp.com\/www.tvturk.com\/wp-content\/uploads\/2019\/12\/mehmet-buyukeksi-2020-gaziantep-fknin-basari-yili-olacak_00279ee.jpg?fit=1000%2C666","jetpack_sharing_enabled":true,"jetpack_shortlink":"https:\/\/wp.me\/paKIfm-12ZG","_links":{"self":[{"href":"http:\/\/www.tvturk.com\/index.php\/wp-json\/wp\/v2\/posts\/249840","targetHints":{"allow":["GET"]}}],"collection":[{"href":"http:\/\/www.tvturk.com\/index.php\/wp-json\/wp\/v2\/posts"}],"about":[{"href":"http:\/\/www.tvturk.com\/index.php\/wp-json\/wp\/v2\/types\/post"}],"author":[{"embeddable":true,"href":"http:\/\/www.tvturk.com\/index.php\/wp-json\/wp\/v2\/users\/1"}],"replies":[{"embeddable":true,"href":"http:\/\/www.tvturk.com\/index.php\/wp-json\/wp\/v2\/comments?post=249840"}],"version-history":[{"count":0,"href":"http:\/\/www.tvturk.com\/index.php\/wp-json\/wp\/v2\/posts\/249840\/revisions"}],"wp:featuredmedia":[{"embeddable":true,"href":"http:\/\/www.tvturk.com\/index.php\/wp-json\/wp\/v2\/media\/249841"}],"wp:attachment":[{"href":"http:\/\/www.tvturk.com\/index.php\/wp-json\/wp\/v2\/media?parent=249840"}],"wp:term":[{"taxonomy":"category","embeddable":true,"href":"http:\/\/www.tvturk.com\/index.php\/wp-json\/wp\/v2\/categories?post=249840"},{"taxonomy":"post_tag","embeddable":true,"href":"http:\/\/www.tvturk.com\/index.php\/wp-json\/wp\/v2\/tags?post=249840"}],"curies":[{"name":"wp","href":"https:\/\/api.w.org\/{rel}","templated":true}]}}