{"id":249842,"date":"2019-12-31T10:31:29","date_gmt":"2019-12-31T07:31:29","guid":{"rendered":"http:\/\/www.tvturk.com\/index.php\/avustralyada-alevler-kasabayi-sardi-4-bin-kisi-tahliye-edildi\/"},"modified":"2019-12-31T10:31:29","modified_gmt":"2019-12-31T07:31:29","slug":"avustralyada-alevler-kasabayi-sardi-4-bin-kisi-tahliye-edildi","status":"publish","type":"post","link":"http:\/\/www.tvturk.com\/index.php\/avustralyada-alevler-kasabayi-sardi-4-bin-kisi-tahliye-edildi\/","title":{"rendered":"Avustralya\u2019da alevler kasabay\u0131 sard\u0131: 4 bin ki\u015fi tahliye edildi"},"content":{"rendered":"<p>Avustralya\u2019n\u0131n Victoria eyaletinde yang\u0131nla m\u00fccadele devam ederken alevler Mallacoota kasabas\u0131n\u0131 sard\u0131. Yang\u0131n nedeniyle turistler de dahil bir\u00e7ok ki\u015finin mahsur kald\u0131\u011f\u0131 k\u0131y\u0131 kasabas\u0131nda yakla\u015f\u0131k 4 bin ki\u015fi tahliye edildi.<\/p>\n<p>Avustralya\u2019da Yeni G\u00fcney Galler ve Victoria eyaletinde baz\u0131 b\u00f6lgelerde r\u00fczgar\u0131n etkisiyle yang\u0131nlar etkisini artt\u0131r\u0131yor. Victoria eyaletinde Do\u011fu Gippslan b\u00f6lgesinde yer alan sahil kasabas\u0131 Mallacoota\u2019y\u0131 alevler sard\u0131. Sabah saatlerinde yay\u0131lmaya ba\u015flayan yang\u0131n nedeniyle sirenlerin \u00e7ald\u0131\u011f\u0131 kasaban\u0131n sakinleri daha \u00f6nce belirlenen tahliye plan\u0131na g\u00f6re deniz kenar\u0131na gitti. Turistlerin de aralar\u0131nda bulundu\u011fu y\u00fczlerce ki\u015fi, kasabada mahsur kal\u0131rken, yakla\u015f\u0131k 4 bin ki\u015fi g\u00fcvenli b\u00f6lgelere tahliye edildi. T\u00fcm kasabay\u0131 saran alevler nedeniyle g\u00f6ky\u00fcz\u00fc turuncuya d\u00f6nd\u00fc, bir\u00e7ok ev ise alevlere teslim oldu.<\/p>\n<p>Victoria eyaleti acil servisi, b\u00f6lge sakinlerine kapal\u0131 mekanlarda kalmalar\u0131 \u00e7a\u011fr\u0131s\u0131 yapt\u0131. Mallacoota kasabas\u0131nda \u201cAyr\u0131lmak i\u00e7in \u00e7ok ge\u00e7\u201d a\u00e7\u0131klamas\u0131n\u0131 yapan eyalet yetkilileri kasabadakilere hayatta kalmalar\u0131 i\u00e7in harekete ge\u00e7me \u00e7a\u011fr\u0131s\u0131nda bulundu.<\/p>\n<p>7 ki\u015fiden haber al\u0131nam\u0131yor, 2 ki\u015fi \u00f6ld\u00fc<\/p>\n<p>Victoria eyaleti Ba\u015fbakan\u0131 Daniel Andrews bug\u00fcn d\u00fczenledi\u011fi bas\u0131n toplant\u0131s\u0131nda, 4 ki\u015fiden haber al\u0131namad\u0131\u011f\u0131n\u0131 ve kay\u0131p ki\u015filerin durumlar\u0131yla ilgili endi\u015feli olduklar\u0131n\u0131 s\u00f6yledi. Andrews, kay\u0131p ki\u015filerin kimliklerine ve kaybolduklar\u0131 b\u00f6lgeye ili\u015fkin ise a\u00e7\u0131klama yapmad\u0131.<\/p>\n<p>Yang\u0131nlar\u0131n \u015fiddetini artt\u0131rd\u0131\u011f\u0131 Yeni G\u00fcney Galler\u2019deki Cobargo kasabas\u0131nda 2 ki\u015finin cesedine ula\u015f\u0131ld\u0131, 3 ki\u015fiden de haber al\u0131nam\u0131yor.<\/p>\n<p>Victoria eyaleti genelinde Pazartesi g\u00fcn\u00fc 70 farkl\u0131 noktada ba\u015flayan yang\u0131nlardan 20\u2019den fazlas\u0131 hala aktif durumda. Yeni G\u00fcney Galler\u2019de ise 100\u2019den fazla yang\u0131n devam ediyor.<\/p>\n<p>D\u00fcn Yeni G\u00fcney Galler\u2019de \u015fiddetli r\u00fczgarlar\u0131n alevlerin ortas\u0131ndaki kamyoneti devirmesi sonucu 28 ya\u015f\u0131ndaki bir g\u00f6n\u00fcll\u00fc itfaiyeci hayat\u0131n\u0131 kaybetmi\u015fti.<\/p>\n","protected":false},"excerpt":{"rendered":"<p>AVUSTRALYA\u2019NIN V\u0130CTOR\u0130A EYALET\u0130NDE YANGINLA M\u00dcCADELE DEVAM EDERKEN ALEVLER MALLACOOTA KASABASINI SARDI. YANGIN NEDEN\u0130YLE TUR\u0130STLER DE DAH\u0130L B\u0130R\u00c7OK K\u0130\u015e\u0130N\u0130N MAHSUR KALDI\u011eI KIYI KASABASINDA YAKLA\u015eIK 4 B\u0130N K\u0130\u015e\u0130 TAHL\u0130YE ED\u0130LD\u0130.<\/p>\n","protected":false},"author":1,"featured_media":249843,"comment_status":"closed","ping_status":"open","sticky":false,"template":"","format":"standard","meta":{"jetpack_post_was_ever_published":false,"_jetpack_newsletter_access":"","_jetpack_dont_email_post_to_subs":false,"_jetpack_newsletter_tier_id":0,"_jetpack_memberships_contains_paywalled_content":false,"_jetpack_memberships_contains_paid_content":false,"footnotes":"","jetpack_publicize_message":"","jetpack_publicize_feature_enabled":true,"jetpack_social_post_already_shared":true,"jetpack_social_options":{"image_generator_settings":{"template":"highway","default_image_id":0,"font":"","enabled":false},"version":2}},"categories":[10],"tags":[15253,20140,213,857,45514,1012,27840,153],"class_list":["post-249842","post","type-post","status-publish","format-standard","has-post-thumbnail","hentry","category-dunya","tag-alevler","tag-avustralyada","tag-bin","tag-edildi","tag-kasabayi","tag-kisi","tag-sardi","tag-tahliye"],"jetpack_publicize_connections":[],"jetpack_featured_media_url":"https:\/\/i0.wp.com\/www.tvturk.com\/wp-content\/uploads\/2019\/12\/avustralyada-alevler-kasabayi-sardi-4-bin-kisi-tahliye-edildi_1f73e9d.jpg?fit=1000%2C744","jetpack_sharing_enabled":true,"jetpack_shortlink":"https:\/\/wp.me\/paKIfm-12ZI","_links":{"self":[{"href":"http:\/\/www.tvturk.com\/index.php\/wp-json\/wp\/v2\/posts\/249842","targetHints":{"allow":["GET"]}}],"collection":[{"href":"http:\/\/www.tvturk.com\/index.php\/wp-json\/wp\/v2\/posts"}],"about":[{"href":"http:\/\/www.tvturk.com\/index.php\/wp-json\/wp\/v2\/types\/post"}],"author":[{"embeddable":true,"href":"http:\/\/www.tvturk.com\/index.php\/wp-json\/wp\/v2\/users\/1"}],"replies":[{"embeddable":true,"href":"http:\/\/www.tvturk.com\/index.php\/wp-json\/wp\/v2\/comments?post=249842"}],"version-history":[{"count":0,"href":"http:\/\/www.tvturk.com\/index.php\/wp-json\/wp\/v2\/posts\/249842\/revisions"}],"wp:featuredmedia":[{"embeddable":true,"href":"http:\/\/www.tvturk.com\/index.php\/wp-json\/wp\/v2\/media\/249843"}],"wp:attachment":[{"href":"http:\/\/www.tvturk.com\/index.php\/wp-json\/wp\/v2\/media?parent=249842"}],"wp:term":[{"taxonomy":"category","embeddable":true,"href":"http:\/\/www.tvturk.com\/index.php\/wp-json\/wp\/v2\/categories?post=249842"},{"taxonomy":"post_tag","embeddable":true,"href":"http:\/\/www.tvturk.com\/index.php\/wp-json\/wp\/v2\/tags?post=249842"}],"curies":[{"name":"wp","href":"https:\/\/api.w.org\/{rel}","templated":true}]}}