{"id":249850,"date":"2019-12-31T10:46:16","date_gmt":"2019-12-31T07:46:16","guid":{"rendered":"http:\/\/www.tvturk.com\/index.php\/aimsad-baskani-mustafa-erol-2020-atilim-yilimiz-olacak\/"},"modified":"2019-12-31T10:46:16","modified_gmt":"2019-12-31T07:46:16","slug":"aimsad-baskani-mustafa-erol-2020-atilim-yilimiz-olacak","status":"publish","type":"post","link":"http:\/\/www.tvturk.com\/index.php\/aimsad-baskani-mustafa-erol-2020-atilim-yilimiz-olacak\/","title":{"rendered":"A\u0130MSAD Ba\u015fkan\u0131 Mustafa Erol: &#8220;2020 at\u0131l\u0131m y\u0131l\u0131m\u0131z olacak&#8221;"},"content":{"rendered":"<p>A\u011fa\u00e7 i\u015fleme makineleri sekt\u00f6r\u00fcn\u00fcn 2019 y\u0131l\u0131n\u0131 de\u011ferlendiren ve 2020 \u00f6ng\u00f6r\u00fclerini payla\u015fan A\u0130MSAD Y\u00f6netim Kurulu Ba\u015fkan\u0131 Mustafa Erol, &#8220;2020 T\u00fcrkiye i\u00e7in at\u0131l\u0131m y\u0131l\u0131 olabilir. B\u00fcy\u00fcme, 2019\u2019un \u00f6n\u00fcne ge\u00e7ecek. Hem i\u00e7 pazarda, hem de ihracatta ciddi bir art\u0131\u015f ya\u015fayaca\u011f\u0131z.&#8221; dedi.<\/p>\n<p>Son 5 y\u0131lda ger\u00e7ekle\u015ftirdi\u011fi \u00e7al\u0131\u015fmalarla a\u011fa\u00e7 i\u015fleme makineleri sekt\u00f6r\u00fcn\u00fcn sesi haline gelen A\u0130MSAD\u2019\u0131n Y\u00f6netim Kurulu Ba\u015fkan\u0131 Mustafa Erol, a\u011fa\u00e7 i\u015fleme makineleri sekt\u00f6r\u00fcn\u00fcn 2019 y\u0131l\u0131n\u0131 de\u011ferlendirdi ve 2020 \u00f6ng\u00f6r\u00fclerini payla\u015ft\u0131. 2019\u2019un ilk \u00e7eyre\u011finin durgun ge\u00e7ti\u011fini s\u00f6yleyen Erol, ikinci \u00e7eyrekle birlikte i\u015flerin a\u00e7\u0131ld\u0131\u011f\u0131n\u0131, 2020\u2019de ise sekt\u00f6r\u00fcn at\u0131l\u0131m yapaca\u011f\u0131n\u0131 dile getirdi.<\/p>\n<p>Sekt\u00f6r\u00fcn b\u00fcy\u00fcmesinin 2019\u2019un \u00f6n\u00fcne ge\u00e7ece\u011fini belirten Erol hem i\u00e7 pazarda, hem de ihracatta ciddi bir art\u0131\u015f ya\u015fanaca\u011f\u0131n\u0131 kaydetti.<\/p>\n<p>2019 y\u0131l\u0131nda ilk \u00e7eyre\u011fin durgun ge\u00e7ti\u011fini s\u00f6yleyen Erol, &#8220;Tabi \u00f6ncesinde 2018 \u00e7ok zor bir sene oldu. \u0130\u00e7 pazar\u0131n in\u015faat sekt\u00f6r\u00fcndeki durgunluktan etkilenmesi ve firmalar\u0131n ihracata y\u00f6nelik \u00e7aba i\u00e7ine girmesiyle ge\u00e7ti. 2019\u2019un ilk \u00e7eyre\u011fi de T\u00fcrkiye\u2019de durgundu. \u0130kinci \u00e7eyrekte, bir miktar piyasalar\u0131n da k\u00f6t\u00fcden iyiye do\u011fru ivmelenmesinden dolay\u0131 i\u015fler a\u00e7\u0131ld\u0131. \u00dc\u00e7\u00fcnc\u00fc \u00e7eyrekte nispeten faizlerin de d\u00fc\u015fmesiyle, beklemedi\u011fimiz \u015fekilde iyi bir y\u0131l ge\u00e7irdik. \u00d6zellikle Woodtech fuar\u0131, bizim i\u00e7in i\u00e7 piyasan\u0131n g\u00f6stergesiydi, iyi bir fuar ge\u00e7ti\u011fini g\u00f6rd\u00fck. \u0130\u00e7 piyasada da talepler, ihracat\u0131n da etkisiyle artt\u0131. \u00c7\u00fcnk\u00fc mobilya sekt\u00f6r\u00fc de i\u00e7 piyasada bir i\u015f olmad\u0131\u011f\u0131 i\u00e7in, yurt d\u0131\u015f\u0131na ihracat yapmak amac\u0131yla kaliteli makineler kullanmak zorunda. 2018 krizi insanlar\u0131 ihracata y\u00f6nlendirdi. Firmalar olan pazarlardan ziyade, yeni hedef pazarlar belirledi ve bu konuda ba\u015far\u0131l\u0131 olundu. D\u00f6rd\u00fcnc\u00fc \u00e7eyrek de fuar\u0131n da etkisiyle iyi ge\u00e7ti. 2019 y\u0131l\u0131n\u0131n geneline bakt\u0131\u011f\u0131m\u0131z zaman, i\u00e7 pazar\u0131 ge\u00e7en y\u0131la g\u00f6re y\u00fczde 50 daha iyi bir pozisyonda kapataca\u011f\u0131z.&#8221; dedi.<\/p>\n<p>\u0130lk 10 ayda ithalat\u0131n 2 kat\u0131 ihracat<\/p>\n<p>A\u011fa\u00e7 i\u015fleme makineleri sekt\u00f6r\u00fcn\u00fcn 2019\u2019un ilk 10 ay\u0131nda toplam ihracat\u0131n\u0131n 79 milyon dolar oldu\u011funu s\u00f6yleyen Mustafa Erol, ithalat\u0131n ise 38 milyon dolar d\u00fczeyinde oldu\u011funu ifade etti.<\/p>\n<p>Erol, en \u00e7ok ihracat yap\u0131lan \u00fclkeler ise s\u0131ras\u0131yla Cezayir, Irak, Romanya, Bulgaristan, Rusya Federasyonu, \u0130spanya, Polonya, M\u0131s\u0131r, Birle\u015fik Krall\u0131k ve Kosova oldu. \u0130thalatta ise ilk 10\u2019u s\u0131ras\u0131yla Almanya, \u00c7in, \u0130talya, \u0130svi\u00e7re, Avusturya, Tayvan, Fransa, Finlandiya, Hindistan ve G\u00fcney Kore oldu\u011funu bildirdi.<\/p>\n<p>&#8220;Amerika ve G\u00fcney Asya yeni hedef pazarlar&#8221;<\/p>\n<p>2020\u2019nin T\u00fcrkiye i\u00e7in bir at\u0131l\u0131m y\u0131l\u0131 olabilece\u011fini belirten Mustafa Erol, de\u011fi\u015fik hedef \u00fclkeler, hi\u00e7 beklenmeyen ama A\u0130MSAD ve sekt\u00f6rdeki firmalar\u0131n da \u00e7al\u0131\u015ft\u0131\u011f\u0131 \u00fclkelerin hedef pazar listesine girebilece\u011fini a\u00e7\u0131klad\u0131. Bu pazarlara \u00f6rnek veren Erol, &#8220;\u00d6rne\u011fin; Amerika, Vietnam, Endonezya, Malezya gibi G\u00fcney Asya \u00fclkeleri ilgili de \u00e7abalar artt\u0131. Arap \u00fclkelerinin ihracattaki pay\u0131 bir miktar d\u00fc\u015febilir, kendi i\u00e7lerindeki kriz nedeniyle. Kuzey Afrika aynen devam edebilir, diye d\u00fc\u015f\u00fcn\u00fcyorum. \u00c7in hala devam eden k\u00fcresel bir oyuncu. Zaten \u00c7in y\u00fczy\u0131l\u0131 geliyor, bana g\u00f6re. Ama onlar da bir pazar.&#8221; dedi.<\/p>\n<p>Mobilya sekt\u00f6r\u00fcn\u00fcn makine yat\u0131r\u0131m\u0131na ihtiyac\u0131 olacak<\/p>\n<p>T\u00fcrkiye\u2019nin 2020\u2019yi ciddi bir art\u0131yla kapataca\u011f\u0131n\u0131 vurgulayan Erol, oran\u0131 tahmin edemedi\u011fini, hi\u00e7 beklemedikleri geli\u015fmeler ya\u015fand\u0131\u011f\u0131n\u0131 aktard\u0131.<\/p>\n<p>Siyasi ve jeopolitik durumlar\u0131n iyiye gitti\u011fine de\u011finen Erol, Merkez Bankas\u0131\u2019n\u0131n faizleri d\u00fc\u015f\u00fcrmesi, di\u011fer ekonomik g\u00f6stergelerin yan\u0131 s\u0131ra, bankalar\u0131n kredi verme i\u015ftahlar\u0131n\u0131n gittik\u00e7e artt\u0131\u011f\u0131n\u0131 kaydetti. Bu nedenle i\u00e7 pazarda ciddi bir hareketlenme bekledi\u011fini ifade eden Erol, \u015f\u00f6yle devam etti: &#8220;Bizim e\u011frimizi kontrol etti\u011fimiz yer in\u015faat sekt\u00f6r\u00fc. \u0130n\u015faat sekt\u00f6r\u00fcndeki her art\u0131 hareket bize misliyle geri d\u00f6n\u00fcyor. Tahminime g\u00f6re bu anlamda da b\u00fcy\u00fck bir s\u0131\u00e7rama ya\u015fayaca\u011f\u0131z. B\u00fcy\u00fcme, 2019\u2019un \u00f6n\u00fcne kesinlikle ge\u00e7er. Hem i\u00e7 pazarda, hem de ihracatta ciddi bir art\u0131\u015f g\u00f6rece\u011fiz. Hem d\u00f6viz bazl\u0131 art\u0131\u015f ya\u015fayaca\u011f\u0131z, hem de i\u00e7 pazarda. Mobilya firmalar\u0131 da ihracata y\u00f6neldi ve ciddi al\u0131ma ge\u00e7mek zorundalar. \u00c7\u00fcnk\u00fc 2-3 y\u0131ld\u0131r yat\u0131r\u0131m yapm\u0131yorlard\u0131. Bizde de makine parkurlar\u0131 \u00e7ok \u00e7abuk eskiyor. G\u00fcncellenmesi gerekiyor, moda \u00e7ok \u00e7abuk de\u011fi\u015fiyor. Klasik makine sekt\u00f6r\u00fc de\u011filiz biz. \u00d6n\u00fcm\u00fczdeki d\u00f6nemde de de\u011fi\u015fik y\u00fckselmeler bekliyoruz. 2020 bizim i\u00e7in beklentilerin \u00e7ok \u00fczerinde bir y\u0131l olabilir. Eksi yazaca\u011f\u0131n\u0131 d\u00fc\u015f\u00fcnm\u00fcyorum.&#8221;<\/p>\n<p>&#8220;Avrupa\u2019da ilk 3\u2019e d\u00fcnyada ilk 6\u2019ya girece\u011fiz&#8221;<\/p>\n<p>T\u00fcrkiye\u2019deki a\u011fa\u00e7 i\u015fleme makineleri sekt\u00f6r\u00fcn\u00fcn Avrupa\u2019daki s\u0131ralamalarda rakipleriyle aras\u0131nda \u00e7ok b\u00fcy\u00fck farklar olmad\u0131\u011f\u0131n\u0131 s\u00f6yleyen Erol, sekt\u00f6r olarak ilk 3\u2019e \u00e7\u0131kmak i\u00e7in \u00e7abalad\u0131klar\u0131n\u0131 bildirdi. \u0130talya ve Almanya\u2019dan sonra 3\u2019\u00fcnc\u00fc olmak istediklerini kaydeden Erol, Avrupa\u2019da ilk 3\u2019e gelindi\u011finde de d\u00fcnyada ilk 6\u2019ya gireceklerini, bunu da 2023\u2019e varmadan halledeceklerini aktard\u0131.<\/p>\n<p>A\u0130MSAD\u2019\u0131n 2020 hedefleri<\/p>\n<p>A\u0130MSAD\u2019\u0131n 2020 y\u0131l\u0131nda odaklanaca\u011f\u0131 konulardan bahseden Erol, ilk olarak firmalar\u0131n kurumsalla\u015fmas\u0131 ve markala\u015fmas\u0131 i\u00e7in bir \u00e7al\u0131\u015fma yapabileceklerini, bu konuda bir \u00e7al\u0131\u015ftay olabilece\u011fini dile getirdi. Devletin \u00e7\u0131kartm\u0131\u015f oldu\u011fu yeni te\u015fvikler hakk\u0131nda da \u00fcyelere y\u00f6nelik \u00e7al\u0131\u015fmalar olabilece\u011fini payla\u015fan Erol, e\u011fitimle alakal\u0131 dokunu\u015flar\u0131 olaca\u011f\u0131n\u0131n alt\u0131n\u0131 \u00e7izdi. Ayr\u0131ca; &#8220;K\u00f6t\u00fc bir 2018\u2019den geldi\u011fimiz i\u00e7in firmalar \u00e7ok fazla ta\u015f\u0131n alt\u0131na elini sokmak istemiyor. Ama 2020\u2019de in\u015fallah onlardan bu konuda \u00e7ok destek alaca\u011f\u0131z. \u00c7\u00fcnk\u00fc e\u011fitim bizim birinci en \u00f6nemli k\u0131stas\u0131m\u0131z. Elimizden ne geliyorsa yapmak istiyoruz.&#8221; dedi.<\/p>\n<p>&#8220;Yurt d\u0131\u015f\u0131ndaki hedef pazarlar d\u0131\u015f\u0131ndaki kritik pazarlarla ilgili roadshow\u2019lar yapabiliriz. O da ciddi anlamda hem eme\u011fimizi, hem vaktimizi al\u0131yor. Bu konuda finansman da ay\u0131rmam\u0131z gerekiyor. O da olabilir. G\u00fczel bir y\u0131l olaca\u011f\u0131 i\u00e7in dernek de g\u00fczel y\u0131llarda g\u00fczel i\u015fler yapar&#8221; diyerek derne\u011fin 2020 hedeflerini aktard\u0131.<\/p>\n","protected":false},"excerpt":{"rendered":"<p>A\u0130MSAD Y\u00d6NET\u0130M KURULU BA\u015eKANI MUSTAFA EROL<\/p>\n","protected":false},"author":1,"featured_media":249851,"comment_status":"closed","ping_status":"open","sticky":false,"template":"","format":"standard","meta":{"jetpack_post_was_ever_published":false,"_jetpack_newsletter_access":"","_jetpack_dont_email_post_to_subs":false,"_jetpack_newsletter_tier_id":0,"_jetpack_memberships_contains_paywalled_content":false,"_jetpack_memberships_contains_paid_content":false,"footnotes":"","jetpack_publicize_message":"","jetpack_publicize_feature_enabled":true,"jetpack_social_post_already_shared":true,"jetpack_social_options":{"image_generator_settings":{"template":"highway","default_image_id":0,"font":"","enabled":false},"version":2}},"categories":[19],"tags":[11539,37999,26197,216,8518,159,1189,61844],"class_list":["post-249850","post","type-post","status-publish","format-standard","has-post-thumbnail","hentry","category-ekonomi","tag-11539","tag-aimsad","tag-atilim","tag-baskani","tag-erol","tag-mustafa","tag-olacak","tag-yilimiz"],"jetpack_publicize_connections":[],"jetpack_featured_media_url":"https:\/\/i0.wp.com\/www.tvturk.com\/wp-content\/uploads\/2019\/12\/aimsad-baskani-mustafa-erol-2020-atilim-yilimiz-olacak_030ba12.jpg?fit=1000%2C664","jetpack_sharing_enabled":true,"jetpack_shortlink":"https:\/\/wp.me\/paKIfm-12ZQ","_links":{"self":[{"href":"http:\/\/www.tvturk.com\/index.php\/wp-json\/wp\/v2\/posts\/249850","targetHints":{"allow":["GET"]}}],"collection":[{"href":"http:\/\/www.tvturk.com\/index.php\/wp-json\/wp\/v2\/posts"}],"about":[{"href":"http:\/\/www.tvturk.com\/index.php\/wp-json\/wp\/v2\/types\/post"}],"author":[{"embeddable":true,"href":"http:\/\/www.tvturk.com\/index.php\/wp-json\/wp\/v2\/users\/1"}],"replies":[{"embeddable":true,"href":"http:\/\/www.tvturk.com\/index.php\/wp-json\/wp\/v2\/comments?post=249850"}],"version-history":[{"count":0,"href":"http:\/\/www.tvturk.com\/index.php\/wp-json\/wp\/v2\/posts\/249850\/revisions"}],"wp:featuredmedia":[{"embeddable":true,"href":"http:\/\/www.tvturk.com\/index.php\/wp-json\/wp\/v2\/media\/249851"}],"wp:attachment":[{"href":"http:\/\/www.tvturk.com\/index.php\/wp-json\/wp\/v2\/media?parent=249850"}],"wp:term":[{"taxonomy":"category","embeddable":true,"href":"http:\/\/www.tvturk.com\/index.php\/wp-json\/wp\/v2\/categories?post=249850"},{"taxonomy":"post_tag","embeddable":true,"href":"http:\/\/www.tvturk.com\/index.php\/wp-json\/wp\/v2\/tags?post=249850"}],"curies":[{"name":"wp","href":"https:\/\/api.w.org\/{rel}","templated":true}]}}