{"id":249860,"date":"2019-12-31T11:02:01","date_gmt":"2019-12-31T08:02:01","guid":{"rendered":"http:\/\/www.tvturk.com\/index.php\/mersinin-yuksek-kesimlerinde-karla-mucadele-suruyor\/"},"modified":"2019-12-31T11:02:01","modified_gmt":"2019-12-31T08:02:01","slug":"mersinin-yuksek-kesimlerinde-karla-mucadele-suruyor","status":"publish","type":"post","link":"http:\/\/www.tvturk.com\/index.php\/mersinin-yuksek-kesimlerinde-karla-mucadele-suruyor\/","title":{"rendered":"Mersin\u2019in y\u00fcksek kesimlerinde karla m\u00fccadele s\u00fcr\u00fcyor"},"content":{"rendered":"<p>Mersin B\u00fcy\u00fck\u015fehir Belediyesi, y\u00fcksek kesimlerde etkili olan kar ya\u011f\u0131\u015f\u0131 nedeniyle vatanda\u015flar\u0131n herhangi bir olumsuzluk ya\u015famamas\u0131 i\u00e7in kentin d\u00f6rt bir yan\u0131nda karla m\u00fccadele \u00e7al\u0131\u015fmalar\u0131n\u0131 s\u00fcrd\u00fcr\u00fcyor. Ekipler son olarak, Mut ve \u00c7aml\u0131yayla il\u00e7elerinde kar ya\u011f\u0131\u015f\u0131 nedeniyle kapanan yollar\u0131 a\u00e7arak, vatanda\u015flar\u0131n ma\u011fduriyetini giderdi.<\/p>\n<p>Beklenen kar ya\u011f\u0131\u015flar\u0131na kar\u015f\u0131 alarmda olan B\u00fcy\u00fck\u015fehir Belediyesi ekipleri, \u00f6zellikle y\u00fcksek kesimlerde ya\u015fayan vatanda\u015flar\u0131n yollar\u0131n\u0131 a\u00e7arak kar\u0131n getirdi\u011fi olumsuzluklar\u0131 en aza indiriyor. Mut il\u00e7esinde Da\u011fpazar\u0131, Kavak\u00f6z\u00fc, Elmap\u0131nar\u0131, Demirkap\u0131, \u00c7ivi ve Ball\u0131 yollar\u0131n\u0131 birbirine ba\u011flayan Da\u011fpazar\u0131 grup yolunda ve Kozlar yolunda karla m\u00fccadele \u00e7al\u0131\u015fmas\u0131 y\u00fcr\u00fcten ekipler, Sertavul ve Karaman\u2019a ba\u011flanan Narl\u0131dere\u2019de de yol a\u00e7ma \u00e7al\u0131\u015fmas\u0131 ger\u00e7ekle\u015ftirdi. 3 greyder ve 3 pikapla 14 ki\u015filik ekibin y\u00fcr\u00fctt\u00fc\u011f\u00fc \u00e7al\u0131\u015fmalarda ayr\u0131ca G\u00f6k\u00e7eta\u015f yolu da kal\u0131n kar \u00f6rt\u00fcs\u00fcnden ar\u0131nd\u0131r\u0131larak vatanda\u015flar\u0131n kullan\u0131m\u0131na a\u00e7\u0131ld\u0131.<\/p>\n<p>Zorlu k\u0131\u015f \u015fartlar\u0131nda vatanda\u015flar\u0131n \u00f6zellikle ula\u015f\u0131mda sorun ya\u015famamas\u0131 i\u00e7in \u00e7al\u0131\u015fan ekipler, \u00c7aml\u0131yayla\u2019da da \u00e7al\u0131\u015fmalar\u0131n\u0131 s\u00fcrd\u00fcr\u00fcyor. Tarsus-\u00c7aml\u0131yayla \u015eube M\u00fcd\u00fcrl\u00fc\u011f\u00fc\u2019ne ba\u011fl\u0131 ekipler \u00c7aml\u0131yayla il\u00e7esi ile Tarsus\u2019un G\u00fclek Mahallesi Karbo\u011faz\u0131 b\u00f6lgesinde a\u015f\u0131r\u0131 ya\u011f\u0131\u015f nedeniyle kardan kapanan ve kapanmak \u00fczere olan yollara an\u0131nda m\u00fcdahale ederek temizledi. B\u00fcy\u00fck\u015fehir Yol Yap\u0131m Bak\u0131m ve Onar\u0131m Dairesi Ba\u015fkanl\u0131\u011f\u0131 ekipleri taraf\u0131ndan ger\u00e7ekle\u015ftirilen \u00e7al\u0131\u015fmalar kapsam\u0131nda \u00c7aml\u0131yayla ile Sebil aras\u0131ndaki yol ile ba\u011fl\u0131 mahalleler ve yerle\u015fim yerleri olan Ergene, Atda\u011f\u0131, Fak\u0131lar, Boztepe, B\u00f6\u011fr\u00fce\u011fri, Sanl\u0131ca, Eminlik ve Ke\u015fli b\u00f6lgelerinde yollarda karla m\u00fccadele \u00e7al\u0131\u015fmas\u0131 ger\u00e7ekle\u015ftirildi. B\u00fcy\u00fck\u015fehir ekipleri karla m\u00fccadelesini gece saatlerinde de s\u00fcrd\u00fcr\u00fcrken, yine b\u00f6lgenin \u00f6nemli yaylal\u0131k alanlar\u0131ndan olan G\u00fclek Karbo\u011faz\u2019\u0131 b\u00f6lgesinde de karla kaplanan yollar yap\u0131lan \u00e7al\u0131\u015fmayla temizlendi. Greyderler ve di\u011fer i\u015f makineleri arac\u0131l\u0131\u011f\u0131yla seri \u015fekilde \u00e7al\u0131\u015fan ekipler, vatanda\u015flar\u0131n ula\u015f\u0131mda ve alt yap\u0131da herhangi bir sorun ya\u015famamas\u0131 i\u00e7in teyakkuz halinde bekleyi\u015flerini s\u00fcrd\u00fcr\u00fcyor.<\/p>\n<p>MESK\u0130 ekipleri de yo\u011fun k\u0131\u015f \u015fartlar\u0131nda vatanda\u015flar\u0131n suya ula\u015fma konusunda ma\u011fduriyet ya\u015famamas\u0131 i\u00e7in \u00e7al\u0131\u015fmalar y\u00fcr\u00fct\u00fcyor. Vatanda\u015flardan gelen ar\u0131za \u015fikayetlerine an\u0131nda m\u00fcdahale eden MESK\u0130 ekipleri, kar ya\u011f\u0131\u015f\u0131n\u0131n yo\u011fun oldu\u011fu \u00c7aml\u0131yayla il\u00e7esi Ard\u0131\u00e7 Yurdu b\u00f6lgesinde i\u00e7mesuyu borular\u0131nda meydana gelen ar\u0131zay\u0131 k\u0131sa s\u00fcrede onararak, vatanda\u015flar\u0131n i\u00e7mesuyu s\u0131k\u0131nt\u0131s\u0131n\u0131 giderdi.<\/p>\n","protected":false},"excerpt":{"rendered":"<p>MERS\u0130N B\u00dcY\u00dcK\u015eEH\u0130R BELED\u0130YES\u0130, Y\u00dcKSEK KES\u0130MLERDE ETK\u0130L\u0130 OLAN KAR YA\u011eI\u015eI NEDEN\u0130YLE VATANDA\u015eLARIN HERHANG\u0130 B\u0130R OLUMSUZLUK YA\u015eAMAMASI \u0130\u00c7\u0130N KENT\u0130N D\u00d6RT B\u0130R YANINDA KARLA M\u00dcCADELE \u00c7ALI\u015eMALARINI S\u00dcRD\u00dcR\u00dcYOR. EK\u0130PLER SON OLARAK, MUT VE \u00c7AMLIYAYLA \u0130L\u00c7ELER\u0130NDE KAR YA\u011eI\u015eI NEDEN\u0130YLE KAPANAN YOLLARI A\u00c7ARAK, VATANDA\u015eLARIN MA\u011eDUR\u0130YET\u0130N\u0130 G\u0130DERD\u0130.<\/p>\n","protected":false},"author":1,"featured_media":249861,"comment_status":"closed","ping_status":"open","sticky":false,"template":"","format":"standard","meta":{"jetpack_post_was_ever_published":false,"_jetpack_newsletter_access":"","_jetpack_dont_email_post_to_subs":false,"_jetpack_newsletter_tier_id":0,"_jetpack_memberships_contains_paywalled_content":false,"_jetpack_memberships_contains_paid_content":false,"footnotes":"","jetpack_publicize_message":"","jetpack_publicize_feature_enabled":true,"jetpack_social_post_already_shared":true,"jetpack_social_options":{"image_generator_settings":{"template":"highway","default_image_id":0,"font":"","enabled":false},"version":2}},"categories":[1],"tags":[887,11560,23829,888,1836,3448],"class_list":["post-249860","post","type-post","status-publish","format-standard","has-post-thumbnail","hentry","category-genel","tag-karla","tag-kesimlerinde","tag-mersinin","tag-mucadele","tag-suruyor","tag-yuksek"],"jetpack_publicize_connections":[],"jetpack_featured_media_url":"https:\/\/i0.wp.com\/www.tvturk.com\/wp-content\/uploads\/2019\/12\/mersinin-yuksek-kesimlerinde-karla-mucadele-suruyor_653e489.jpg?fit=1000%2C562","jetpack_sharing_enabled":true,"jetpack_shortlink":"https:\/\/wp.me\/paKIfm-1300","_links":{"self":[{"href":"http:\/\/www.tvturk.com\/index.php\/wp-json\/wp\/v2\/posts\/249860","targetHints":{"allow":["GET"]}}],"collection":[{"href":"http:\/\/www.tvturk.com\/index.php\/wp-json\/wp\/v2\/posts"}],"about":[{"href":"http:\/\/www.tvturk.com\/index.php\/wp-json\/wp\/v2\/types\/post"}],"author":[{"embeddable":true,"href":"http:\/\/www.tvturk.com\/index.php\/wp-json\/wp\/v2\/users\/1"}],"replies":[{"embeddable":true,"href":"http:\/\/www.tvturk.com\/index.php\/wp-json\/wp\/v2\/comments?post=249860"}],"version-history":[{"count":0,"href":"http:\/\/www.tvturk.com\/index.php\/wp-json\/wp\/v2\/posts\/249860\/revisions"}],"wp:featuredmedia":[{"embeddable":true,"href":"http:\/\/www.tvturk.com\/index.php\/wp-json\/wp\/v2\/media\/249861"}],"wp:attachment":[{"href":"http:\/\/www.tvturk.com\/index.php\/wp-json\/wp\/v2\/media?parent=249860"}],"wp:term":[{"taxonomy":"category","embeddable":true,"href":"http:\/\/www.tvturk.com\/index.php\/wp-json\/wp\/v2\/categories?post=249860"},{"taxonomy":"post_tag","embeddable":true,"href":"http:\/\/www.tvturk.com\/index.php\/wp-json\/wp\/v2\/tags?post=249860"}],"curies":[{"name":"wp","href":"https:\/\/api.w.org\/{rel}","templated":true}]}}