{"id":249870,"date":"2019-12-31T11:18:00","date_gmt":"2019-12-31T08:18:00","guid":{"rendered":"http:\/\/www.tvturk.com\/index.php\/ozel-isitme-engelli-ensar-biyonik-kulakla-duymaya-egitimle-konusmaya-basladi\/"},"modified":"2019-12-31T11:18:00","modified_gmt":"2019-12-31T08:18:00","slug":"ozel-isitme-engelli-ensar-biyonik-kulakla-duymaya-egitimle-konusmaya-basladi","status":"publish","type":"post","link":"http:\/\/www.tvturk.com\/index.php\/ozel-isitme-engelli-ensar-biyonik-kulakla-duymaya-egitimle-konusmaya-basladi\/","title":{"rendered":"(\u00d6zel) i\u015fitme engelli Ensar biyonik kulakla duymaya, e\u011fitimle konu\u015fmaya ba\u015flad\u0131"},"content":{"rendered":"<p>Kocaeli\u2019de do\u011fumundan k\u0131sa s\u00fcre sonra i\u015fitme engelli oldu\u011fu belirlenen Muhammed Ensar, biyonik kulak tak\u0131lmas\u0131 sonras\u0131nda ald\u0131\u011f\u0131 e\u011fitimle 3 ya\u015f\u0131nda konu\u015fmaya ba\u015flad\u0131. O\u011flunun bir daha konu\u015famayaca\u011f\u0131n\u0131 d\u00fc\u015f\u00fcnemeyece\u011fini d\u00fc\u015f\u00fcnen aile, Muhammed Ensar\u2019\u0131n konu\u015fmas\u0131 ile b\u00fcy\u00fck mutluluk ya\u015fad\u0131.<\/p>\n<p>Kocaeli\u2019de ya\u015fayan Sahibe ve Ey\u00fcp Aran \u00e7iftinin 3 y\u0131l \u00f6nce d\u00fcnyaya gelen o\u011fullar\u0131 Muhammed Ensar\u2019\u0131n do\u011fumundan sonra yap\u0131lan kontrollerde i\u015fitme engelli oldu\u011fu tespit edildi. Yap\u0131lan operasyonlar\u0131n ard\u0131ndan Ensar\u2019a i\u015fitme cihaz\u0131 tak\u0131ld\u0131. Muhammed Ensar\u2019\u0131n i\u015fitme kayb\u0131ndan dolay\u0131, dil geli\u015fiminde bozukluklar olabilece\u011fini \u00f6\u011frenen Aran \u00e7ifti, ya\u015fanabilecek problemleri a\u015fabilmek i\u00e7in \u00e7ocuklar\u0131n\u0131n e\u011fitim alabilece\u011fi bir e\u011fitim kurumu aramaya ba\u015flad\u0131. Aran \u00e7ifti yapt\u0131\u011f\u0131 ara\u015ft\u0131rmalar sonras\u0131nda Ba\u015fiskele il\u00e7esinde bulunan Atlantis \u00d6zel E\u011fitim ve Rehabilitasyon Merkezi\u2019nde ayn\u0131 tan\u0131daki bir\u00e7ok \u00e7ocu\u011fun ald\u0131\u011f\u0131 e\u011fitimle konu\u015fmaya ba\u015flad\u0131\u011f\u0131n\u0131 \u00f6\u011frendi. Bunun \u00fczerine Muhammed Ensar, kurumda e\u011fitime ba\u015flad\u0131.<\/p>\n<p>Erken e\u011fitim ve tak\u0131lan biyonik kulak Muhammed Ensar\u2019a \u00e7are oldu<\/p>\n<p>Muhammed Ensar\u2019a 1 bu\u00e7uk ya\u015f\u0131na geldi\u011finde ge\u00e7irdi\u011fi operasyonla biyonik kulak tak\u0131ld\u0131. Tak\u0131lan biyonik kulakla duymaya ba\u015flayan Muhammed Ensar\u2019\u0131n 7 ayl\u0131kken e\u011fitime ba\u015flad\u0131\u011f\u0131 kurumda bireysel e\u011fitim ve at terapisi ile e\u011fitimine devam edildi. Muhammed Ensar ald\u0131\u011f\u0131 e\u011fitimle k\u0131sa s\u00fcre sonra ilk kelimelerini s\u00f6ylemeye ba\u015flad\u0131. 3 ya\u015f\u0131na gelen Muhammed Ensar, erken ya\u015fta biyonik kulak tak\u0131lmas\u0131 ve e\u011fitime ba\u015flamas\u0131 sayesinde ya\u015f\u0131tlar\u0131n\u0131n seviyesine ula\u015ft\u0131. \u0130lk te\u015fhis konuldu\u011funda o\u011flunun bir daha duyamayaca\u011f\u0131n\u0131 d\u00fc\u015f\u00fcnen anne Sahibe Aran, Muhammed Ensar\u2019\u0131n 3 ya\u015f\u0131na geldi\u011finde ya\u015f\u0131tlar\u0131 gibi konu\u015fmas\u0131ndan dolay\u0131 \u00e7ok mutlu oldu\u011funu s\u00f6yledi.<\/p>\n<p>\u201cYa\u015f\u0131tlar\u0131 do\u011fumundan sonra duyarken, o 15 ayl\u0131kken duymaya ba\u015flad\u0131\u201d<\/p>\n<p>Ya\u015fad\u0131klar\u0131 zorlu s\u00fcreci anlatan anne Sahibe Aran, \u201cEnsar\u2019\u0131n i\u015fitme kayb\u0131n\u0131 do\u011fumundan sonraki i\u015fitme testlerinde fark ettik. Testlerden ge\u00e7emeyince k\u00fc\u00e7\u00fck bir operasyonla i\u015fitmedi\u011fini fark ettiler. S\u00fcre\u00e7 \u00f6yle geli\u015fti. H\u00fccreleri ve sinirleri \u00f6lmesin diye 5 ayl\u0131kken normal i\u015fitme cihaz\u0131 kullanmaya ba\u015flad\u0131k. 1 ya\u015f\u0131na girince doktorlar ameliyat olmas\u0131 gerekti\u011fini s\u00f6ylediler. 15 ayl\u0131kken biyonik kulak ameliyat\u0131 oldu. Ameliyattan sonra art\u0131k yava\u015f yava\u015f duymaya ba\u015flad\u0131. Do\u011fumundan sonra ya\u015f\u0131tlar\u0131 duyarken, o 15 ayl\u0131kken duymaya ba\u015flad\u0131. Bundan dolay\u0131 c\u00fcmle kuramayaca\u011f\u0131n\u0131, ya\u015f\u0131tlar\u0131yla e\u015fit bir \u015fekilde geli\u015fim g\u00f6steremeyece\u011fini s\u00f6ylediler. Ensar\u2019\u0131n te\u015fhisi yakla\u015f\u0131k 4 ayl\u0131kken koyulunca biz de \u00f6zel e\u011fitim alabilece\u011fi bir okul aramaya ba\u015flad\u0131k\u201d dedi.<\/p>\n<p>\u201cKonu\u015fmas\u0131 bizi mutlu ediyor\u201d<\/p>\n<p>O\u011flunun k\u0131sa s\u00fcre sonra konu\u015fmaya ba\u015flad\u0131\u011f\u0131n\u0131 ifade eden anne Aran, o\u011flunun konu\u015fmas\u0131ndan dolay\u0131 \u00e7ok mutlu olduklar\u0131n\u0131 ifade ederek, \u201cE\u011fitimin faydas\u0131n\u0131n oldu\u011funu \u00f6\u011frendik. Ensar 6 ayl\u0131kken \u00f6zel e\u011fitime ba\u015flad\u0131. Yakla\u015f\u0131k 2 y\u0131ld\u0131r Ensar duyuyor. Burada at terapisi gibi bir\u00e7ok e\u011fitim ald\u0131k. Hayvanlar\u0131 \u00e7ok sevdi\u011fi i\u00e7in onlarla ileti\u015fim kurdu. Doktorlar duymad\u0131\u011f\u0131n\u0131 ilk s\u00f6yledi\u011finde biz \u00e7ok \u00fcz\u00fcld\u00fck. Bunun tedavisinin olmad\u0131\u011f\u0131n\u0131 d\u00fc\u015f\u00fcn\u00fcrken, sonra yapt\u0131\u011f\u0131m\u0131z ara\u015ft\u0131rmalarda bunun \u00e7\u00f6z\u00fcm\u00fcn\u00fc oldu\u011funu \u00f6\u011frendik. \u015eu an \u00e7ok iyiyiz, mutluyuz. Ensar \u015fu anda ya\u015f\u0131tlar\u0131n\u0131n seviyesinin gerisinde de\u011fil. Konu\u015fmas\u0131 bizi mutlu ediyor\u201d diye konu\u015ftu.<\/p>\n<p>\u201cYa\u015f\u0131tlar\u0131 gibi konu\u015fabiliyor\u201d<\/p>\n<p>Ensar\u2019\u0131n geli\u015fim s\u00fcreci ile ilgili bilgiler aktaran \u00f6\u011fretmeni Hatice G\u00fcndo\u011fdu, duyma engelli \u00e7ocuklara biyonik kulak tak\u0131lmas\u0131n\u0131n ve e\u011fitimin \u00e7ok \u00f6nemli oldu\u011funu ifade ederek, \u201cEnsar ile bir y\u0131ld\u0131r \u00e7al\u0131\u015f\u0131yoruz. Kurumumuzda e\u011fitime ba\u015flad\u0131\u011f\u0131m\u0131zda 7 ayl\u0131kt\u0131 ve i\u015fitme problemi tan\u0131s\u0131 alm\u0131\u015ft\u0131. 1 ya\u015f\u0131na geldi\u011finde i\u015fitme cihaz\u0131 tak\u0131ld\u0131 ve e\u011fitimine ba\u015flan\u0131ld\u0131. E\u011fitime ba\u015flad\u0131\u011f\u0131m\u0131zda y\u00fcr\u00fcyemiyorduk ve konu\u015fam\u0131yorduk. 1 y\u0131l i\u00e7erisinde ald\u0131\u011f\u0131 fizik tedavi, at terapisi sayesinde dengeli \u015fekilde y\u00fcr\u00fcmeye, ald\u0131\u011f\u0131 bireysel e\u011fitimler ve hayvanlarla etkile\u015fime ge\u00e7ebilmesi sayesinde konu\u015fmaya ba\u015flad\u0131k. \u015eu anda Muhammet Ensar 3 ya\u015f\u0131nda. Ya\u015f\u0131tlar\u0131 gibi konu\u015fabiliyor ve daha fazla kelimelerin oldu\u011fu c\u00fcmleler kurabiliyor. Kurumumuzda Ensar\u2019\u0131n geli\u015fmesine ve sosyalle\u015fmesine y\u00f6nelik \u00e7al\u0131\u015fmalar devam ediyor. Aileler \u00e7ocu\u011funda farkl\u0131 bir geli\u015fimin oldu\u011funu g\u00f6zlemledi\u011finde bir psikiyatriste ve \u00f6zel e\u011fitim uzman\u0131na ba\u015fvurmalar\u0131n\u0131 tavsiye ediyoruz\u201d \u015feklinde konu\u015ftu.<\/p>\n","protected":false},"excerpt":{"rendered":"<p>KOCAEL\u0130\u2019DE DO\u011eUMUNDAN KISA S\u00dcRE SONRA \u0130\u015e\u0130TME ENGELL\u0130 OLDU\u011eU BEL\u0130RLENEN MUHAMMED ENSAR, B\u0130YON\u0130K KULAK TAKILMASI SONRASINDA ALDI\u011eI E\u011e\u0130T\u0130MLE 3 YA\u015eINDA KONU\u015eMAYA BA\u015eLADI. O\u011eLUNUN B\u0130R DAHA KONU\u015eAMAYACA\u011eINI D\u00dc\u015e\u00dcNEMEYECE\u011e\u0130N\u0130 D\u00dc\u015e\u00dcNEN A\u0130LE, MUHAMMED ENSAR\u2019IN KONU\u015eMASI \u0130LE B\u00dcY\u00dcK MUTLULUK YA\u015eADI.<\/p>\n","protected":false},"author":1,"featured_media":249871,"comment_status":"closed","ping_status":"open","sticky":false,"template":"","format":"standard","meta":{"jetpack_post_was_ever_published":false,"_jetpack_newsletter_access":"","_jetpack_dont_email_post_to_subs":false,"_jetpack_newsletter_tier_id":0,"_jetpack_memberships_contains_paywalled_content":false,"_jetpack_memberships_contains_paid_content":false,"footnotes":"","jetpack_publicize_message":"","jetpack_publicize_feature_enabled":true,"jetpack_social_post_already_shared":true,"jetpack_social_options":{"image_generator_settings":{"template":"highway","default_image_id":0,"font":"","enabled":false},"version":2}},"categories":[1],"tags":[32869,1073,55,61965,4534,1784,10537,1734,20415,52456],"class_list":["post-249870","post","type-post","status-publish","format-standard","has-post-thumbnail","hentry","category-genel","tag-biyonik","tag-ozel","tag-basladi","tag-duymaya","tag-egitimle","tag-engelli","tag-ensar","tag-isitme","tag-konusmaya","tag-kulakla"],"jetpack_publicize_connections":[],"jetpack_featured_media_url":"https:\/\/i0.wp.com\/www.tvturk.com\/wp-content\/uploads\/2019\/12\/ozel-isitme-engelli-ensar-biyonik-kulakla-duymaya-egitimle-konusmaya-basladi_a11a198.jpg?fit=1000%2C666","jetpack_sharing_enabled":true,"jetpack_shortlink":"https:\/\/wp.me\/paKIfm-130a","_links":{"self":[{"href":"http:\/\/www.tvturk.com\/index.php\/wp-json\/wp\/v2\/posts\/249870","targetHints":{"allow":["GET"]}}],"collection":[{"href":"http:\/\/www.tvturk.com\/index.php\/wp-json\/wp\/v2\/posts"}],"about":[{"href":"http:\/\/www.tvturk.com\/index.php\/wp-json\/wp\/v2\/types\/post"}],"author":[{"embeddable":true,"href":"http:\/\/www.tvturk.com\/index.php\/wp-json\/wp\/v2\/users\/1"}],"replies":[{"embeddable":true,"href":"http:\/\/www.tvturk.com\/index.php\/wp-json\/wp\/v2\/comments?post=249870"}],"version-history":[{"count":0,"href":"http:\/\/www.tvturk.com\/index.php\/wp-json\/wp\/v2\/posts\/249870\/revisions"}],"wp:featuredmedia":[{"embeddable":true,"href":"http:\/\/www.tvturk.com\/index.php\/wp-json\/wp\/v2\/media\/249871"}],"wp:attachment":[{"href":"http:\/\/www.tvturk.com\/index.php\/wp-json\/wp\/v2\/media?parent=249870"}],"wp:term":[{"taxonomy":"category","embeddable":true,"href":"http:\/\/www.tvturk.com\/index.php\/wp-json\/wp\/v2\/categories?post=249870"},{"taxonomy":"post_tag","embeddable":true,"href":"http:\/\/www.tvturk.com\/index.php\/wp-json\/wp\/v2\/tags?post=249870"}],"curies":[{"name":"wp","href":"https:\/\/api.w.org\/{rel}","templated":true}]}}