{"id":249872,"date":"2019-12-31T11:18:20","date_gmt":"2019-12-31T08:18:20","guid":{"rendered":"http:\/\/www.tvturk.com\/index.php\/buuden-yerli-otomobil-icin-ilk-adim\/"},"modified":"2019-12-31T11:18:20","modified_gmt":"2019-12-31T08:18:20","slug":"buuden-yerli-otomobil-icin-ilk-adim","status":"publish","type":"post","link":"http:\/\/www.tvturk.com\/index.php\/buuden-yerli-otomobil-icin-ilk-adim\/","title":{"rendered":"BU\u00dc\u2019den yerli otomobil i\u00e7in ilk ad\u0131m"},"content":{"rendered":"<p>Bursa Uluda\u011f \u00dcniversitesi (BU\u00dc), yerli otomobil konusunda yapt\u0131\u011f\u0131 \u2018g\u00f6n\u00fcll\u00fc i\u015fbirli\u011fi\u2019 \u00e7a\u011fr\u0131s\u0131n\u0131n ard\u0131ndan bir hamle daha yaparak, Teknik Bilimler Meslek Y\u00fcksekokulu\u2019ndaki m\u00fcfredat\u0131n\u0131 g\u00fcncellemeye ba\u015flad\u0131.<\/p>\n<p>Bursa Uluda\u011f \u00dcniversitesi, yerli ve elektrikli otomobil \u00fcretim tesislerinin Bursa\u2019da kurulacak olmas\u0131 sebebiyle ortaya \u00e7\u0131kacak nitelikli insan g\u00fcc\u00fc ihtiyac\u0131na cevap verebilmek \u00fczere \u00e7ok y\u00f6nl\u00fc olarak \u00e7al\u0131\u015fmalara ba\u015flad\u0131. \u00dcniversite y\u00f6netimi ilk ad\u0131m\u0131 Teknik Bilimler Meslek Y\u00fcksekokulu\u2019nda att\u0131. Otomotiv sekt\u00f6r\u00fcn\u00fcn talepleri do\u011frultusunda 1986 y\u0131l\u0131nda kurulan ve T\u00fcrkiye\u2019nin \u00f6nc\u00fcleri aras\u0131nda g\u00f6sterilen Otomotiv Teknolojisi Program\u0131 m\u00fcfredat\u0131na Elektrikli Ta\u015f\u0131tlar dersi eklenmesi y\u00f6n\u00fcnde karar al\u0131nd\u0131. BUU Teknik Bilimler MYO Otomotiv Teknolojileri B\u00f6l\u00fcm Ba\u015fkan\u0131 Prof. Dr. R\u0131dvan Aslan konuyla ilgili olarak, &#8220;Otuz y\u0131l\u0131 a\u015fk\u0131n bir zamand\u0131r otomotiv sekt\u00f6r\u00fc i\u00e7in \u00fcretim ve sat\u0131\u015f sonras\u0131na y\u00f6nelik nitelikli eleman yeti\u015ftiren programda mevcut Alternatif Motorlar ve Yak\u0131tlar derslerine ilave olarak yeni bir i\u00e7erik ile Elektrikli Ta\u015f\u0131tlar dersini okutmaya ba\u015flayaca\u011f\u0131z ve m\u00fcfredatlarda gerekli g\u00fcncellemeleri ivedilikle yapaca\u011f\u0131z\u201d dedi.<\/p>\n<p>Bursa Uluda\u011f \u00dcniversitesi Teknik Bilimler MYO M\u00fcd\u00fcr\u00fc Prof. Dr. Mehmet Karahan ise, yerli arac\u0131n Bursa\u2019da yap\u0131lacak olmas\u0131n\u0131n kendilerine daha fazla sorumluluk y\u00fckledi\u011fini dile getirdi. Yerli ara\u00e7 \u00fcretiminde yeti\u015fmi\u015f insan kayna\u011f\u0131n\u0131n \u00e7ok \u00f6nemli oldu\u011funu ve bu konuda \u00fcretim kadar sat\u0131\u015f sonras\u0131 ara\u00e7 servislerinde de ciddi bir insan kayna\u011f\u0131 ihtiyac\u0131n\u0131n do\u011faca\u011f\u0131n\u0131 beliren okul m\u00fcd\u00fcr\u00fc Karahan, \u201cBu konuda okul olarak hemen aksiyon alaca\u011f\u0131z ve ders m\u00fcfredatlar\u0131m\u0131za gerekli eklemeleri yapaca\u011f\u0131z. \u00d6zellikle Elektrikli ve Hibrid Ara\u00e7 Teknolojileri, Batarya Teknolojileri, Enerji Depolama, Elektrikli Ara\u00e7larda Yeni Teknolojiler, Elektrikli Ara\u00e7 D\u00f6n\u00fc\u015f\u00fcm Sistemleri, Elektrikli Ara\u00e7 \u015earj \u0130stasyonlar\u0131 ve Ak\u0131ll\u0131 \u015eebeke Y\u00f6netimi gibi dersleri hem otomotiv program\u0131, hem de elektrik program\u0131 b\u00fcnyesinde a\u00e7arak, bu konudaki insan kayna\u011f\u0131 ihtiyac\u0131na h\u0131zl\u0131 bir cevap vermeyi hedefliyoruz. \u0130lerleyen zamanlar i\u00e7in de Elektrikli ve Hibrit Ta\u015f\u0131tlar ile ilgili yeni nesil bir program a\u00e7may\u0131 arzu ediyoruz\u201d diye konu\u015ftu.<\/p>\n<p>MYO M\u00fcd\u00fcr\u00fc Prof. Dr. Mehmet Karahan, okulun 1986 y\u0131l\u0131nda otomotiv sekt\u00f6r\u00fcnden gelen taleplerle do\u011fdu\u011funu ve halen \u00fcniversite-sanayi i\u015fbirli\u011finin ya\u015fayan bir \u00f6rne\u011fi oldu\u011funun alt\u0131n\u0131 \u00e7izdi. Karahan, \u201cMYO b\u00fcnyesindeki e\u011fitim programlar\u0131 elektrikli ve hibrid motorlu ara\u00e7lar, \u015farj istasyonlar\u0131 altyap\u0131s\u0131, elektrikli ara\u00e7larla ilgili yeni teknolojiler ve ortaya \u00e7\u0131kacak yeni i\u015f alanlar\u0131 ile de\u011fi\u015fime u\u011frayacak otomotiv yan sanayinin geli\u015ftirilmesinde \u00f6nemli katk\u0131 sa\u011flayacakt\u0131r. \u00dcniversite olarak bu alanda kentimizin ve \u00fclkemizin nitelikli ara eleman ihtiyac\u0131n\u0131 da kar\u015f\u0131layabilece\u011fiz\u201d \u015feklinde konu\u015ftu.<\/p>\n","protected":false},"excerpt":{"rendered":"<p>BURSA ULUDA\u011e \u00dcN\u0130VERS\u0130TES\u0130 (BU\u00dc), YERL\u0130 OTOMOB\u0130L KONUSUNDA YAPTI\u011eI \u2018G\u00d6N\u00dcLL\u00dc \u0130\u015eB\u0130RL\u0130\u011e\u0130\u2019 \u00c7A\u011eRISININ ARDINDAN B\u0130R HAMLE DAHA YAPARAK TEKN\u0130K B\u0130L\u0130MLER MESLEK Y\u00dcKSEKOKULU\u2019NDAK\u0130 M\u00dcFREDATINI G\u00dcNCELLEMEYE BA\u015eLADI.<\/p>\n","protected":false},"author":1,"featured_media":249873,"comment_status":"closed","ping_status":"open","sticky":false,"template":"","format":"standard","meta":{"jetpack_post_was_ever_published":false,"_jetpack_newsletter_access":"","_jetpack_dont_email_post_to_subs":false,"_jetpack_newsletter_tier_id":0,"_jetpack_memberships_contains_paywalled_content":false,"_jetpack_memberships_contains_paid_content":false,"footnotes":"","jetpack_publicize_message":"","jetpack_publicize_feature_enabled":true,"jetpack_social_post_already_shared":true,"jetpack_social_options":{"image_generator_settings":{"template":"highway","default_image_id":0,"font":"","enabled":false},"version":2}},"categories":[24],"tags":[7429,16719,44,37,2873,2454],"class_list":["post-249872","post","type-post","status-publish","format-standard","has-post-thumbnail","hentry","category-teknoloji","tag-adim","tag-buuden","tag-icin","tag-ilk","tag-otomobil","tag-yerli"],"jetpack_publicize_connections":[],"jetpack_featured_media_url":"https:\/\/i0.wp.com\/www.tvturk.com\/wp-content\/uploads\/2019\/12\/buuden-yerli-otomobil-icin-ilk-adim_5a27c4f.jpg?fit=1000%2C664","jetpack_sharing_enabled":true,"jetpack_shortlink":"https:\/\/wp.me\/paKIfm-130c","_links":{"self":[{"href":"http:\/\/www.tvturk.com\/index.php\/wp-json\/wp\/v2\/posts\/249872","targetHints":{"allow":["GET"]}}],"collection":[{"href":"http:\/\/www.tvturk.com\/index.php\/wp-json\/wp\/v2\/posts"}],"about":[{"href":"http:\/\/www.tvturk.com\/index.php\/wp-json\/wp\/v2\/types\/post"}],"author":[{"embeddable":true,"href":"http:\/\/www.tvturk.com\/index.php\/wp-json\/wp\/v2\/users\/1"}],"replies":[{"embeddable":true,"href":"http:\/\/www.tvturk.com\/index.php\/wp-json\/wp\/v2\/comments?post=249872"}],"version-history":[{"count":0,"href":"http:\/\/www.tvturk.com\/index.php\/wp-json\/wp\/v2\/posts\/249872\/revisions"}],"wp:featuredmedia":[{"embeddable":true,"href":"http:\/\/www.tvturk.com\/index.php\/wp-json\/wp\/v2\/media\/249873"}],"wp:attachment":[{"href":"http:\/\/www.tvturk.com\/index.php\/wp-json\/wp\/v2\/media?parent=249872"}],"wp:term":[{"taxonomy":"category","embeddable":true,"href":"http:\/\/www.tvturk.com\/index.php\/wp-json\/wp\/v2\/categories?post=249872"},{"taxonomy":"post_tag","embeddable":true,"href":"http:\/\/www.tvturk.com\/index.php\/wp-json\/wp\/v2\/tags?post=249872"}],"curies":[{"name":"wp","href":"https:\/\/api.w.org\/{rel}","templated":true}]}}