{"id":249942,"date":"2019-12-31T13:16:11","date_gmt":"2019-12-31T10:16:11","guid":{"rendered":"http:\/\/www.tvturk.com\/index.php\/idlibden-kacan-siviller-kendi-cabalariyla-hayatta-kalmaya-calisiyor\/"},"modified":"2019-12-31T13:16:11","modified_gmt":"2019-12-31T10:16:11","slug":"idlibden-kacan-siviller-kendi-cabalariyla-hayatta-kalmaya-calisiyor","status":"publish","type":"post","link":"http:\/\/www.tvturk.com\/index.php\/idlibden-kacan-siviller-kendi-cabalariyla-hayatta-kalmaya-calisiyor\/","title":{"rendered":"\u0130dlib\u2019den ka\u00e7an siviller kendi \u00e7abalar\u0131yla hayatta kalmaya \u00e7al\u0131\u015f\u0131yor"},"content":{"rendered":"<p>Suriye\u2019nin \u0130dlib kentindeki siviller Esad rejiminin ger\u00e7ekle\u015ftirdi\u011fi sald\u0131r\u0131lar nedeniyle ka\u00e7maya devam ediyor. Hayatta kalmak i\u00e7in m\u00fccadele veren siviller, \u0130dlib\u2019in kuzeyinde bulunan Haranabush ve Deir Hassan k\u00f6ylerinde ve T\u00fcrkiye s\u0131n\u0131rlar\u0131na yak\u0131n alanlarda kendi \u00e7abalar\u0131 ile \u00e7ad\u0131rlar kurmaya \u00e7al\u0131\u015f\u0131yor.<\/p>\n<p>Suriye\u2019de, Be\u015far Esad rejiminin hava sald\u0131r\u0131lar\u0131 yo\u011funla\u015f\u0131rken siviller, elveri\u015fsiz hava ko\u015fullar\u0131nda hayatta kalma m\u00fccadelesi veriyor. Ya\u015fad\u0131klar\u0131 b\u00f6lgeleri terk eden siviller, \u0130dlib\u2019in kuzeyinde bulunan Haranabush ve Deir Hassan k\u00f6ylerine ve T\u00fcrkiye s\u0131n\u0131rlar\u0131na yak\u0131n alanlara ak\u0131n ediyor. \u00d6l\u00fcmden ka\u00e7an siviller evlerini b\u0131rak\u0131p T\u00fcrkiye s\u0131n\u0131rlar\u0131nda \u00e7ad\u0131rlarda kalmaya tercih etti. Siviller T\u00fcrk s\u0131n\u0131rlar\u0131na yak\u0131n alanlarda ve yollar etraf\u0131nda d\u00fczensiz bir \u015fekilde kendi \u00e7abalar\u0131yla \u00e7ad\u0131rlar kuruyor. Siviller ila\u00e7, \u0131s\u0131nma ve bar\u0131nma gibi temel ihtiya\u00e7lar olmadan, hayatta kalmak i\u00e7in \u00e7abal\u0131yor.<\/p>\n<p>Kendi imkanlar\u0131yla kurduklar\u0131 \u00e7ad\u0131rlarda kalan aileler, yard\u0131m kurulu\u015flar\u0131na ve uluslararas\u0131 yard\u0131m \u00f6rg\u00fctlerine ya\u015fam ko\u015fullar\u0131n\u0131n k\u00f6t\u00fcle\u015fmesi \u00fczerine yard\u0131m \u00e7a\u011fr\u0131s\u0131nda bulundu.<\/p>\n<p>Sivillerden biri, \u201cSald\u0131r\u0131lardan ka\u00e7t\u0131k. G\u00f6rd\u00fc\u011f\u00fcn\u00fcz gibi buraya ba\u015fka siviller de geldiler. Buraya yeni bir aile geldi basit bir \u00e7ad\u0131r yapmak i\u00e7in herhangi bir e\u015fyas\u0131 yok. Ben baz\u0131 e\u015fyalar verdim ama bu havada b\u00f6yle bir \u00e7ad\u0131r yetmez \u201ddedi.<\/p>\n","protected":false},"excerpt":{"rendered":"<p>SUR\u0130YE&#8217;N\u0130N \u0130DL\u0130B KENT\u0130NDEK\u0130 S\u0130V\u0130LLER ESAD REJ\u0130M\u0130N\u0130N GER\u00c7EKLE\u015eT\u0130RD\u0130\u011e\u0130 SALDIRILAR NEDEN\u0130YLE KA\u00c7MAYA DEVAM ED\u0130YOR. HAYATTA KALMAK \u0130\u00c7\u0130N M\u00dcCADELE VEREN S\u0130V\u0130LLER, \u0130DL\u0130B&#8217;\u0130N KUZEY\u0130NDE BULUNAN HARANABUSH VE DE\u0130R HASSAN K\u00d6YLER\u0130NDE VE T\u00dcRK\u0130YE SINIRLARINA YAKIN ALANLARDA KEND\u0130 \u00c7ABALARI \u0130LE \u00c7ADIRLAR KURMAYA \u00c7ALI\u015eIYOR.<\/p>\n","protected":false},"author":1,"featured_media":249943,"comment_status":"closed","ping_status":"open","sticky":false,"template":"","format":"standard","meta":{"jetpack_post_was_ever_published":false,"_jetpack_newsletter_access":"","_jetpack_dont_email_post_to_subs":false,"_jetpack_newsletter_tier_id":0,"_jetpack_memberships_contains_paywalled_content":false,"_jetpack_memberships_contains_paid_content":false,"footnotes":"","jetpack_publicize_message":"","jetpack_publicize_feature_enabled":true,"jetpack_social_post_already_shared":true,"jetpack_social_options":{"image_generator_settings":{"template":"highway","default_image_id":0,"font":"","enabled":false},"version":2}},"categories":[10],"tags":[61979,1422,18327,61317,5430,57468,5646,34145],"class_list":["post-249942","post","type-post","status-publish","format-standard","has-post-thumbnail","hentry","category-dunya","tag-cabalariyla","tag-calisiyor","tag-hayatta","tag-idlibden","tag-kacan","tag-kalmaya","tag-kendi","tag-siviller"],"jetpack_publicize_connections":[],"jetpack_featured_media_url":"https:\/\/i0.wp.com\/www.tvturk.com\/wp-content\/uploads\/2019\/12\/idlibden-kacan-siviller-kendi-cabalariyla-hayatta-kalmaya-calisiyor_186e18d.jpg?fit=1000%2C562","jetpack_sharing_enabled":true,"jetpack_shortlink":"https:\/\/wp.me\/paKIfm-131k","_links":{"self":[{"href":"http:\/\/www.tvturk.com\/index.php\/wp-json\/wp\/v2\/posts\/249942","targetHints":{"allow":["GET"]}}],"collection":[{"href":"http:\/\/www.tvturk.com\/index.php\/wp-json\/wp\/v2\/posts"}],"about":[{"href":"http:\/\/www.tvturk.com\/index.php\/wp-json\/wp\/v2\/types\/post"}],"author":[{"embeddable":true,"href":"http:\/\/www.tvturk.com\/index.php\/wp-json\/wp\/v2\/users\/1"}],"replies":[{"embeddable":true,"href":"http:\/\/www.tvturk.com\/index.php\/wp-json\/wp\/v2\/comments?post=249942"}],"version-history":[{"count":0,"href":"http:\/\/www.tvturk.com\/index.php\/wp-json\/wp\/v2\/posts\/249942\/revisions"}],"wp:featuredmedia":[{"embeddable":true,"href":"http:\/\/www.tvturk.com\/index.php\/wp-json\/wp\/v2\/media\/249943"}],"wp:attachment":[{"href":"http:\/\/www.tvturk.com\/index.php\/wp-json\/wp\/v2\/media?parent=249942"}],"wp:term":[{"taxonomy":"category","embeddable":true,"href":"http:\/\/www.tvturk.com\/index.php\/wp-json\/wp\/v2\/categories?post=249942"},{"taxonomy":"post_tag","embeddable":true,"href":"http:\/\/www.tvturk.com\/index.php\/wp-json\/wp\/v2\/tags?post=249942"}],"curies":[{"name":"wp","href":"https:\/\/api.w.org\/{rel}","templated":true}]}}