{"id":250020,"date":"2019-12-31T15:47:02","date_gmt":"2019-12-31T12:47:02","guid":{"rendered":"http:\/\/www.tvturk.com\/index.php\/bafra-anadolu-lisesi-15-yildir-uyariyor\/"},"modified":"2019-12-31T15:47:02","modified_gmt":"2019-12-31T12:47:02","slug":"bafra-anadolu-lisesi-15-yildir-uyariyor","status":"publish","type":"post","link":"http:\/\/www.tvturk.com\/index.php\/bafra-anadolu-lisesi-15-yildir-uyariyor\/","title":{"rendered":"Bafra Anadolu Lisesi 15 y\u0131ld\u0131r uyar\u0131yor"},"content":{"rendered":"<p>Samsun\u2019un Bafra il\u00e7esinde \u00f6\u011frenciler 2020 y\u0131l\u0131nda T\u00fcrkiye ve d\u00fcnyada olabilecek \u00e7evre felaketlerine kar\u015f\u0131 \u00e7an \u00e7alarak uyar\u0131larda bulundu.<\/p>\n<p>\u0130ngilizce \u00f6\u011fretmenleri Naim Okay \u00f6nc\u00fcl\u00fc\u011f\u00fcnde Cumhuriyet Meydan\u0131\u2019nda toplanan Bafra Anadolu Lisesi \u00f6\u011frencileri 15 y\u0131ld\u0131r yapt\u0131klar\u0131 uyar\u0131lara bir yenisini daha ekleyerek yeni y\u0131la girmeye saatler kala t\u00fcm d\u00fcnya vatanda\u015flar\u0131n\u0131 k\u00fcresel \u0131s\u0131nma ve ya\u015fanacak \u00e7evre felaketlerine kar\u015f\u0131 uyard\u0131. Uyar\u0131da, insanl\u0131\u011f\u0131n yeni y\u0131l\u0131n co\u015fkusunu ya\u015farken kendisini bekleyen do\u011fal felaketler konusunda da bir an d\u00fc\u015f\u00fcnmesini istendi.<\/p>\n<p>Kutup ay\u0131s\u0131 kost\u00fcm\u00fc ve d\u00fcnyan\u0131n buzul iskemlesi \u00fczerinde dara\u011fac\u0131na as\u0131l\u0131 koreografisi ile \u0130ngilizce ve T\u00fcrk\u00e7e pankartlarla mini bir sokak tiyatrosu sunan \u00f6\u011frenciler t\u00fcm do\u011fal varl\u0131klar\u0131m\u0131z\u0131n korunmas\u0131 ve toplumsal bilin\u00e7 olu\u015fturmak amac\u0131yla Bafra\u2018dan t\u00fcm d\u00fcnya devletlerine T\u00fcrk\u00e7e ve \u0130ngilizce bas\u0131n a\u00e7\u0131klamas\u0131yla uyar\u0131 yapt\u0131. 15 ya\u015f\u0131ndaki \u0130sve\u00e7li \u00e7evreci k\u0131z Greta\u2019n\u0131n yan\u0131 s\u0131ra bu anlaml\u0131 etkinli\u011fe Bafra TEMA da destek verdi.<\/p>\n<p>\u00d6\u011frenciler insano\u011flunun kendisine emanet edilen tabiat\u0131 hoyrat\u00e7a kullanmaya devam ederse 2020 y\u0131l\u0131nda da ani ve \u015fiddetli seller, erozyon, toprak ve hava kirlili\u011fi ve kurakl\u0131k gibi \u00e7evre felaketlerinin insanl\u0131\u011f\u0131 vuraca\u011f\u0131n\u0131 ifade eden Bafra Anadolu Lisesi \u00f6\u011frencisi Aysima K\u00f6se, \u201cK\u00fcresel \u0131s\u0131nma t\u00fcm d\u00fcnyay\u0131 oldu\u011fu gibi T\u00fcrkiye\u2019yi de yak\u0131ndan ilgilendiriyor. Daha \u015fimdiden kurakl\u0131k tehdidi ba\u015f g\u00f6sterdi. K\u0131\u015flar ya\u011f\u0131\u015fs\u0131z ge\u00e7iyor, a\u011fa\u00e7lar erken \u00e7i\u00e7ek a\u00e7\u0131yor. Bug\u00fcn ortalama 0,9 derece d\u00fcnyan\u0131n s\u0131cakl\u0131\u011f\u0131 artm\u0131\u015f durumda. Buzullar\u0131n erimesiyle hem deniz seviyesinde y\u00fckselme hem \u0131s\u0131nma var. D\u00fcnyan\u0131n en b\u00fcy\u00fck ikinci buz \u00f6rt\u00fcs\u00fc Gr\u00f6nland\u2019da temmuz ay\u0131nda 179 milyar ton buz eridi\u011fi a\u00e7\u0131kland\u0131. Sibirya, Alaska, Kanada ve T\u00fcrkiye yang\u0131nlar nedeniyle Haziran\u2019da 50 megaton, temmuz ay\u0131nda ise 79 megaton karbondioksit sal\u0131n\u0131m\u0131 oldu. Son 6 y\u0131l\u0131n en y\u00fcksek seviyesine ula\u015fan yang\u0131nlar nedeniyle her bir dakika da bir futbol sahas\u0131 b\u00fcy\u00fckl\u00fc\u011f\u00fcnde ormanl\u0131k alan yok oluyor.  Bizler Bafra Anadolu Lisesi olarak bu tehlikelerin fark\u0131nday\u0131z. Do\u011fan\u0131n s\u0131n\u0131r\u0131 yoktur. G\u00fczel il\u00e7emiz Bafra\u2019dan t\u00fcm d\u00fcnyaya sesleniyoruz. Gelece\u011fimizi karartmay\u0131n, zamans\u0131z erken \u00f6lmek istemiyoruz\u201d dedi.<\/p>\n<p>Bafra g\u00f6n\u00fcll\u00fc TEMA Ba\u015fkan\u0131 S\u00fcleyman \u00d6zata, 2020 y\u0131l\u0131nda da a\u011fa\u00e7land\u0131rmay\u0131 devam ettireceklerini s\u00f6yledi.<\/p>\n<p>Bafra Anadolu Lisesi \u0130ngilizce \u00d6\u011fretmeni Naim Okay ise &#8220;2019\u2019da ya\u015fad\u0131\u011f\u0131m\u0131z felaketlerin fark\u0131nday\u0131z. 2020 y\u0131l\u0131nda olabilecek felaketlere kar\u015f\u0131 vatanda\u015flar\u0131m\u0131z\u0131 bilgilendirmek i\u00e7in bug\u00fcn burada uyar\u0131 \u00e7anlar\u0131 \u00e7al\u0131yoruz. \u0130sve\u00e7li k\u0131z Greta gibi bizlerde buradan vatanda\u015flar\u0131m\u0131z\u0131 uyar\u0131yoruz. Sadece vatanda\u015flar\u0131m\u0131z de\u011fil buradan d\u00fcnyaya mesaj veriyoruz\u201d \u015feklinde konu\u015ftu.<\/p>\n<p>Konu\u015fmalar\u0131n ard\u0131ndan etkinlik sona erdi.<\/p>\n","protected":false},"excerpt":{"rendered":"<p>SAMSUN&#8217;UN BAFRA \u0130L\u00c7ES\u0130NDE \u00d6\u011eRENC\u0130LER 2020 YILINDA T\u00dcRK\u0130YE VE D\u00dcNYA&#8217;DA OLAB\u0130LECEK \u00c7EVRE FELAKETLER\u0130NE KAR\u015eI \u00c7AN \u00c7ALARAK UYARILARDA BULUNDU<\/p>\n","protected":false},"author":1,"featured_media":250021,"comment_status":"closed","ping_status":"open","sticky":false,"template":"","format":"standard","meta":{"jetpack_post_was_ever_published":false,"_jetpack_newsletter_access":"","_jetpack_dont_email_post_to_subs":false,"_jetpack_newsletter_tier_id":0,"_jetpack_memberships_contains_paywalled_content":false,"_jetpack_memberships_contains_paid_content":false,"footnotes":"","jetpack_publicize_message":"","jetpack_publicize_feature_enabled":true,"jetpack_social_post_already_shared":true,"jetpack_social_options":{"image_generator_settings":{"template":"highway","default_image_id":0,"font":"","enabled":false},"version":2}},"categories":[1],"tags":[1223,118,6787,6810,1682],"class_list":["post-250020","post","type-post","status-publish","format-standard","has-post-thumbnail","hentry","category-genel","tag-anadolu","tag-bafra","tag-lisesi","tag-uyariyor","tag-yildir"],"jetpack_publicize_connections":[],"jetpack_featured_media_url":"https:\/\/i0.wp.com\/www.tvturk.com\/wp-content\/uploads\/2019\/12\/bafra-anadolu-lisesi-15-yildir-uyariyor_f1b1f65.jpg?fit=1000%2C564","jetpack_sharing_enabled":true,"jetpack_shortlink":"https:\/\/wp.me\/paKIfm-132A","_links":{"self":[{"href":"http:\/\/www.tvturk.com\/index.php\/wp-json\/wp\/v2\/posts\/250020","targetHints":{"allow":["GET"]}}],"collection":[{"href":"http:\/\/www.tvturk.com\/index.php\/wp-json\/wp\/v2\/posts"}],"about":[{"href":"http:\/\/www.tvturk.com\/index.php\/wp-json\/wp\/v2\/types\/post"}],"author":[{"embeddable":true,"href":"http:\/\/www.tvturk.com\/index.php\/wp-json\/wp\/v2\/users\/1"}],"replies":[{"embeddable":true,"href":"http:\/\/www.tvturk.com\/index.php\/wp-json\/wp\/v2\/comments?post=250020"}],"version-history":[{"count":0,"href":"http:\/\/www.tvturk.com\/index.php\/wp-json\/wp\/v2\/posts\/250020\/revisions"}],"wp:featuredmedia":[{"embeddable":true,"href":"http:\/\/www.tvturk.com\/index.php\/wp-json\/wp\/v2\/media\/250021"}],"wp:attachment":[{"href":"http:\/\/www.tvturk.com\/index.php\/wp-json\/wp\/v2\/media?parent=250020"}],"wp:term":[{"taxonomy":"category","embeddable":true,"href":"http:\/\/www.tvturk.com\/index.php\/wp-json\/wp\/v2\/categories?post=250020"},{"taxonomy":"post_tag","embeddable":true,"href":"http:\/\/www.tvturk.com\/index.php\/wp-json\/wp\/v2\/tags?post=250020"}],"curies":[{"name":"wp","href":"https:\/\/api.w.org\/{rel}","templated":true}]}}