{"id":250060,"date":"2019-12-31T17:16:41","date_gmt":"2019-12-31T14:16:41","guid":{"rendered":"http:\/\/www.tvturk.com\/index.php\/yilbasi-oncesinde-kastamonuda-pastirma-satislari-patladi\/"},"modified":"2019-12-31T17:16:41","modified_gmt":"2019-12-31T14:16:41","slug":"yilbasi-oncesinde-kastamonuda-pastirma-satislari-patladi","status":"publish","type":"post","link":"http:\/\/www.tvturk.com\/index.php\/yilbasi-oncesinde-kastamonuda-pastirma-satislari-patladi\/","title":{"rendered":"Y\u0131lba\u015f\u0131 \u00f6ncesinde Kastamonu\u2019da past\u0131rma sat\u0131\u015flar\u0131 patlad\u0131"},"content":{"rendered":"<p>Cumhurba\u015fkan\u0131 Recep Tayyip Erdo\u011fan ile \u00fcnl\u00fc gurme Vedat Milor ba\u015fta olmak \u00fczere gastronomi uzmanlar\u0131n\u0131n \u00f6vg\u00fcyle bahsetti\u011fi Kastamonu Past\u0131rmas\u0131n\u0131n sat\u0131\u015flar\u0131 yeni y\u0131la saatler kala b\u00fcy\u00fck oranda sat\u0131\u015flar\u0131 artt\u0131. Ba\u015fta oteller olmak \u00fczere y\u0131lba\u015f\u0131nda hizmet veren olan \u00e7ok say\u0131da firma men\u00fcs\u00fcne Kastamonu past\u0131rmas\u0131n\u0131 dahil etti.<\/p>\n<p>\u00dcnl\u00fc gurme Vedat Milor\u2019dan sonra Cumhurba\u015fkan\u0131 Recep Tayyip Erdo\u011fan\u2019\u0131n da lezzetini be\u011fendi\u011fi Kastamonu past\u0131rmas\u0131 \u00fcreticisinin y\u00fcz\u00fcn\u00fc g\u00fcld\u00fcrmeye devam ediyor. Gastronomi alan\u0131nda T\u00fcrkiye\u2019nin \u00f6nde gelen \u015fehirlerinden Kastamonu\u2019da tespit edilen 812 \u00e7e\u015fit yeme\u011fin ba\u015fl\u0131ca yiyecekleri aras\u0131ndaki yer alan Kastamonu past\u0131rmas\u0131, y\u0131lba\u015f\u0131 men\u00fcs\u00fcn\u00fcn de ba\u015fl\u0131ca yiyecekleri aras\u0131nda yer ald\u0131. Kilosu 140 liradan sat\u0131lan Kastamonu past\u0131rmas\u0131, oteller ba\u015fta olmak \u00fczere \u00f6zellikle y\u0131lba\u015f\u0131nda hizmet verecek olan \u00e7ok say\u0131da i\u015fletmenin y\u0131lba\u015f\u0131 men\u00fcs\u00fcne dahil edildi.<\/p>\n<p>\u201cT\u00fcrkiye genelinde past\u0131rmam\u0131za y\u00f6nelik talepler artt\u0131\u201d<\/p>\n<p>T\u00fcrkiye genelinde Kastamonu past\u0131rmas\u0131na y\u00f6nelik talebin artt\u0131\u011f\u0131na dikkat \u00e7eken Past\u0131rma \u00dcreticisi \u00d6mer Faruk Karab\u0131y\u0131ko\u011flu,  \u201cKastamonu past\u0131rmas\u0131 son zamanlarda iyice reva\u00e7ta. Cumhurba\u015fkan\u0131m\u0131z Recep Tayyip Erdo\u011fan\u2019\u0131n bizim past\u0131rmam\u0131z\u0131 \u00f6vmesiyle birlikte sat\u0131\u015flar\u0131m\u0131z kat kat daha artt\u0131. Sa\u011f olsun halk\u0131m\u0131z\u0131n T\u00fcrkiye genelinde past\u0131rmam\u0131za y\u00f6nelik talepleri git gide artmaktad\u0131r. Y\u0131lba\u015f\u0131na giriyoruz in\u015fallah \u015fu an i\u00e7in sat\u0131\u015flar\u0131m\u0131z iyi bir derecede y\u00fckseldi. Bu vesileyle herkese iyi bir y\u0131l diliyorum. Past\u0131rma \u00fcreticileri olarak bizimde iyi bir y\u0131l ge\u00e7ece\u011fini, past\u0131rmam\u0131z\u0131 t\u00fcm T\u00fcrkiye\u2019ye daha g\u00fczel tan\u0131tabilece\u011fimizi umuyorum. 2020 y\u0131l\u0131 Kastamonu past\u0131rmas\u0131 i\u00e7in in\u015fallah daha g\u00fczel olacak. Buna inan\u0131yoruz biz. Bu kadar lezzetli olan bir past\u0131rmay\u0131 ba\u015fka hi\u00e7bir yerde bulma imkan\u0131n\u0131z yok\u201d dedi.<\/p>\n<p>\u201cY\u0131lba\u015f\u0131 \u00f6ncesinde past\u0131rma sat\u0131\u015flar\u0131m\u0131z artt\u0131\u201d<\/p>\n<p>Y\u0131lba\u015f\u0131 \u00f6ncesinde \u00f6zellikle otellerin men\u00fcs\u00fcne past\u0131rmay\u0131 dahil etti\u011fini ve bu sayede sat\u0131\u015flar\u0131n\u0131n da artt\u0131\u011f\u0131na i\u015faret eden Karab\u0131y\u0131ko\u011flu, \u201cY\u0131lba\u015f\u0131 \u00f6ncesinde b\u00f6lgemizdeki oteller ba\u015fta olmak \u00fczere T\u00fcrkiye genelindeki baz\u0131 oteller Kastamonu past\u0131rmas\u0131n\u0131 men\u00fclerine dahil ettiler. Bizden de \u00f6zellikle talepte bulundular. Sat\u0131\u015flar\u0131m\u0131z y\u0131lba\u015f\u0131 \u00f6ncesinde g\u00fczel denilebilecek derecede artt\u0131. \u0130n\u015fallah y\u0131lba\u015f\u0131ndan sonrada bu \u015fekilde devam edece\u011fini \u00f6ng\u00f6r\u00fcyoruz. Ona g\u00f6re \u00e7al\u0131\u015fmalar\u0131m\u0131z\u0131 yap\u0131yoruz\u201d diye konu\u015ftu.<\/p>\n<p>\u201cKayserili m\u00fc\u015fterilerimiz artt\u0131\u201d<\/p>\n<p>T\u00fcrkiye\u2019nin d\u00f6rt bir taraf\u0131na past\u0131rma g\u00f6nderdiklerini s\u00f6yleyen Karab\u0131y\u0131ko\u011flu, \u015f\u00f6yle konu\u015ftu: \u201cGenellikle T\u00fcrkiye\u2019de ba\u015fkentimiz Ankara\u2019ya, \u0130stanbul\u2019a, \u0130zmir ile Antalya b\u00f6lgesine sat\u0131\u015flar\u0131m\u0131z artt\u0131. Fuarlara kat\u0131larak past\u0131rmam\u0131z\u0131n tan\u0131t\u0131m\u0131n\u0131 yap\u0131yoruz. Kayserili m\u00fc\u015fterilerimiz bir hayli var ve artt\u0131. Bu past\u0131rmay\u0131 tatt\u0131ktan sonra bir daha Kayseri past\u0131rmas\u0131 yemeyen m\u00fc\u015fterilerimiz var. Kastamonu past\u0131rmas\u0131 bir numarad\u0131r\u201d<\/p>\n<p>\u201cBence kalitesine g\u00f6re fiyat\u0131 uygundur\u201d<\/p>\n<p>Kastamonu past\u0131rmas\u0131n\u0131n \u015fu an 140 liradan sat\u0131ld\u0131\u011f\u0131na dikkati \u00e7eken m\u00fc\u015fterilerden \u0130rfan Salc\u0131 ise, \u201cBiz, Kastamonu past\u0131rmas\u0131n\u0131n do\u011fal ortamlarda yeti\u015fti\u011fine inan\u0131yoruz. Bir\u00e7ok i\u015fletmemizde de b\u00f6yle, bence kalitesine g\u00f6re fiyat\u0131 uygun. Kastamonu\u2019da her evde hemen hemen mutlaka past\u0131rma vard\u0131r. Fiyatlar biraz daha uygun olsa daha iyi olacak ama \u015fu anki ekonomik durumda elverdi\u011fi \u015fekilde bence 140 lira uygundur. Biz, ailecek ayda yakla\u015f\u0131k 1 kilo past\u0131rma t\u00fcketiyoruz, bunu tarhanada kullan\u0131yoruz, bazen de ekmek yapt\u0131r\u0131yoruz\u201d \u015feklinde konu\u015ftu.<\/p>\n","protected":false},"excerpt":{"rendered":"<p>YILBA\u015eI \u00d6NCES\u0130NDE KASTAMONU\u2019DA PASTIRMA SATI\u015eLARI PATLADI<\/p>\n","protected":false},"author":1,"featured_media":250061,"comment_status":"closed","ping_status":"open","sticky":false,"template":"","format":"standard","meta":{"jetpack_post_was_ever_published":false,"_jetpack_newsletter_access":"","_jetpack_dont_email_post_to_subs":false,"_jetpack_newsletter_tier_id":0,"_jetpack_memberships_contains_paywalled_content":false,"_jetpack_memberships_contains_paid_content":false,"footnotes":"","jetpack_publicize_message":"","jetpack_publicize_feature_enabled":true,"jetpack_social_post_already_shared":true,"jetpack_social_options":{"image_generator_settings":{"template":"highway","default_image_id":0,"font":"","enabled":false},"version":2}},"categories":[1],"tags":[54996,410,16146,3967,6301,23],"class_list":["post-250060","post","type-post","status-publish","format-standard","has-post-thumbnail","hentry","category-genel","tag-pastirma","tag-kastamonuda","tag-oncesinde","tag-patladi","tag-satislari","tag-yilbasi"],"jetpack_publicize_connections":[],"jetpack_featured_media_url":"https:\/\/i0.wp.com\/www.tvturk.com\/wp-content\/uploads\/2019\/12\/yilbasi-oncesinde-kastamonuda-pastirma-satislari-patladi_ee35c98.jpg?fit=1000%2C666","jetpack_sharing_enabled":true,"jetpack_shortlink":"https:\/\/wp.me\/paKIfm-133e","_links":{"self":[{"href":"http:\/\/www.tvturk.com\/index.php\/wp-json\/wp\/v2\/posts\/250060","targetHints":{"allow":["GET"]}}],"collection":[{"href":"http:\/\/www.tvturk.com\/index.php\/wp-json\/wp\/v2\/posts"}],"about":[{"href":"http:\/\/www.tvturk.com\/index.php\/wp-json\/wp\/v2\/types\/post"}],"author":[{"embeddable":true,"href":"http:\/\/www.tvturk.com\/index.php\/wp-json\/wp\/v2\/users\/1"}],"replies":[{"embeddable":true,"href":"http:\/\/www.tvturk.com\/index.php\/wp-json\/wp\/v2\/comments?post=250060"}],"version-history":[{"count":0,"href":"http:\/\/www.tvturk.com\/index.php\/wp-json\/wp\/v2\/posts\/250060\/revisions"}],"wp:featuredmedia":[{"embeddable":true,"href":"http:\/\/www.tvturk.com\/index.php\/wp-json\/wp\/v2\/media\/250061"}],"wp:attachment":[{"href":"http:\/\/www.tvturk.com\/index.php\/wp-json\/wp\/v2\/media?parent=250060"}],"wp:term":[{"taxonomy":"category","embeddable":true,"href":"http:\/\/www.tvturk.com\/index.php\/wp-json\/wp\/v2\/categories?post=250060"},{"taxonomy":"post_tag","embeddable":true,"href":"http:\/\/www.tvturk.com\/index.php\/wp-json\/wp\/v2\/tags?post=250060"}],"curies":[{"name":"wp","href":"https:\/\/api.w.org\/{rel}","templated":true}]}}