{"id":250092,"date":"2019-12-31T19:02:46","date_gmt":"2019-12-31T16:02:46","guid":{"rendered":"http:\/\/www.tvturk.com\/index.php\/kayserispor-baskani-gozbasi-her-zamankinden-daha-fazla-destek-istiyorum\/"},"modified":"2019-12-31T19:02:46","modified_gmt":"2019-12-31T16:02:46","slug":"kayserispor-baskani-gozbasi-her-zamankinden-daha-fazla-destek-istiyorum","status":"publish","type":"post","link":"http:\/\/www.tvturk.com\/index.php\/kayserispor-baskani-gozbasi-her-zamankinden-daha-fazla-destek-istiyorum\/","title":{"rendered":"Kayserispor Ba\u015fkan\u0131 G\u00f6zba\u015f\u0131: &#8220;Her zamankinden daha fazla destek istiyorum&#8221;"},"content":{"rendered":"<p>Kayserispor Ba\u015fkan\u0131 Berna G\u00f6zba\u015f\u0131, 2020 y\u0131l\u0131 i\u00e7in g\u00fc\u00e7l\u00fc bir kadro kuracaklar\u0131n\u0131 s\u00f6yleyerek her zamankinden daha fazla destek verilmesini istedi.<\/p>\n<p>\u0130stikbal Mobilya Kayserispor Y\u00f6netim Kurulu Ba\u015fkan\u0131 Berna G\u00f6zba\u015f\u0131, 2020 y\u0131l\u0131n\u0131n \u00fclkemize ve t\u00fcm insanl\u0131\u011fa sa\u011fl\u0131k, bar\u0131\u015f, huzur ve mutluluk getirmesini dileyerek, yeni y\u0131l\u0131n Kayserispor taraftarlar\u0131n\u0131n beklenti ve \u00f6zlemlerini gidermek i\u00e7in de yeni bir ba\u015flang\u0131\u00e7 olmas\u0131n\u0131 temenni etti\u011fini kaydetti.<\/p>\n<p>2019\u2019un Kayserispor ad\u0131na zor bir y\u0131l oldu\u011funu ifade eden G\u00f6zba\u015f\u0131, &#8220;G\u00f6revi devrald\u0131\u011f\u0131m\u0131z 7 Aral\u0131k 2019 tarihinden bug\u00fcne kadar, Y\u00f6netim Kurulunda bulunan arkada\u015flar\u0131m\u0131z ile birlikte tak\u0131m\u0131m\u0131z\u0131 en iyi noktaya ta\u015f\u0131mak i\u00e7in var g\u00fcc\u00fcm\u00fczle \u00e7al\u0131\u015ft\u0131k. Son olarak tak\u0131m\u0131m\u0131zda 2012-2013 sezonunda g\u00f6rev alan tecr\u00fcbeli teknik direkt\u00f6r Robert Prosinecki\u2019yi g\u00f6reve getirdik. Bununla birlikte hem say\u0131sal hem de yeterlilik anlam\u0131nda eksik olan kadromuzu g\u00fc\u00e7lendirmek i\u00e7in transfer g\u00f6r\u00fc\u015fmelerimize de ba\u015flad\u0131k. Ancak Kayserispor\u2019umuza g\u00f6n\u00fcl veren taraftarlar\u0131m\u0131z \u015funu iyi bilsin ki; transfer yapmak i\u00e7in transfer yapmayaca\u011f\u0131z. Bu forman\u0131n ne kadar kutsal oldu\u011funun her zaman bilinci i\u00e7erisindeyiz. Kaliteleri ile tak\u0131m\u0131m\u0131z\u0131 ba\u015far\u0131ya ta\u015f\u0131yabilecek ve bu formay\u0131 onurla ta\u015f\u0131yacak futbolcular\u0131 transfer edece\u011fiz. Kald\u0131 ki \u015fu an itibariyle bo\u015fa harcayaca\u011f\u0131m\u0131z 1 liram\u0131z bile yok. Hali haz\u0131rda da maddi konularda ciddi s\u0131k\u0131nt\u0131lar ya\u015fad\u0131\u011f\u0131m\u0131z\u0131 belirtmek, taraftarlar\u0131m\u0131zdan bu durumu g\u00f6z \u00f6n\u00fcnde bulundurarak tak\u0131ma her zamankinden daha fazla sahip \u00e7\u0131kmalar\u0131n\u0131 \u00f6nemle rica ediyorum&#8221; dedi.<\/p>\n<p>Ba\u015fkan G\u00f6zba\u015f\u0131 a\u00e7\u0131klamas\u0131nda &#8220;Kayserispor\u2019umuz bir kurtulu\u015f m\u00fccadelesi vermektedir. Yeniden daha g\u00fc\u00e7l\u00fc bir \u015fekilde aya\u011fa kalkmaya \u00e7al\u0131\u015fmaktad\u0131r. Bu s\u00fcre\u00e7te maddi ve manevi yan\u0131m\u0131zda olan veya olacak ki\u015filere, kurumlara, firmalara da, camiam\u0131z ad\u0131na \u015fimdiden te\u015fekk\u00fcr ediyorum. Yeni y\u0131lda temel hedefimiz olan \u015feffafl\u0131ktan \u00f6d\u00fcn vermeden yeni gelir kalemleri, yeni sponsorluklar olu\u015fturarak kul\u00fcb\u00fcm\u00fcz i\u00e7in var g\u00fcc\u00fcm\u00fczle \u00e7al\u0131\u015faca\u011f\u0131z. \u015eahs\u0131m ve y\u00f6netim kurulum ad\u0131na, Sar\u0131 K\u0131rm\u0131z\u0131l\u0131 \u015ferefli formay\u0131 terleten t\u00fcm futbolcular\u0131m\u0131za, teknik ekibimize, kul\u00fcb\u00fcm\u00fcz\u00fcn profesyonel \u00e7al\u0131\u015fanlar\u0131na, i\u015f ortaklar\u0131m\u0131z ve sponsorlar\u0131m\u0131za te\u015fekk\u00fcr ediyorum. 2020 y\u0131l\u0131, b\u00fcy\u00fck Kayserispor camias\u0131na, taraftarlar\u0131m\u0131za, \u00fclkemize ve t\u00fcm insanl\u0131\u011fa sa\u011fl\u0131k, bar\u0131\u015f, huzur ve mutluluk getirsin&#8221; c\u00fcmlelerine yer verdi.<\/p>\n","protected":false},"excerpt":{"rendered":"<p>KAYSER\u0130SPOR BA\u015eKANI BERNA G\u00d6ZBA\u015eI, 2020 YILI \u0130\u00c7\u0130N G\u00dc\u00c7L\u00dc B\u0130R KADRO KURACAKLARINI S\u00d6YLEYEREK HER ZAMANK\u0130NDEN DAHA FAZLA DESTEK VER\u0130LMES\u0130N\u0130 \u0130STED\u0130<\/p>\n","protected":false},"author":1,"featured_media":250093,"comment_status":"closed","ping_status":"open","sticky":false,"template":"","format":"standard","meta":{"jetpack_post_was_ever_published":false,"_jetpack_newsletter_access":"","_jetpack_dont_email_post_to_subs":false,"_jetpack_newsletter_tier_id":0,"_jetpack_memberships_contains_paywalled_content":false,"_jetpack_memberships_contains_paid_content":false,"footnotes":"","jetpack_publicize_message":"","jetpack_publicize_feature_enabled":true,"jetpack_social_post_already_shared":true,"jetpack_social_options":{"image_generator_settings":{"template":"highway","default_image_id":0,"font":"","enabled":false},"version":2}},"categories":[657],"tags":[216,1018,61,2142,58364,73,12605,2627,22573],"class_list":["post-250092","post","type-post","status-publish","format-standard","has-post-thumbnail","hentry","category-spor","tag-baskani","tag-daha","tag-destek","tag-fazla","tag-gozbasi","tag-her","tag-istiyorum","tag-kayserispor","tag-zamankinden"],"jetpack_publicize_connections":[],"jetpack_featured_media_url":"https:\/\/i0.wp.com\/www.tvturk.com\/wp-content\/uploads\/2019\/12\/kayserispor-baskani-gozbasi-her-zamankinden-daha-fazla-destek-istiyorum_d240521.jpg?fit=960%2C639","jetpack_sharing_enabled":true,"jetpack_shortlink":"https:\/\/wp.me\/paKIfm-133K","_links":{"self":[{"href":"http:\/\/www.tvturk.com\/index.php\/wp-json\/wp\/v2\/posts\/250092","targetHints":{"allow":["GET"]}}],"collection":[{"href":"http:\/\/www.tvturk.com\/index.php\/wp-json\/wp\/v2\/posts"}],"about":[{"href":"http:\/\/www.tvturk.com\/index.php\/wp-json\/wp\/v2\/types\/post"}],"author":[{"embeddable":true,"href":"http:\/\/www.tvturk.com\/index.php\/wp-json\/wp\/v2\/users\/1"}],"replies":[{"embeddable":true,"href":"http:\/\/www.tvturk.com\/index.php\/wp-json\/wp\/v2\/comments?post=250092"}],"version-history":[{"count":0,"href":"http:\/\/www.tvturk.com\/index.php\/wp-json\/wp\/v2\/posts\/250092\/revisions"}],"wp:featuredmedia":[{"embeddable":true,"href":"http:\/\/www.tvturk.com\/index.php\/wp-json\/wp\/v2\/media\/250093"}],"wp:attachment":[{"href":"http:\/\/www.tvturk.com\/index.php\/wp-json\/wp\/v2\/media?parent=250092"}],"wp:term":[{"taxonomy":"category","embeddable":true,"href":"http:\/\/www.tvturk.com\/index.php\/wp-json\/wp\/v2\/categories?post=250092"},{"taxonomy":"post_tag","embeddable":true,"href":"http:\/\/www.tvturk.com\/index.php\/wp-json\/wp\/v2\/tags?post=250092"}],"curies":[{"name":"wp","href":"https:\/\/api.w.org\/{rel}","templated":true}]}}