{"id":250153,"date":"2020-01-01T00:16:54","date_gmt":"2019-12-31T21:16:54","guid":{"rendered":"http:\/\/www.tvturk.com\/index.php\/usak-itfaiyesi-yilbasina-gorev-basinda-girdi\/"},"modified":"2020-01-01T00:16:54","modified_gmt":"2019-12-31T21:16:54","slug":"usak-itfaiyesi-yilbasina-gorev-basinda-girdi","status":"publish","type":"post","link":"http:\/\/www.tvturk.com\/index.php\/usak-itfaiyesi-yilbasina-gorev-basinda-girdi\/","title":{"rendered":"U\u015fak itfaiyesi y\u0131lba\u015f\u0131na g\u00f6rev ba\u015f\u0131nda girdi"},"content":{"rendered":"<p>U\u015fak\u2019ta itfaiye ekipleri 2020 y\u0131l\u0131na g\u00f6rev ba\u015f\u0131nda girdi. \u0130tfaiye erleri t\u00fcm gece ya\u015fanabilecek olas\u0131 kaza ve yang\u0131n ihbarlar\u0131na kar\u015f\u0131 haz\u0131r konumda bekliyor.<\/p>\n<p>U\u015fak Belediyesi \u0130tfaiye M\u00fcd\u00fcrl\u00fc\u011f\u00fc\u2019ne ba\u011fl\u0131 ekipler \u00fclke genelinde her y\u0131l oldu\u011fu gibi bu y\u0131l da y\u0131lba\u015f\u0131na g\u00f6rev ba\u015f\u0131nda girdi. \u0130tfaiye erleri telsizlerinin ba\u015f\u0131nda bekleyerek her an ya\u015fanabilecek olumsuzluklara kar\u015f\u0131 haz\u0131r konumda bekledi. Kentte g\u00fcven ve huzuru sa\u011flamak ad\u0131na g\u00f6revlerini aksatmayan erler kaza ve yang\u0131n ihbarlar\u0131na kar\u015f\u0131 teyakkuz halinde n\u00f6betlerini tutuyor.<\/p>\n<p>\u0130tfaiye M\u00fcd\u00fcr\u00fc Kudret Ayd\u0131n, \u201cBizler itfaiyeciler olarak 2019 y\u0131l\u0131nda nas\u0131l 7-24 gece g\u00fcnd\u00fcz demeden 3 vardiya usul\u00fc \u00e7al\u0131\u015ft\u0131ysak 2020\u2019de de yine vatanda\u015f\u0131m\u0131za yang\u0131n,, kaza, kurtarma olaylar\u0131nda hizmet verece\u011fiz. \u015eu anda 2020\u2019yi devirmek \u00fczereyiz. Bizler burada vatanda\u015f\u0131m\u0131z\u0131n can ve mal g\u00fcvenli\u011fi i\u00e7in n\u00f6betteyiz. Haz\u0131rl\u0131klar\u0131m\u0131z tamam, tedbirlerimiz haf safhada. Vatanda\u015flar\u0131m\u0131z\u0131n g\u00fcven i\u00e7inde e\u011flenebilirler\u201d diye konu\u015ftu.<\/p>\n","protected":false},"excerpt":{"rendered":"<p>U\u015eAK\u2019TA \u0130TFA\u0130YE EK\u0130PLER\u0130 2020 YILINA G\u00d6REV BA\u015eINDA G\u0130RD\u0130. \u0130TFA\u0130YE ERLER\u0130 T\u00dcM GECE YA\u015eANAB\u0130LECEK OLASI KAZA VE YANGIN \u0130HBARLARINA KAR\u015eI HAZIR KONUMDA BEKL\u0130YOR.<\/p>\n","protected":false},"author":1,"featured_media":250154,"comment_status":"closed","ping_status":"open","sticky":false,"template":"","format":"standard","meta":{"jetpack_post_was_ever_published":false,"_jetpack_newsletter_access":"","_jetpack_dont_email_post_to_subs":false,"_jetpack_newsletter_tier_id":0,"_jetpack_memberships_contains_paywalled_content":false,"_jetpack_memberships_contains_paid_content":false,"footnotes":"","jetpack_publicize_message":"","jetpack_publicize_feature_enabled":true,"jetpack_social_post_already_shared":true,"jetpack_social_options":{"image_generator_settings":{"template":"highway","default_image_id":0,"font":"","enabled":false},"version":2}},"categories":[1],"tags":[240,3896,333,6561,911,54313],"class_list":["post-250153","post","type-post","status-publish","format-standard","has-post-thumbnail","hentry","category-genel","tag-basinda","tag-girdi","tag-gorev","tag-itfaiyesi","tag-usak","tag-yilbasina"],"jetpack_publicize_connections":[],"jetpack_featured_media_url":"https:\/\/i0.wp.com\/www.tvturk.com\/wp-content\/uploads\/2020\/01\/usak-itfaiyesi-yilbasina-gorev-basinda-girdi_f1b1f65.jpg?fit=1000%2C666","jetpack_sharing_enabled":true,"jetpack_shortlink":"https:\/\/wp.me\/paKIfm-134J","_links":{"self":[{"href":"http:\/\/www.tvturk.com\/index.php\/wp-json\/wp\/v2\/posts\/250153","targetHints":{"allow":["GET"]}}],"collection":[{"href":"http:\/\/www.tvturk.com\/index.php\/wp-json\/wp\/v2\/posts"}],"about":[{"href":"http:\/\/www.tvturk.com\/index.php\/wp-json\/wp\/v2\/types\/post"}],"author":[{"embeddable":true,"href":"http:\/\/www.tvturk.com\/index.php\/wp-json\/wp\/v2\/users\/1"}],"replies":[{"embeddable":true,"href":"http:\/\/www.tvturk.com\/index.php\/wp-json\/wp\/v2\/comments?post=250153"}],"version-history":[{"count":0,"href":"http:\/\/www.tvturk.com\/index.php\/wp-json\/wp\/v2\/posts\/250153\/revisions"}],"wp:featuredmedia":[{"embeddable":true,"href":"http:\/\/www.tvturk.com\/index.php\/wp-json\/wp\/v2\/media\/250154"}],"wp:attachment":[{"href":"http:\/\/www.tvturk.com\/index.php\/wp-json\/wp\/v2\/media?parent=250153"}],"wp:term":[{"taxonomy":"category","embeddable":true,"href":"http:\/\/www.tvturk.com\/index.php\/wp-json\/wp\/v2\/categories?post=250153"},{"taxonomy":"post_tag","embeddable":true,"href":"http:\/\/www.tvturk.com\/index.php\/wp-json\/wp\/v2\/tags?post=250153"}],"curies":[{"name":"wp","href":"https:\/\/api.w.org\/{rel}","templated":true}]}}