{"id":250197,"date":"2020-01-01T02:16:24","date_gmt":"2019-12-31T23:16:24","guid":{"rendered":"http:\/\/www.tvturk.com\/index.php\/ankara-valisi-sahinden-yilbasi-ziyareti\/"},"modified":"2020-01-01T02:16:24","modified_gmt":"2019-12-31T23:16:24","slug":"ankara-valisi-sahinden-yilbasi-ziyareti","status":"publish","type":"post","link":"http:\/\/www.tvturk.com\/index.php\/ankara-valisi-sahinden-yilbasi-ziyareti\/","title":{"rendered":"Ankara Valisi \u015eahin\u2019den y\u0131lba\u015f\u0131 ziyareti"},"content":{"rendered":"<p>Ankara Valisi Vasip \u015eahin, y\u0131lba\u015f\u0131 tedbirleri kapsam\u0131nda; emniyet, jandarma ve 112 Acil \u00c7a\u011fr\u0131 Merkezi personeline ziyarette bulundu.<\/p>\n<p>Ankara Valisi Vasip \u015eahin, y\u0131lba\u015f\u0131 tedbirleri kapsam\u0131nda; &#8220;Ak\u0131nc\u0131lar Yol Kontrol Noktas\u0131, Eryaman \u015eehit Osman Avc\u0131 Polis Merkez Amirli\u011fi ve Ankara 112 Acil \u00c7a\u011fr\u0131 Merkezi&#8221; personelini ziyaret etti. \u0130lk olarak Ak\u0131nc\u0131lar Yol Kontrol Noktas\u0131nda bulunan Jandarma ve trafik ekiplerine ziyarette bulunan Vali \u015eahin, ard\u0131ndan Eryaman \u015eehit Osman Avc\u0131 Polis Merkezi Amirli\u011fi personeliyle bir araya geldi. \u015eehit Osman Avc\u0131 Polis Merkez Amirli\u011finden \u00e7\u0131k\u0131\u015f\u0131 s\u0131ras\u0131nda bas\u0131n mensuplar\u0131n\u0131n sorular\u0131n\u0131 yan\u0131tlayan Vali \u015eahin, geceyi olays\u0131z tamamlamaya y\u00f6nelik tedbir ald\u0131klar\u0131n\u0131 ifade etti.<\/p>\n<p>Ankara genelinde 18 bin emniyet ve 5 bin 500 jandarma personelinin g\u00f6rev yapt\u0131\u011f\u0131n\u0131 aktaran Vali \u015eahin, &#8220;Ankaral\u0131lar\u0131n huzur ve g\u00fcvenlik i\u00e7erisinde yeni y\u0131l\u0131 idrak etmeleri i\u00e7in her t\u00fcrl\u00fc tedbiri ald\u0131k. \u0130n\u015fallah Ankaral\u0131lar en iyi \u015fekilde yeni y\u0131la girmi\u015f olacak&#8221; diye konu\u015ftu.<\/p>\n<p>\u00d6te yandan, Ankara \u0130l Emniyet M\u00fcd\u00fcrl\u00fc\u011f\u00fc\u2019ne ba\u011fl\u0131 Ter\u00f6rle M\u00fccadele \u015eube M\u00fcd\u00fcrl\u00fc\u011f\u00fc ekipleri taraf\u0131ndan DEA\u015e ter\u00f6r \u00f6rg\u00fct\u00fc ve \u00e7at\u0131\u015fma b\u00f6lgelerinde infaz g\u00f6r\u00fcnt\u00fclerini payla\u015fan, yayan ve y\u0131l ba\u015f\u0131nda eylem aray\u0131\u015f\u0131nda oldu\u011fu belirlenen ter\u00f6ristlere y\u00f6nelik d\u00fczenlenen operasyonda yakalanan 5 \u015f\u00fcpheli hakk\u0131ndaki geli\u015fmelerin sorulmas\u0131 \u00fczerine cevap veren \u015eahin, &#8220;Onunla ilgili arkada\u015flar\u0131m\u0131z bir tak\u0131m takipler neticesinde zaman zaman operasyonlar yap\u0131yorlar. Hen\u00fcz arkada\u015flar\u0131m\u0131z\u0131n incelemeleri ve tahkikatlar\u0131 devam ediyor. \u015eu anda bir \u015fey s\u00f6ylemeyelim. Yak\u0131n zamanda yap\u0131lan \u00e7al\u0131\u015fman\u0131n detaylar\u0131 payla\u015f\u0131l\u0131r&#8221; ifadelerini kulland\u0131.<\/p>\n<p>Vali \u015eahin, Polis Merkez Amirli\u011finden ayr\u0131ld\u0131ktan sonra Ankara 112 Acil \u00c7a\u011fr\u0131 Merkezine ge\u00e7ti. Merkezde g\u00f6rev yapan personelin yeni y\u0131l\u0131n\u0131 tebrik eden ve gelen \u00e7a\u011fr\u0131lar hakk\u0131nda bilgi alan Vali \u015eahin, G\u00fcvenlik ve Acil Durum Koordinasyon Merkezine ge\u00e7erek Ankara\u2019n\u0131n farkl\u0131 noktalar\u0131ndaki geli\u015fmeleri takip etti.<\/p>\n<p>Vali \u015eahin\u2019e programlar\u0131nda, Vali Yard\u0131mc\u0131s\u0131 Kemal Karada\u011f, Ankara \u0130l Emniyet M\u00fcd\u00fcr\u00fc Servet Y\u0131lmaz ve Ankara \u0130l Jandarma Komutan\u0131 Tu\u011fgeneral \u00dcnsal Bulut e\u015flik etti.<\/p>\n","protected":false},"excerpt":{"rendered":"<p>ANKARA VAL\u0130S\u0130 VAS\u0130P \u015eAH\u0130N, YILBA\u015eI TEDB\u0130RLER\u0130 KAPSAMINDA; EMN\u0130YET VE JANDARMA EK\u0130PLER\u0130NE Z\u0130YARETTE BULUNDU.<\/p>\n","protected":false},"author":1,"featured_media":250198,"comment_status":"closed","ping_status":"open","sticky":false,"template":"","format":"standard","meta":{"jetpack_post_was_ever_published":false,"_jetpack_newsletter_access":"","_jetpack_dont_email_post_to_subs":false,"_jetpack_newsletter_tier_id":0,"_jetpack_memberships_contains_paywalled_content":false,"_jetpack_memberships_contains_paid_content":false,"footnotes":"","jetpack_publicize_message":"","jetpack_publicize_feature_enabled":true,"jetpack_social_post_already_shared":true,"jetpack_social_options":{"image_generator_settings":{"template":"highway","default_image_id":0,"font":"","enabled":false},"version":2}},"categories":[1],"tags":[1475,195,639,23,1730],"class_list":["post-250197","post","type-post","status-publish","format-standard","has-post-thumbnail","hentry","category-genel","tag-ankara","tag-sahinden","tag-valisi","tag-yilbasi","tag-ziyareti"],"jetpack_publicize_connections":[],"jetpack_featured_media_url":"https:\/\/i0.wp.com\/www.tvturk.com\/wp-content\/uploads\/2020\/01\/ankara-valisi-sahinden-yilbasi-ziyareti_4fdc76f.jpg?fit=1000%2C667","jetpack_sharing_enabled":true,"jetpack_shortlink":"https:\/\/wp.me\/paKIfm-135r","_links":{"self":[{"href":"http:\/\/www.tvturk.com\/index.php\/wp-json\/wp\/v2\/posts\/250197","targetHints":{"allow":["GET"]}}],"collection":[{"href":"http:\/\/www.tvturk.com\/index.php\/wp-json\/wp\/v2\/posts"}],"about":[{"href":"http:\/\/www.tvturk.com\/index.php\/wp-json\/wp\/v2\/types\/post"}],"author":[{"embeddable":true,"href":"http:\/\/www.tvturk.com\/index.php\/wp-json\/wp\/v2\/users\/1"}],"replies":[{"embeddable":true,"href":"http:\/\/www.tvturk.com\/index.php\/wp-json\/wp\/v2\/comments?post=250197"}],"version-history":[{"count":0,"href":"http:\/\/www.tvturk.com\/index.php\/wp-json\/wp\/v2\/posts\/250197\/revisions"}],"wp:featuredmedia":[{"embeddable":true,"href":"http:\/\/www.tvturk.com\/index.php\/wp-json\/wp\/v2\/media\/250198"}],"wp:attachment":[{"href":"http:\/\/www.tvturk.com\/index.php\/wp-json\/wp\/v2\/media?parent=250197"}],"wp:term":[{"taxonomy":"category","embeddable":true,"href":"http:\/\/www.tvturk.com\/index.php\/wp-json\/wp\/v2\/categories?post=250197"},{"taxonomy":"post_tag","embeddable":true,"href":"http:\/\/www.tvturk.com\/index.php\/wp-json\/wp\/v2\/tags?post=250197"}],"curies":[{"name":"wp","href":"https:\/\/api.w.org\/{rel}","templated":true}]}}