{"id":250221,"date":"2020-01-01T09:16:15","date_gmt":"2020-01-01T06:16:15","guid":{"rendered":"http:\/\/www.tvturk.com\/index.php\/geri-sayim-bu-sefer-zam-icin-yapildi\/"},"modified":"2020-01-01T09:16:15","modified_gmt":"2020-01-01T06:16:15","slug":"geri-sayim-bu-sefer-zam-icin-yapildi","status":"publish","type":"post","link":"http:\/\/www.tvturk.com\/index.php\/geri-sayim-bu-sefer-zam-icin-yapildi\/","title":{"rendered":"Geri say\u0131m bu sefer zam i\u00e7in yap\u0131ld\u0131"},"content":{"rendered":"<p>Eski\u015fehir\u2019de yeni y\u0131l kutlamalar\u0131 co\u015fkulu bir kalabal\u0131kla ger\u00e7ekle\u015ftirilirken 1 Ocak\u2019ta y\u00fcr\u00fcrl\u00fc\u011fe girecek olan su zamm\u0131 nedeniyle bir\u00e7ok vatanda\u015f su y\u00fckleme noktalar\u0131nda kuyruk olu\u015fturdu.<\/p>\n<p>T\u00fcrkiye\u2019nin d\u00f6rt bir yan\u0131nda oldu\u011fu gibi Eski\u015fehir de yeni y\u0131la co\u015fkulu bir kalabal\u0131kla girdi. Vatanda\u015flar \u0130smet \u0130n\u00f6n\u00fc caddesinde bulunan bir al\u0131\u015fveri\u015f merkezinde yeni y\u0131l heyecan\u0131n\u0131 ya\u015farken, ortaya renkli g\u00f6r\u00fcnt\u00fcler \u00e7\u0131kt\u0131. Bir\u00e7ok vatanda\u015f e\u011flenerek geri say\u0131m\u0131 ya\u015farken, geceye ise su y\u00fckleme noktalar\u0131nda olu\u015fan kuyruk damga vurdu. Eski\u015fehir B\u00fcy\u00fck\u015fehir Belediyesi taraf\u0131ndan suya yap\u0131lan y\u00fczde 60\u2019l\u0131k zamm\u0131n\u0131n 1 Ocak tarihinde y\u00fcr\u00fcrl\u00fc\u011fe girmesi nedeniyle bir\u00e7ok vatanda\u015f zams\u0131z su fiyat\u0131ndan yararlanmak i\u00e7in zamanla yar\u0131\u015ft\u0131. Su y\u00fckleme noktas\u0131nda uzun kuyruklar olu\u015furken, bir vatanda\u015f ise geri say\u0131m s\u0131ras\u0131nda ko\u015farak su y\u00fckleme noktas\u0131na yeti\u015fmeye \u00e7al\u0131\u015ft\u0131. Vatanda\u015flar yap\u0131lan zam dolay\u0131s\u0131yla Eski\u015fehir B\u00fcy\u00fck\u015fehir Belediyesi\u2019ne yo\u011fun tepki g\u00f6sterirken, zamm\u0131n geri al\u0131nmas\u0131 i\u00e7in konu yarg\u0131ya da ta\u015f\u0131nd\u0131.<\/p>\n","protected":false},"excerpt":{"rendered":"<p>ESK\u0130\u015eEH\u0130R\u2019DE YEN\u0130 YIL KUTLAMALARI CO\u015eKULU B\u0130R KALABALIKLA GER\u00c7EKLE\u015eT\u0130R\u0130L\u0130RKEN 1 OCAK\u2019TA Y\u00dcR\u00dcRL\u00dc\u011eE G\u0130RECEK OLAN SU ZAMMI NEDEN\u0130YLE B\u0130R\u00c7OK VATANDA\u015e SU Y\u00dcKLEME NOKTALARINDA KUYRUK OLU\u015eTURDU.<\/p>\n","protected":false},"author":1,"featured_media":250222,"comment_status":"closed","ping_status":"open","sticky":false,"template":"","format":"standard","meta":{"jetpack_post_was_ever_published":false,"_jetpack_newsletter_access":"","_jetpack_dont_email_post_to_subs":false,"_jetpack_newsletter_tier_id":0,"_jetpack_memberships_contains_paywalled_content":false,"_jetpack_memberships_contains_paid_content":false,"footnotes":"","jetpack_publicize_message":"","jetpack_publicize_feature_enabled":true,"jetpack_social_post_already_shared":true,"jetpack_social_options":{"image_generator_settings":{"template":"highway","default_image_id":0,"font":"","enabled":false},"version":2}},"categories":[1],"tags":[592,44,5604,6343,117,4652],"class_list":["post-250221","post","type-post","status-publish","format-standard","has-post-thumbnail","hentry","category-genel","tag-geri","tag-icin","tag-sayim","tag-sefer","tag-yapildi","tag-zam"],"jetpack_publicize_connections":[],"jetpack_featured_media_url":"https:\/\/i0.wp.com\/www.tvturk.com\/wp-content\/uploads\/2020\/01\/geri-sayim-bu-sefer-zam-icin-yapildi_bce66e4.jpg?fit=1000%2C750","jetpack_sharing_enabled":true,"jetpack_shortlink":"https:\/\/wp.me\/paKIfm-135P","_links":{"self":[{"href":"http:\/\/www.tvturk.com\/index.php\/wp-json\/wp\/v2\/posts\/250221","targetHints":{"allow":["GET"]}}],"collection":[{"href":"http:\/\/www.tvturk.com\/index.php\/wp-json\/wp\/v2\/posts"}],"about":[{"href":"http:\/\/www.tvturk.com\/index.php\/wp-json\/wp\/v2\/types\/post"}],"author":[{"embeddable":true,"href":"http:\/\/www.tvturk.com\/index.php\/wp-json\/wp\/v2\/users\/1"}],"replies":[{"embeddable":true,"href":"http:\/\/www.tvturk.com\/index.php\/wp-json\/wp\/v2\/comments?post=250221"}],"version-history":[{"count":0,"href":"http:\/\/www.tvturk.com\/index.php\/wp-json\/wp\/v2\/posts\/250221\/revisions"}],"wp:featuredmedia":[{"embeddable":true,"href":"http:\/\/www.tvturk.com\/index.php\/wp-json\/wp\/v2\/media\/250222"}],"wp:attachment":[{"href":"http:\/\/www.tvturk.com\/index.php\/wp-json\/wp\/v2\/media?parent=250221"}],"wp:term":[{"taxonomy":"category","embeddable":true,"href":"http:\/\/www.tvturk.com\/index.php\/wp-json\/wp\/v2\/categories?post=250221"},{"taxonomy":"post_tag","embeddable":true,"href":"http:\/\/www.tvturk.com\/index.php\/wp-json\/wp\/v2\/tags?post=250221"}],"curies":[{"name":"wp","href":"https:\/\/api.w.org\/{rel}","templated":true}]}}