{"id":250283,"date":"2020-01-01T11:46:27","date_gmt":"2020-01-01T08:46:27","guid":{"rendered":"http:\/\/www.tvturk.com\/index.php\/baskan-balci-altindagda-4-kisinin-yanarak-hayatini-kaybettigi-evi-ziyaret-etti\/"},"modified":"2020-01-01T11:46:27","modified_gmt":"2020-01-01T08:46:27","slug":"baskan-balci-altindagda-4-kisinin-yanarak-hayatini-kaybettigi-evi-ziyaret-etti","status":"publish","type":"post","link":"http:\/\/www.tvturk.com\/index.php\/baskan-balci-altindagda-4-kisinin-yanarak-hayatini-kaybettigi-evi-ziyaret-etti\/","title":{"rendered":"Ba\u015fkan Balc\u0131 Alt\u0131nda\u011f\u2019da 4 ki\u015finin yanarak hayat\u0131n\u0131 kaybetti\u011fi evi ziyaret etti"},"content":{"rendered":"<p>Alt\u0131nda\u011f Belediye Ba\u015fkan\u0131 As\u0131m Balc\u0131, sabah saatlerinde 3 katl\u0131 bir binan\u0131n alt kat\u0131nda \u00e7\u0131kan yang\u0131n sebebiyle 4 ki\u015finin hayat\u0131n\u0131 kaybetti\u011fi evde incelemeler yaparak, taziyede bulundu.<\/p>\n<p>Ankara\u2019n\u0131n Alt\u0131nda\u011f il\u00e7esinde sabah saatlerinde 3 katl\u0131 bir binan\u0131n alt kat\u0131nda \u00e7\u0131kan yang\u0131n sonucunda Seyfi G\u00fcng\u00f6r, Semih Akta\u015f, Naci Cankurtaran ve Rahmi Yozgat hayat\u0131n\u0131 kaybederken 8 ki\u015fi yaralanm\u0131\u015ft\u0131. Olay yerinde incelemede bulunmak i\u00e7in yang\u0131n\u0131n \u00e7\u0131kt\u0131\u011f\u0131 binaya gelen Alt\u0131nda\u011f Belediye Ba\u015fkan\u0131 As\u0131m Balc\u0131, &#8220;Elektrik sobas\u0131ndan \u00e7\u0131kt\u0131\u011f\u0131 tahmin ediliyor ama \u015fu anda incelemeler devam ediyor. Net bir \u015fey s\u00f6ylemek \u015fu an itibariyle do\u011fru de\u011fil. \u00dczg\u00fcn\u00fcz. Valili\u011fin a\u00e7\u0131klad\u0131\u011f\u0131 rakam 4 ki\u015fi \u015feklinde, tam kesin son rakam\u0131 bende bilmiyorum. Vefat edenlere Allah\u2019tan rahmet diliyorum&#8221; ifadelerini kulland\u0131.<\/p>\n<p>\u00d6te yandan, konuya ili\u015fkin Ankara Valili\u011finden yap\u0131lan a\u00e7\u0131klamada, &#8220;\u0130limiz Alt\u0131nda\u011f il\u00e7esi Karap\u00fcr\u00e7ek Mahallesinde 1 Ocak 2020 \u00c7ar\u015famba g\u00fcn\u00fc saat 5.45 sular\u0131nda 4 katl\u0131 bir binan\u0131n giri\u015f kat\u0131nda \u00e7\u0131kan yang\u0131nda 4 ki\u015fi hayat\u0131n\u0131 kaybetmi\u015f, 8 ki\u015fi de yaralanm\u0131\u015ft\u0131r. Yaral\u0131lar hastanelerde tedavi alt\u0131na al\u0131n\u0131rken, olayla ilgili ba\u015flat\u0131lan soru\u015fturma devam etmektedir&#8221; denildi.<\/p>\n","protected":false},"excerpt":{"rendered":"<p>ALTINDA\u011e BELED\u0130YE BA\u015eKANI ASIM BALCI, SABAH SAATLER\u0130NDE 3 KATLI B\u0130R B\u0130NANIN ALT KATINDA \u00c7IKAN YANGIN SEBEB\u0130YLE 4 K\u0130\u015e\u0130N\u0130N HAYATINI KAYBETT\u0130\u011e\u0130 EVDE \u0130NCELEMELER YAPARAK, TAZ\u0130YEDE BULUNDU.<\/p>\n","protected":false},"author":1,"featured_media":250284,"comment_status":"closed","ping_status":"open","sticky":false,"template":"","format":"standard","meta":{"jetpack_post_was_ever_published":false,"_jetpack_newsletter_access":"","_jetpack_dont_email_post_to_subs":false,"_jetpack_newsletter_tier_id":0,"_jetpack_memberships_contains_paywalled_content":false,"_jetpack_memberships_contains_paid_content":false,"footnotes":"","jetpack_publicize_message":"","jetpack_publicize_feature_enabled":true,"jetpack_social_post_already_shared":true,"jetpack_social_options":{"image_generator_settings":{"template":"highway","default_image_id":0,"font":"","enabled":false},"version":2}},"categories":[1],"tags":[41421,2038,100,207,2019,848,6894,6893,18292,150],"class_list":["post-250283","post","type-post","status-publish","format-standard","has-post-thumbnail","hentry","category-genel","tag-altindagda","tag-balci","tag-baskan","tag-etti","tag-evi","tag-hayatini","tag-kaybettigi","tag-kisinin","tag-yanarak","tag-ziyaret"],"jetpack_publicize_connections":[],"jetpack_featured_media_url":"https:\/\/i0.wp.com\/www.tvturk.com\/wp-content\/uploads\/2020\/01\/baskan-balci-altindagda-4-kisinin-yanarak-hayatini-kaybettigi-evi-ziyaret-etti_939d674.jpg?fit=814%2C1000","jetpack_sharing_enabled":true,"jetpack_shortlink":"https:\/\/wp.me\/paKIfm-136P","_links":{"self":[{"href":"http:\/\/www.tvturk.com\/index.php\/wp-json\/wp\/v2\/posts\/250283","targetHints":{"allow":["GET"]}}],"collection":[{"href":"http:\/\/www.tvturk.com\/index.php\/wp-json\/wp\/v2\/posts"}],"about":[{"href":"http:\/\/www.tvturk.com\/index.php\/wp-json\/wp\/v2\/types\/post"}],"author":[{"embeddable":true,"href":"http:\/\/www.tvturk.com\/index.php\/wp-json\/wp\/v2\/users\/1"}],"replies":[{"embeddable":true,"href":"http:\/\/www.tvturk.com\/index.php\/wp-json\/wp\/v2\/comments?post=250283"}],"version-history":[{"count":0,"href":"http:\/\/www.tvturk.com\/index.php\/wp-json\/wp\/v2\/posts\/250283\/revisions"}],"wp:featuredmedia":[{"embeddable":true,"href":"http:\/\/www.tvturk.com\/index.php\/wp-json\/wp\/v2\/media\/250284"}],"wp:attachment":[{"href":"http:\/\/www.tvturk.com\/index.php\/wp-json\/wp\/v2\/media?parent=250283"}],"wp:term":[{"taxonomy":"category","embeddable":true,"href":"http:\/\/www.tvturk.com\/index.php\/wp-json\/wp\/v2\/categories?post=250283"},{"taxonomy":"post_tag","embeddable":true,"href":"http:\/\/www.tvturk.com\/index.php\/wp-json\/wp\/v2\/tags?post=250283"}],"curies":[{"name":"wp","href":"https:\/\/api.w.org\/{rel}","templated":true}]}}