{"id":250341,"date":"2020-01-01T14:02:13","date_gmt":"2020-01-01T11:02:13","guid":{"rendered":"http:\/\/www.tvturk.com\/index.php\/kibris-gazisi-devlet-toreniyle-son-yolculuguna-ugurlandi\/"},"modified":"2020-01-01T14:02:13","modified_gmt":"2020-01-01T11:02:13","slug":"kibris-gazisi-devlet-toreniyle-son-yolculuguna-ugurlandi","status":"publish","type":"post","link":"http:\/\/www.tvturk.com\/index.php\/kibris-gazisi-devlet-toreniyle-son-yolculuguna-ugurlandi\/","title":{"rendered":"K\u0131br\u0131s Gazisi devlet t\u00f6reniyle son yolculu\u011funa u\u011furland\u0131"},"content":{"rendered":"<p>K\u0131br\u0131s Gazisi Adil G\u00fclery\u00fcz, Kilis\u2019te devlet t\u00f6reniyle son yolculu\u011funa u\u011furland\u0131.<\/p>\n<p>K\u0131br\u0131s Bar\u0131\u015f Harekat\u0131\u2019na kat\u0131lan Gazi Adil G\u00fclery\u00fcz (66) tedavi g\u00f6rd\u00fc\u011f\u00fc hastanede ya\u015fam\u0131n\u0131 yitirdi. G\u00fclery\u00fcz i\u00e7in \u00c7ekmeceli Camii\u2019nde cenaze t\u00f6reni d\u00fczenlendi. Cenazeye Kilis Valisi Recep Soyt\u00fcrk, Gaziantep Garnizon ve 5. Z\u0131rhl\u0131 Tugay Komutan\u0131 Tu\u011fgeneral Hac\u0131 Halil Osma, \u0130l Garnizon ve 1.Hudut Alay Komutan\u0131 Piyade K\u0131demli Albay Mehmet Cihano\u011flu ile Gaziantep ve Kilis garnizon komutanl\u0131klar\u0131nda g\u00f6revli r\u00fctbeli askerler ile vatanda\u015flar kat\u0131ld\u0131. K\u0131br\u0131s Gazisi Adil G\u00fclery\u00fcz\u2019\u00fcn T\u00fcrk bayra\u011f\u0131na sar\u0131l\u0131 cenazesi, k\u0131l\u0131nan cenaze namaz\u0131n\u0131n ard\u0131ndan askerlerin omzunda cenaze arac\u0131na ta\u015f\u0131nd\u0131. G\u00fclery\u00fcz, Kilis Asri Mezarl\u0131k\u2019ta defnedildi.<\/p>\n","protected":false},"excerpt":{"rendered":"<p>KIBRIS GAZ\u0130S\u0130 AD\u0130L G\u00dcLERY\u00dcZ, K\u0130L\u0130S\u2019TE DEVLET T\u00d6REN\u0130YLE SON YOLCULU\u011eUNA U\u011eURLANDI.<\/p>\n","protected":false},"author":1,"featured_media":250342,"comment_status":"closed","ping_status":"open","sticky":false,"template":"","format":"standard","meta":{"jetpack_post_was_ever_published":false,"_jetpack_newsletter_access":"","_jetpack_dont_email_post_to_subs":false,"_jetpack_newsletter_tier_id":0,"_jetpack_memberships_contains_paywalled_content":false,"_jetpack_memberships_contains_paid_content":false,"footnotes":"","jetpack_publicize_message":"","jetpack_publicize_feature_enabled":true,"jetpack_social_post_already_shared":true,"jetpack_social_options":{"image_generator_settings":{"template":"highway","default_image_id":0,"font":"","enabled":false},"version":2}},"categories":[1],"tags":[1564,7567,7566,1240,26971,2516,2515],"class_list":["post-250341","post","type-post","status-publish","format-standard","has-post-thumbnail","hentry","category-genel","tag-devlet","tag-gazisi","tag-kibris","tag-son","tag-toreniyle","tag-ugurlandi","tag-yolculuguna"],"jetpack_publicize_connections":[],"jetpack_featured_media_url":"https:\/\/i0.wp.com\/www.tvturk.com\/wp-content\/uploads\/2020\/01\/kibris-gazisi-devlet-toreniyle-son-yolculuguna-ugurlandi_aaed513.jpg?fit=1000%2C747","jetpack_sharing_enabled":true,"jetpack_shortlink":"https:\/\/wp.me\/paKIfm-137L","_links":{"self":[{"href":"http:\/\/www.tvturk.com\/index.php\/wp-json\/wp\/v2\/posts\/250341","targetHints":{"allow":["GET"]}}],"collection":[{"href":"http:\/\/www.tvturk.com\/index.php\/wp-json\/wp\/v2\/posts"}],"about":[{"href":"http:\/\/www.tvturk.com\/index.php\/wp-json\/wp\/v2\/types\/post"}],"author":[{"embeddable":true,"href":"http:\/\/www.tvturk.com\/index.php\/wp-json\/wp\/v2\/users\/1"}],"replies":[{"embeddable":true,"href":"http:\/\/www.tvturk.com\/index.php\/wp-json\/wp\/v2\/comments?post=250341"}],"version-history":[{"count":0,"href":"http:\/\/www.tvturk.com\/index.php\/wp-json\/wp\/v2\/posts\/250341\/revisions"}],"wp:featuredmedia":[{"embeddable":true,"href":"http:\/\/www.tvturk.com\/index.php\/wp-json\/wp\/v2\/media\/250342"}],"wp:attachment":[{"href":"http:\/\/www.tvturk.com\/index.php\/wp-json\/wp\/v2\/media?parent=250341"}],"wp:term":[{"taxonomy":"category","embeddable":true,"href":"http:\/\/www.tvturk.com\/index.php\/wp-json\/wp\/v2\/categories?post=250341"},{"taxonomy":"post_tag","embeddable":true,"href":"http:\/\/www.tvturk.com\/index.php\/wp-json\/wp\/v2\/tags?post=250341"}],"curies":[{"name":"wp","href":"https:\/\/api.w.org\/{rel}","templated":true}]}}