{"id":250343,"date":"2020-01-01T14:02:22","date_gmt":"2020-01-01T11:02:22","guid":{"rendered":"http:\/\/www.tvturk.com\/index.php\/inegol-protokolu-yeni-yila-gorev-basindaki-kamu-calisanlariyla-girdi\/"},"modified":"2020-01-01T14:02:22","modified_gmt":"2020-01-01T11:02:22","slug":"inegol-protokolu-yeni-yila-gorev-basindaki-kamu-calisanlariyla-girdi","status":"publish","type":"post","link":"http:\/\/www.tvturk.com\/index.php\/inegol-protokolu-yeni-yila-gorev-basindaki-kamu-calisanlariyla-girdi\/","title":{"rendered":"\u0130neg\u00f6l protokol\u00fc yeni y\u0131la g\u00f6rev ba\u015f\u0131ndaki kamu \u00e7al\u0131\u015fanlar\u0131yla girdi"},"content":{"rendered":"<p>\u0130neg\u00f6l Belediye Ba\u015fkan\u0131 Alper Taban, beraberindeki heyetle birlikte y\u0131lba\u015f\u0131nda g\u00f6revlerinin ba\u015f\u0131nda bulunan zab\u0131ta, jandarma, emniyet ve itfaiye ekiplerini ziyaret ederek, yeni y\u0131la g\u00f6revi ba\u015f\u0131ndaki kamu g\u00f6revlileriyle birlikte girdi. Ayr\u0131ca taksi dura\u011f\u0131 da ziyaret edildi.<\/p>\n<p>Kaymakam \u015e\u00fckr\u00fc G\u00f6r\u00fcc\u00fc, AK Parti Bursa Milletvekili Vildan Y\u0131lmaz G\u00fcrel, Belediye Ba\u015fkan\u0131 Alper Taban, AK Parti \u0130l\u00e7e Ba\u015fkan\u0131 Mustafa Ersan ve beraberindeki parti y\u00f6neticileri yeni y\u0131la g\u00f6revlerinin ba\u015f\u0131nda giren kamu g\u00f6revlilerini unutmad\u0131. Gece boyunca farkl\u0131 kurumlarda ziyaretler yap\u0131ld\u0131. 22.30\u2019da \u0130neg\u00f6l Belediyesi Zab\u0131ta M\u00fcd\u00fcrl\u00fc\u011f\u00fcnde n\u00f6bet\u00e7i zab\u0131ta ekiplerini ziyaret eden Kaymakam G\u00f6r\u00fcc\u00fc, Milletvekili G\u00fcrel ve Ba\u015fkan Taban, burada g\u00f6revli zab\u0131taya tatl\u0131 ikram\u0131nda bulundu. Ard\u0131ndan vatanda\u015flar\u0131n ula\u015f\u0131m ihtiya\u00e7lar\u0131n\u0131 gidermek i\u00e7in mesaide bulunan taksi dura\u011f\u0131 ziyaret edilerek taksici esnaf\u0131yla bir araya gelindi. Taksicilere de tatl\u0131 ikram\u0131 yap\u0131l\u0131p yeni y\u0131llar\u0131n\u0131n hay\u0131rl\u0131 olmas\u0131 dileklerinin iletilmesinin ard\u0131ndan \u0130neg\u00f6l Emniyet M\u00fcd\u00fcrl\u00fc\u011f\u00fc Alanyurt hizmet binas\u0131ndaki emniyet personeli ziyaret edildi. Bursa B\u00fcy\u00fck\u015fehir Belediyesi \u0130neg\u00f6l \u0130tfaiye M\u00fcd\u00fcrl\u00fc\u011f\u00fcn\u00fc de ziyaret eden heyet, ard\u0131ndan Devlet Hastanesi\u2019ni ziyaret edip yeni y\u0131l\u0131n ilk bebe\u011fi ve ailesiyle bulu\u015ftu. Daha sonra \u0130neg\u00f6l Jandarma Komutanl\u0131\u011f\u0131 ziyaret edilerek burada askerler ve g\u00f6revleri ba\u015f\u0131ndaki r\u00fctbeli personelin yeni y\u0131l\u0131 kutland\u0131. Son olarak \u0130neg\u00f6l Emniyet M\u00fcd\u00fcrl\u00fc\u011f\u00fc\u2019n\u00fcn Bursa-Ankara karayolunda bulunan uygulama noktas\u0131n\u0131 ziyaret eden Kaymakam G\u00f6r\u00fcc\u00fc, Milletvekili G\u00fcrel ve Ba\u015fkan Taban ile beraberindeki heyet, yeni y\u0131la halk\u0131n huzuru ve g\u00fcvenli\u011fini sa\u011flamak ad\u0131na g\u00f6revleri ba\u015f\u0131nda giren polislere de ba\u015far\u0131lar dilediler.<\/p>\n<p>Belediye Ba\u015fkan\u0131 Alper Taban, \u201cAc\u0131s\u0131yla, tatl\u0131s\u0131yla, h\u00fczn\u00fcyle, sevinciyle g\u00fczel bir y\u0131l ge\u00e7irdik. \u0130n\u015fallah 2020 y\u0131l\u0131 hem \u015fehrimiz hem de \u00fclkemiz i\u00e7in g\u00fczel bir y\u0131l olur. Belediyemizin de bu y\u0131l 150\u2019nci kurulu\u015f y\u0131l\u0131n\u0131 ya\u015f\u0131yor olaca\u011f\u0131z. Biliyorsunuz 1870 y\u0131l\u0131nda kuruldu \u0130neg\u00f6l Belediyesi. Bunu tabi g\u00fczel etkinliklerle, g\u00fczel vesilelerle bulu\u015fturaca\u011f\u0131z ve \u015fehrimiz i\u00e7in 2020 y\u0131l\u0131nda g\u00fczel i\u015fler ba\u015faraca\u011f\u0131z. Ben t\u00fcm insanl\u0131\u011fa ba\u015far\u0131l\u0131, mutlu ve g\u00fczel bir y\u0131l ge\u00e7irmelerini diliyorum\u201d dedi.<\/p>\n<p>Kaymakam \u015e\u00fckr\u00fc G\u00f6r\u00fcc\u00fc ise, \u201cYeni bir y\u0131la girdik. Ac\u0131s\u0131yla tatl\u0131s\u0131yla bir y\u0131l\u0131 geride b\u0131rakt\u0131k. Her yeni y\u0131l umuttur, hedeftir. Yeni y\u0131l\u0131n il\u00e7emize, \u00fclkemize ve insan\u0131m\u0131za sa\u011fl\u0131k, mutluluk ve huzur getirmesini dilerken t\u00fcm insanl\u0131\u011f\u0131n sa\u011fl\u0131k, mutluluk ve huzur i\u00e7erisinde olmas\u0131n\u0131 diliyorum. \u00dclkemizin daha da ileriye, \u00e7a\u011fda\u015f uygarl\u0131k seviyesine \u00e7\u0131kabilmesi i\u00e7in 2019\u2019da \u00e7ok g\u00fczel yat\u0131r\u0131mlar oldu, yerli ve milli yat\u0131r\u0131mlar oldu. Yerli otomobillerimiz oldu. Ben bu yat\u0131r\u0131mlar\u0131n 2020 y\u0131l\u0131nda da devam edece\u011fini \u00fcmit ediyorum\u201d diye konu\u015ftu.<\/p>\n<p>Milletvekili Vildan Y\u0131lmaz G\u00fcrel de \u0130neg\u00f6l\u2019\u00fc temsil eden herkesin bir arada oldu\u011funa dikkat \u00e7ekerek; \u201c\u0130n\u015fallah yeni \u00fcmitlerle yeni do\u011fan bebe\u011fimizden de cesaret alarak 2020 y\u0131l\u0131n\u0131n ilk dakikalar\u0131n\u0131 birlik ve beraberlik i\u00e7erisinde kar\u015f\u0131lad\u0131k. \u0130n\u015fallah \u00fclkemiz i\u00e7in, d\u00fcnya i\u00e7in ba\u015far\u0131l\u0131, bar\u0131\u015f dolu, huzurlu g\u00fczel bir y\u0131l\u0131 birlikte ge\u00e7iririz duas\u0131yla hay\u0131rl\u0131 ak\u015famlar diliyorum\u201d ifadelerinde bulundu.<\/p>\n<p>\u00d6te yandan, Devlet Hastanesi ziyareti s\u0131ras\u0131nda 2020 y\u0131l\u0131n\u0131n d\u00fcnyaya gelen ilk bebe\u011fi de ziyaret edildi. 3 kilo a\u011f\u0131rl\u0131\u011f\u0131nda do\u011fan bebe\u011fe \u2018Kuzey\u2019 ismi verildi. Saat 00.02\u2019de d\u00fcnyaya gelen bebe\u011fe yo\u011fun ziyaret\u00e7i ak\u0131n\u0131 ger\u00e7ekle\u015fti. Semih ve Y\u0131ld\u0131z Ola\u015ftag\u00f6z \u00e7ifti, \u0130neg\u00f6l Devlet Hastanesi do\u011fumhanesinde normal do\u011fum y\u00f6ntemiyle d\u00fcnyaya gelen ikinci \u00e7ocuklar\u0131na Kuzey ismini verdi. Bebe\u011fin Babas\u0131 Semih Ola\u015ftag\u00f6z, \u201cErken d\u00fcnyaya geldi. Bursa\u2019da, y\u0131l\u0131n ilk bebe\u011fi olmas\u0131ndan dolay\u0131 mutluyum. \u0130smini Kuzey koyduk\u201d dedi. Belediye Ba\u015fkan\u0131 Alper Taban, 2020\u2019nin ilk bebe\u011fi Kuzey\u2019e alt\u0131n hediye etti.<\/p>\n","protected":false},"excerpt":{"rendered":"<p>\u0130NEG\u00d6L BELED\u0130YE BA\u015eKANI ALPER TABAN, BERABER\u0130NDEK\u0130 HEYETLE B\u0130RL\u0130KTE YILBA\u015eINDA G\u00d6REVLER\u0130N\u0130N BA\u015eINDA BULUNAN ZABITA, JANDARMA, EMN\u0130YET VE \u0130TFA\u0130YE EK\u0130PLER\u0130N\u0130 Z\u0130YARET EDEREK, YEN\u0130 YILA G\u00d6REV\u0130 BA\u015eINDAK\u0130 KAMU G\u00d6REVL\u0130LER\u0130YLE B\u0130RL\u0130KTE G\u0130RD\u0130.<\/p>\n","protected":false},"author":1,"featured_media":250344,"comment_status":"closed","ping_status":"open","sticky":false,"template":"","format":"standard","meta":{"jetpack_post_was_ever_published":false,"_jetpack_newsletter_access":"","_jetpack_dont_email_post_to_subs":false,"_jetpack_newsletter_tier_id":0,"_jetpack_memberships_contains_paywalled_content":false,"_jetpack_memberships_contains_paid_content":false,"footnotes":"","jetpack_publicize_message":"","jetpack_publicize_feature_enabled":true,"jetpack_social_post_already_shared":true,"jetpack_social_options":{"image_generator_settings":{"template":"highway","default_image_id":0,"font":"","enabled":false},"version":2}},"categories":[1],"tags":[34262,1454,3896,333,1154,226,2891,87,8709],"class_list":["post-250343","post","type-post","status-publish","format-standard","has-post-thumbnail","hentry","category-genel","tag-basindaki","tag-calisanlariyla","tag-girdi","tag-gorev","tag-inegol","tag-kamu","tag-protokolu","tag-yeni","tag-yila"],"jetpack_publicize_connections":[],"jetpack_featured_media_url":"https:\/\/i0.wp.com\/www.tvturk.com\/wp-content\/uploads\/2020\/01\/inegol-protokolu-yeni-yila-gorev-basindaki-kamu-calisanlariyla-girdi_21db4f6.jpg?fit=1000%2C666","jetpack_sharing_enabled":true,"jetpack_shortlink":"https:\/\/wp.me\/paKIfm-137N","_links":{"self":[{"href":"http:\/\/www.tvturk.com\/index.php\/wp-json\/wp\/v2\/posts\/250343","targetHints":{"allow":["GET"]}}],"collection":[{"href":"http:\/\/www.tvturk.com\/index.php\/wp-json\/wp\/v2\/posts"}],"about":[{"href":"http:\/\/www.tvturk.com\/index.php\/wp-json\/wp\/v2\/types\/post"}],"author":[{"embeddable":true,"href":"http:\/\/www.tvturk.com\/index.php\/wp-json\/wp\/v2\/users\/1"}],"replies":[{"embeddable":true,"href":"http:\/\/www.tvturk.com\/index.php\/wp-json\/wp\/v2\/comments?post=250343"}],"version-history":[{"count":0,"href":"http:\/\/www.tvturk.com\/index.php\/wp-json\/wp\/v2\/posts\/250343\/revisions"}],"wp:featuredmedia":[{"embeddable":true,"href":"http:\/\/www.tvturk.com\/index.php\/wp-json\/wp\/v2\/media\/250344"}],"wp:attachment":[{"href":"http:\/\/www.tvturk.com\/index.php\/wp-json\/wp\/v2\/media?parent=250343"}],"wp:term":[{"taxonomy":"category","embeddable":true,"href":"http:\/\/www.tvturk.com\/index.php\/wp-json\/wp\/v2\/categories?post=250343"},{"taxonomy":"post_tag","embeddable":true,"href":"http:\/\/www.tvturk.com\/index.php\/wp-json\/wp\/v2\/tags?post=250343"}],"curies":[{"name":"wp","href":"https:\/\/api.w.org\/{rel}","templated":true}]}}