{"id":250363,"date":"2020-01-01T15:02:12","date_gmt":"2020-01-01T12:02:12","guid":{"rendered":"http:\/\/www.tvturk.com\/index.php\/ucuz-ekmek-davasini-kazandi-2020de-de-zam-yapmama-karari-aldi\/"},"modified":"2020-01-01T15:02:12","modified_gmt":"2020-01-01T12:02:12","slug":"ucuz-ekmek-davasini-kazandi-2020de-de-zam-yapmama-karari-aldi","status":"publish","type":"post","link":"http:\/\/www.tvturk.com\/index.php\/ucuz-ekmek-davasini-kazandi-2020de-de-zam-yapmama-karari-aldi\/","title":{"rendered":"Ucuz ekmek davas\u0131n\u0131 kazand\u0131, 2020\u2019de de zam yapmama karar\u0131 ald\u0131"},"content":{"rendered":"<p>Antalya\u2019da 1 liraya sat\u0131lan ekme\u011fi 75 kuru\u015fa ekmek satarak haks\u0131z rekabet yapt\u0131\u011f\u0131 gerek\u00e7esiyle mahkemece haks\u0131z bulunan Rag\u0131p \u015eahin, istinaf mahkemesinden zaferle d\u00f6nd\u00fc. Rag\u0131p \u015eahin, hukuki s\u00fcrecin tamamlanmas\u0131n ard\u0131ndan 2020 y\u0131l\u0131 tarifesini a\u00e7\u0131klad\u0131. 2019 y\u0131l\u0131nda 85 kuru\u015ftan satt\u0131\u011f\u0131 ekme\u011fin fiyat\u0131nda zam yapmayaca\u011f\u0131n\u0131 aktaran \u015eahin, \u201c85 kuru\u015ftan satmaya devam edece\u011fim. Daha d\u00fc\u015f\u00fck alabilirsek daha d\u00fc\u015f\u00fc\u011fe satar\u0131z. \u00c7\u00fcnk\u00fc vatanda\u015f ucuz ekmek istiyor\u201d dedi.<\/p>\n<p>2015 y\u0131l\u0131nda f\u0131r\u0131n ve marketlerde 1 TL\u2019ye sat\u0131lan 200 gram ekme\u011fi, 75 kuru\u015fa satt\u0131\u011f\u0131 i\u00e7in haks\u0131z rekabete yol a\u00e7t\u0131\u011f\u0131 gerek\u00e7esiyle Ekmek \u00dcreticileri Federasyonu Antalya \u015eubesi taraf\u0131ndan hakk\u0131nda dava a\u00e7\u0131lan market i\u015fletmecisi Rag\u0131p \u015eahin, Antalya 3. Asliye Ticaret Mahkemesinde g\u00f6r\u00fclen davada haks\u0131z bulundu. \u015eahin, karar\u0131 istinafa ta\u015f\u0131d\u0131. B\u00f6lge Adliye Mahkemesi 2. Hukuk Dairesi, mahalle bakkal\u0131n\u0131n ekme\u011fi maliyet tutar\u0131n\u0131n alt\u0131nda satmad\u0131\u011f\u0131n\u0131 gerek\u00e7e g\u00f6stererek, ticaret mahkemesinin karar\u0131n\u0131 kald\u0131rd\u0131.<\/p>\n<p>&#8220;Ekme\u011fin kalitesiyle ilgilenen hi\u00e7 kimse yok&#8221;<\/p>\n<p>Hukuk zaferi kazanan ve en son 75 kuru\u015ftan satt\u0131\u011f\u0131 ekme\u011fi 2019 y\u0131l\u0131nda 85 kuru\u015fa y\u00fckselten market\u00e7i Rag\u0131p, karar\u0131n\u0131n ard\u0131ndan Ekmek \u00dcreticileri Federasyonu Antalya \u015eubesinin davay\u0131 Yarg\u0131taya ta\u015f\u0131d\u0131\u011f\u0131n\u0131 s\u00f6yledi.<\/p>\n<p>&#8220;Haks\u0131z oldu\u011fum konu yok&#8221; diyen Rag\u0131p \u015eahin,  \u201cMali a\u00e7\u0131dan ald\u0131\u011f\u0131m\u0131z fiyat\u0131n \u00fczerine koyarak satmaya devam ediyoruz. Ekme\u011fi 240 grama \u00e7\u0131kard\u0131lar ve fiyat\u0131 1.5 TL olacak denildi. 3-5 ay denendi olmad\u0131, tekrar 200 grama d\u00f6nd\u00fcler. Oyuncak gibi oynuyorlar. \u015eu anda 200 gram ekme\u011fi 1.25 TL diyorlar. Bu arada ekme\u011fin kalitesiyle ilgilenen hala hi\u00e7 kimse yok. Sadece fiyatla ilgileniliyor. Belediye zab\u0131tas\u0131 da denetlemiyor. F\u0131r\u0131nc\u0131lar odas\u0131 ilgilenmiyor. Ekmek kaliteli \u00e7\u0131km\u0131\u015f, \u00e7\u0131kmam\u0131\u015f kimsenin umurunda de\u011fil. Ben 30 y\u0131ld\u0131r bununla m\u00fccadele ediyorum&#8221; ifadelerini kulland\u0131.<\/p>\n<p>&#8220;Cesaret olu\u015ftu&#8221;<\/p>\n<p>Davay\u0131 kazand\u0131ktan sonra \u00e7evredeki marketlerin ekmek fiyatlar\u0131nda da d\u00fc\u015f\u00fc\u015f ya\u015fand\u0131\u011f\u0131n\u0131 aktaran Rag\u0131p \u015eahin, \u201c75 kuru\u015fa hatta 60 kuru\u015fa dahi satanlar var.  \u00d6nceden  \u2018dava a\u00e7ar\u0131z\u2019 diye bask\u0131 yap\u0131l\u0131yordu. \u015eu an da bir cesaret olu\u015ftu. Tedarik fiyat\u0131 uygun olduktan sonra herkes al\u0131p, sat\u0131yor. En son 2 hafta \u00f6nce K\u0131rklareli\u2019nden bir arkada\u015f arad\u0131 ve o da daval\u0131k oldu\u011funu, benim davam\u0131 emsal g\u00f6sterece\u011fini s\u00f6yledi. Yasa, ald\u0131\u011f\u0131n maliyetin \u00fczerine 1 kuru\u015fluk kar koyup satabilece\u011fini s\u00f6yl\u00fcyor. Yasa d\u0131\u015f\u0131 yapt\u0131\u011f\u0131m\u0131z bir \u015fey yok&#8221; dedi.<\/p>\n<p>&#8220;Daha d\u00fc\u015f\u00fck al\u0131rsam, daha d\u00fc\u015f\u00fc\u011fe satar\u0131m&#8221;<\/p>\n<p>2020 y\u0131l\u0131nda da maliyetlerin d\u00fc\u015f\u00fck olmas\u0131 durumunda 2020 y\u0131l\u0131nda da ekme\u011fi 85 kuru\u015ftan satmaya devam edece\u011fini belirten \u015eahin, \u201cDaha d\u00fc\u015f\u00fck al\u0131rsam, daha d\u00fc\u015f\u00fc\u011fe satar\u0131m. Vatanda\u015f, en temel g\u0131das\u0131 ekme\u011fi ucuza yemek istiyorlar. Ekmekle doyuruyor vatanda\u015f karn\u0131n\u0131.  G\u00fcnde 3-4 defa ekmek almaya gelen oluyor&#8221; diye konu\u015ftu.<\/p>\n","protected":false},"excerpt":{"rendered":"<p>ANTALYA\u2019DA 1 L\u0130RAYA SATILAN EKME\u011e\u0130 75 KURU\u015eA SATARAK HAKSIZ REKABET YAPTI\u011eI GEREK\u00c7ES\u0130YLE MAHKEMECE HAKSIZ BULUNAN VE ARDINDAN KARARI \u0130ST\u0130NAF MAHKEMES\u0130NE TA\u015eIYARAK HUKUK ZAFER\u0130 KAZANAN RAGIP \u015eAH\u0130N, 2020 YILI TAR\u0130FES\u0130N\u0130 A\u00c7IKLADI.<\/p>\n","protected":false},"author":1,"featured_media":250364,"comment_status":"closed","ping_status":"open","sticky":false,"template":"","format":"standard","meta":{"jetpack_post_was_ever_published":false,"_jetpack_newsletter_access":"","_jetpack_dont_email_post_to_subs":false,"_jetpack_newsletter_tier_id":0,"_jetpack_memberships_contains_paywalled_content":false,"_jetpack_memberships_contains_paid_content":false,"footnotes":"","jetpack_publicize_message":"","jetpack_publicize_feature_enabled":true,"jetpack_social_post_already_shared":true,"jetpack_social_options":{"image_generator_settings":{"template":"highway","default_image_id":0,"font":"","enabled":false},"version":2}},"categories":[1],"tags":[22813,1075,51061,4635,2832,3801,5872,23255,4652],"class_list":["post-250363","post","type-post","status-publish","format-standard","has-post-thumbnail","hentry","category-genel","tag-2020de","tag-aldi","tag-davasini","tag-ekmek","tag-karari","tag-kazandi","tag-ucuz","tag-yapmama","tag-zam"],"jetpack_publicize_connections":[],"jetpack_featured_media_url":"https:\/\/i0.wp.com\/www.tvturk.com\/wp-content\/uploads\/2020\/01\/ucuz-ekmek-davasini-kazandi-2020de-de-zam-yapmama-karari-aldi_49a23f6.jpg?fit=1000%2C666","jetpack_sharing_enabled":true,"jetpack_shortlink":"https:\/\/wp.me\/paKIfm-1387","_links":{"self":[{"href":"http:\/\/www.tvturk.com\/index.php\/wp-json\/wp\/v2\/posts\/250363","targetHints":{"allow":["GET"]}}],"collection":[{"href":"http:\/\/www.tvturk.com\/index.php\/wp-json\/wp\/v2\/posts"}],"about":[{"href":"http:\/\/www.tvturk.com\/index.php\/wp-json\/wp\/v2\/types\/post"}],"author":[{"embeddable":true,"href":"http:\/\/www.tvturk.com\/index.php\/wp-json\/wp\/v2\/users\/1"}],"replies":[{"embeddable":true,"href":"http:\/\/www.tvturk.com\/index.php\/wp-json\/wp\/v2\/comments?post=250363"}],"version-history":[{"count":0,"href":"http:\/\/www.tvturk.com\/index.php\/wp-json\/wp\/v2\/posts\/250363\/revisions"}],"wp:featuredmedia":[{"embeddable":true,"href":"http:\/\/www.tvturk.com\/index.php\/wp-json\/wp\/v2\/media\/250364"}],"wp:attachment":[{"href":"http:\/\/www.tvturk.com\/index.php\/wp-json\/wp\/v2\/media?parent=250363"}],"wp:term":[{"taxonomy":"category","embeddable":true,"href":"http:\/\/www.tvturk.com\/index.php\/wp-json\/wp\/v2\/categories?post=250363"},{"taxonomy":"post_tag","embeddable":true,"href":"http:\/\/www.tvturk.com\/index.php\/wp-json\/wp\/v2\/tags?post=250363"}],"curies":[{"name":"wp","href":"https:\/\/api.w.org\/{rel}","templated":true}]}}