{"id":250373,"date":"2020-01-01T15:16:57","date_gmt":"2020-01-01T12:16:57","guid":{"rendered":"http:\/\/www.tvturk.com\/index.php\/baskan-dundardan-yilbasi-ziyaretleri\/"},"modified":"2020-01-01T15:16:57","modified_gmt":"2020-01-01T12:16:57","slug":"baskan-dundardan-yilbasi-ziyaretleri","status":"publish","type":"post","link":"http:\/\/www.tvturk.com\/index.php\/baskan-dundardan-yilbasi-ziyaretleri\/","title":{"rendered":"Ba\u015fkan D\u00fcndar\u2019dan y\u0131lba\u015f\u0131 ziyaretleri"},"content":{"rendered":"<p>Osmangazi Belediye Ba\u015fkan\u0131 Mustafa D\u00fcndar, 2020 y\u0131l\u0131n\u0131 vatanda\u015flar ve g\u00fcvenlik g\u00fc\u00e7leriyle birlikte kar\u015f\u0131lad\u0131. Bunun yan\u0131 s\u0131ra D\u00fcndar, yeni y\u0131l\u0131n ilk bebe\u011fini ziyaret ederek, alt\u0131n hediye etti.<\/p>\n<p>Yo\u011fun \u00e7al\u0131\u015fma temposuna ra\u011fmen buldu\u011fu her f\u0131rsatta halk\u0131n aras\u0131na  kar\u0131\u015farak vatanda\u015flarla bir araya gelen Osmangazi Belediye Ba\u015fkan\u0131 Mustafa D\u00fcndar, bu gelene\u011fini y\u0131lba\u015f\u0131 gecesinde de s\u00fcrd\u00fcrd\u00fc. Ba\u015fkan D\u00fcndar, yeni y\u0131l\u0131n ilk dakikalar\u0131nda \u00d6zel Hayat Hastanesi\u2019ni ziyaret ederek sa\u011fl\u0131k \u00e7al\u0131\u015fanlar\u0131n\u0131n ve tedavi g\u00f6ren hastalar\u0131n yeni y\u0131l\u0131n\u0131 kutlad\u0131. Hastanedeki yenido\u011fan b\u00f6l\u00fcm\u00fcn\u00fc gezen D\u00fcndar, 2019 y\u0131l\u0131n\u0131n son saatlerinde d\u00fcnyaya gelen Ertan ve Mukadder \u00d6zdesen \u00e7iftinin ilk \u00e7ocuklar\u0131 olan G\u00fclce bebe\u011fe alt\u0131n hediye ederek sa\u011fl\u0131kl\u0131 \u00f6m\u00fcrler diledi. Ayr\u0131ca Ba\u015fkan D\u00fcndar, AK Parti Bursa Milletvekili Ahmet K\u0131l\u0131\u00e7 ve AK Parti Osmangazi \u0130l\u00e7e Ba\u015fkan\u0131 Ufuk C\u00f6mez ile birlikte \u00c7ekirge Devlet Hastanesi\u2019nde sa\u011fl\u0131k \u00e7al\u0131\u015fanlar\u0131 ve hastalara karanfil da\u011f\u0131tt\u0131.<\/p>\n<p>Yeni y\u0131lda esnaf\u0131 da unutmayan Osmangazi Belediye Ba\u015fkan\u0131 Mustafa D\u00fcndar, \u00c7ekirge Taksi Dura\u011f\u0131 \u00e7al\u0131\u015fanlar\u0131yla sohbet ederek sorunlar\u0131 dinledi. Daha sonra Osmangazi Belediyesi Temizlik \u0130\u015fleri M\u00fcd\u00fcrl\u00fc\u011f\u00fc\u2019ne ba\u011fl\u0131 personelle bir araya gelen Ba\u015fkan D\u00fcndar, temizlik i\u015f\u00e7ilerine tatl\u0131 ikram etti. Son olarak \u00c7ekirge Polis Merkezi\u2019nde g\u00fcvenlik g\u00fc\u00e7leriyle bulu\u015fan D\u00fcndar, zorlu g\u00f6revlerinde ekibe ba\u015far\u0131lar diledi.<\/p>\n<p>Yeni y\u0131l\u0131n t\u00fcm d\u00fcnyaya bar\u0131\u015f, sevgi, karde\u015flik ve huzur getirmesi temennisinde bulunan D\u00fcndar, \u201cVatanda\u015flar\u0131m\u0131z\u0131n huzur ve refah\u0131 i\u00e7in 2019 y\u0131l\u0131nda yapt\u0131\u011f\u0131m\u0131z \u00e7al\u0131\u015fmalar\u0131n \u00fczerine yenilerini ekleyece\u011fiz. 2020 y\u0131l\u0131nda Osmangazi ve Bursa\u2019y\u0131 daha ileriye ta\u015f\u0131yaca\u011f\u0131z. K\u0131\u015f turizminin \u00f6nemli merkezlerinden Uluda\u011f da, y\u0131lba\u015f\u0131 m\u00fcnasebetiyle yo\u011funluk ya\u015fan\u0131yor. Burada kar ve bereket var. Bu bereketin t\u00fcm y\u0131la yans\u0131mas\u0131n\u0131 diliyorum. Bizler, belediye olarak b\u00f6lgede \u00fczerimize d\u00fc\u015fen g\u00f6revleri yerine getirdik. B\u00fct\u00fcn hem\u015fehrilerimin yeni y\u0131l\u0131n\u0131 tebrik ediyorum\u201d dedi.<\/p>\n","protected":false},"excerpt":{"rendered":"<p>OSMANGAZ\u0130 BELED\u0130YE BA\u015eKANI MUSTAFA D\u00dcNDAR, 2020 YILINI VATANDA\u015eLAR VE G\u00dcVENL\u0130K G\u00dc\u00c7LER\u0130YLE B\u0130RL\u0130KTE KAR\u015eILADI. BUNUN YANI SIRA D\u00dcNDAR, YEN\u0130 YILIN \u0130LK BEBE\u011e\u0130N\u0130 Z\u0130YARET EDEREK, ALTIN HED\u0130YE ETT\u0130.<\/p>\n","protected":false},"author":1,"featured_media":250374,"comment_status":"closed","ping_status":"open","sticky":false,"template":"","format":"standard","meta":{"jetpack_post_was_ever_published":false,"_jetpack_newsletter_access":"","_jetpack_dont_email_post_to_subs":false,"_jetpack_newsletter_tier_id":0,"_jetpack_memberships_contains_paywalled_content":false,"_jetpack_memberships_contains_paid_content":false,"footnotes":"","jetpack_publicize_message":"","jetpack_publicize_feature_enabled":true,"jetpack_social_post_already_shared":true,"jetpack_social_options":{"image_generator_settings":{"template":"highway","default_image_id":0,"font":"","enabled":false},"version":2}},"categories":[1],"tags":[100,4245,23,4209],"class_list":["post-250373","post","type-post","status-publish","format-standard","has-post-thumbnail","hentry","category-genel","tag-baskan","tag-dundardan","tag-yilbasi","tag-ziyaretleri"],"jetpack_publicize_connections":[],"jetpack_featured_media_url":"https:\/\/i0.wp.com\/www.tvturk.com\/wp-content\/uploads\/2020\/01\/baskan-dundardan-yilbasi-ziyaretleri_3e1d6a7.jpg?fit=1000%2C755","jetpack_sharing_enabled":true,"jetpack_shortlink":"https:\/\/wp.me\/paKIfm-138h","_links":{"self":[{"href":"http:\/\/www.tvturk.com\/index.php\/wp-json\/wp\/v2\/posts\/250373","targetHints":{"allow":["GET"]}}],"collection":[{"href":"http:\/\/www.tvturk.com\/index.php\/wp-json\/wp\/v2\/posts"}],"about":[{"href":"http:\/\/www.tvturk.com\/index.php\/wp-json\/wp\/v2\/types\/post"}],"author":[{"embeddable":true,"href":"http:\/\/www.tvturk.com\/index.php\/wp-json\/wp\/v2\/users\/1"}],"replies":[{"embeddable":true,"href":"http:\/\/www.tvturk.com\/index.php\/wp-json\/wp\/v2\/comments?post=250373"}],"version-history":[{"count":0,"href":"http:\/\/www.tvturk.com\/index.php\/wp-json\/wp\/v2\/posts\/250373\/revisions"}],"wp:featuredmedia":[{"embeddable":true,"href":"http:\/\/www.tvturk.com\/index.php\/wp-json\/wp\/v2\/media\/250374"}],"wp:attachment":[{"href":"http:\/\/www.tvturk.com\/index.php\/wp-json\/wp\/v2\/media?parent=250373"}],"wp:term":[{"taxonomy":"category","embeddable":true,"href":"http:\/\/www.tvturk.com\/index.php\/wp-json\/wp\/v2\/categories?post=250373"},{"taxonomy":"post_tag","embeddable":true,"href":"http:\/\/www.tvturk.com\/index.php\/wp-json\/wp\/v2\/tags?post=250373"}],"curies":[{"name":"wp","href":"https:\/\/api.w.org\/{rel}","templated":true}]}}