{"id":250415,"date":"2020-01-01T19:17:20","date_gmt":"2020-01-01T16:17:20","guid":{"rendered":"http:\/\/www.tvturk.com\/index.php\/turk-boks-kulubu-ec-boxing-10-yilini-kutlamaya-hazirlaniyor\/"},"modified":"2020-01-01T19:17:20","modified_gmt":"2020-01-01T16:17:20","slug":"turk-boks-kulubu-ec-boxing-10-yilini-kutlamaya-hazirlaniyor","status":"publish","type":"post","link":"http:\/\/www.tvturk.com\/index.php\/turk-boks-kulubu-ec-boxing-10-yilini-kutlamaya-hazirlaniyor\/","title":{"rendered":"T\u00fcrk boks kul\u00fcb\u00fc EC BOX\u0130NG 10. y\u0131l\u0131n\u0131 kutlamaya haz\u0131rlan\u0131yor"},"content":{"rendered":"<p>Kuruldu\u011fu 2010 y\u0131ldan bu yana elde etti\u011fi ba\u015far\u0131larla d\u00fcnyan\u0131n en iyi kul\u00fcpleri aras\u0131na girmeyi ba\u015faran T\u00fcrk boks kul\u00fcb\u00fc EC BOX\u0130NG, 2020 y\u0131l\u0131nda 10. kurulu\u015f y\u0131l\u0131n\u0131 kutlamaya haz\u0131rlan\u0131yor.<\/p>\n<p>Ba\u015far\u0131l\u0131 i\u015f adam\u0131 ve eski sporcu Erol Ceylan taraf\u0131ndan kurulan EC BOX\u0130NG boks spor kul\u00fcb\u00fc, bug\u00fcne kadar 50\u2019nin \u00fczerinde gala d\u00fczenledi. Ge\u00e7ti\u011fimiz g\u00fcnlerde kul\u00fcb\u00fcn d\u00fcnya \u015fampiyonu Sebastian Formella, Almanya\u2019n\u0131n en iyi boks\u00f6r\u00fc se\u00e7ilirken, yine kul\u00fcp menajerlerinden Steffen Soltau en iyi menajer se\u00e7ildi. EC BOX\u0130NG; ba\u015fta Almanya olmak \u00fczere, Amerika, Avustralya, T\u00fcrkiye, \u0130ngiltere, \u0130skandinav \u00fclkeleri, Romanya ve d\u00fcnyan\u0131n bir\u00e7ok \u00fclkesinde boks galalar\u0131 d\u00fczenleyerek b\u00fcy\u00fck ba\u015far\u0131lara imza att\u0131. Ba\u015fantren\u00f6rl\u00fc\u011f\u00fcn\u00fc B\u00fclent Ba\u015fer ve bas\u0131n dan\u0131\u015fmanl\u0131\u011f\u0131n\u0131 Vedat Alyaz\u2019\u0131n yapt\u0131\u011f\u0131 kul\u00fcpte, d\u00fcnyan\u0131n bir\u00e7ok \u00fclkesinden elit boks\u00f6rler yer al\u0131rken, olimpiyat boks\u00f6rleri ve Avrupa \u015fampiyonlar\u0131 Fatih Kele\u015f, Ali Eren Demirezen, Erkan Teper, Emre \u00c7ukur, Alpay Yaman gibi ba\u015far\u0131l\u0131 sporcular gelecekte d\u00fcnya \u015fampiyonlu\u011fu k\u00fcrs\u00fcs\u00fcne \u00e7\u0131kabilmek i\u00e7in \u00e7al\u0131\u015fmalar\u0131n\u0131 s\u00fcrd\u00fcr\u00fcyor.<\/p>\n<p>Erol Ceylan: &#8220;2020 y\u0131l\u0131nda atak yapaca\u011f\u0131z&#8221;<\/p>\n<p>Kul\u00fcp ba\u015fkan\u0131 Erol Ceylan, d\u00f6rt kez \u00fcst \u00fcste Almanya\u2019n\u0131n en iyi promot\u00f6r\u00fc se\u00e7ilirken, ge\u00e7ti\u011fimiz g\u00fcnlerde de Japonya\u2019n\u0131n ba\u015fkenti Tokyo\u2019da d\u00fczenlenen muhte\u015fem \u00f6d\u00fcl t\u00f6reni ile d\u00fcnyan\u0131n en iyi promot\u00f6r\u00fc se\u00e7ilerek ne kadar b\u00fcy\u00fck i\u015fler ba\u015fard\u0131\u011f\u0131 kan\u0131tlam\u0131\u015f oldu. Bug\u00fcne kadar 8 d\u00fcnya \u015fampiyonlu\u011fu, 19 Avrupa \u015fampiyonlu\u011fu, 23 kez k\u0131talar aras\u0131 \u015fampiyonluklar\u0131 olmak \u00fczere \u00e7ok say\u0131da ba\u015far\u0131ya da imza atan EC BOX\u0130NG Y\u00f6netim Kurulu Ba\u015fkan\u0131 Erol Ceylan, gelecek y\u0131l daha b\u00fcy\u00fck at\u0131l\u0131mlara haz\u0131rland\u0131klar\u0131n\u0131 vurgulayarak, &#8220;2020 y\u0131l\u0131 bizim i\u00e7in \u00fcr\u00fcnleri toplama senesi olacakt\u0131r. 10 y\u0131ld\u0131r sporcular\u0131 yeti\u015ftirmek i\u00e7in b\u00fcy\u00fck emek ve \u00e7aba harcad\u0131k, art\u0131k \u015fimdi bu yeti\u015fen boks\u00f6rlerimizi d\u00fcnyan\u0131n d\u00f6rt bir yan\u0131nda \u015fampiyonluk ma\u00e7lar\u0131na \u00e7\u0131karaca\u011f\u0131z. T\u00fcm s\u0131kletler benim i\u00e7in de\u011ferlidir ancak g\u00f6nl\u00fcmde yatan s\u0131klet \u2018kral klasman\u0131\u2019 olarak da adland\u0131r\u0131lan a\u011f\u0131r s\u0131klettir ve \u015fu an Almanya\u2019da en \u00e7ok a\u011f\u0131r s\u0131klet boks\u00f6r\u00fcne sahip olan kul\u00fcp biziz. Erkan Teper ve Ali Eren Demirezen de buna dahil. Bunlar\u0131n yan\u0131 s\u0131ra iki kez olimpiyatlarda ringe \u00e7\u0131km\u0131\u015f olan Alman boks\u00f6r Erik Pfeiffer, Nikola ve Danilo Milacic karde\u015fler, Avrupa \u015fampiyonu Christian Hammer, Jack Muolavai ve \u00e7ok say\u0131da sporcumuzla 2020 y\u0131l\u0131nda b\u00fcy\u00fck zaferlere imza atmaya haz\u0131rlan\u0131yoruz. Bu vesile ile t\u00fcm sporsever ve bize destek olanlar\u0131n yeni y\u0131l\u0131n\u0131 kutluyor, bizi takip etmeye deva etmelerini diliyorum&#8221; \u015feklinde konu\u015ftu.<\/p>\n","protected":false},"excerpt":{"rendered":"<p>KURULDU\u011eU 2010 YILDAN BU YANA ELDE ETT\u0130\u011e\u0130 BA\u015eARILARLA D\u00dcNYANIN EN \u0130Y\u0130 KUL\u00dcPLER\u0130 ARASINA G\u0130RMEY\u0130 BA\u015eARAN T\u00dcRK BOKS KUL\u00dcB\u00dc EC BOX\u0130NG, 2020 YILINDA 10. KURULU\u015e YILINI KUTLAMAYA HAZIRLANIYOR.<\/p>\n","protected":false},"author":1,"featured_media":250416,"comment_status":"closed","ping_status":"open","sticky":false,"template":"","format":"standard","meta":{"jetpack_post_was_ever_published":false,"_jetpack_newsletter_access":"","_jetpack_dont_email_post_to_subs":false,"_jetpack_newsletter_tier_id":0,"_jetpack_memberships_contains_paywalled_content":false,"_jetpack_memberships_contains_paid_content":false,"footnotes":"","jetpack_publicize_message":"","jetpack_publicize_feature_enabled":true,"jetpack_social_post_already_shared":true,"jetpack_social_options":{"image_generator_settings":{"template":"highway","default_image_id":0,"font":"","enabled":false},"version":2}},"categories":[657],"tags":[4611,13404,19627,297,4029,62056,957,4564],"class_list":["post-250415","post","type-post","status-publish","format-standard","has-post-thumbnail","hentry","category-spor","tag-4611","tag-boks","tag-boxing","tag-hazirlaniyor","tag-kulubu","tag-kutlamaya","tag-turk","tag-yilini"],"jetpack_publicize_connections":[],"jetpack_featured_media_url":"https:\/\/i0.wp.com\/www.tvturk.com\/wp-content\/uploads\/2020\/01\/turk-boks-kulubu-ec-boxing-10-yilini-kutlamaya-hazirlaniyor_d495052.jpg?fit=1000%2C588","jetpack_sharing_enabled":true,"jetpack_shortlink":"https:\/\/wp.me\/paKIfm-138X","_links":{"self":[{"href":"http:\/\/www.tvturk.com\/index.php\/wp-json\/wp\/v2\/posts\/250415","targetHints":{"allow":["GET"]}}],"collection":[{"href":"http:\/\/www.tvturk.com\/index.php\/wp-json\/wp\/v2\/posts"}],"about":[{"href":"http:\/\/www.tvturk.com\/index.php\/wp-json\/wp\/v2\/types\/post"}],"author":[{"embeddable":true,"href":"http:\/\/www.tvturk.com\/index.php\/wp-json\/wp\/v2\/users\/1"}],"replies":[{"embeddable":true,"href":"http:\/\/www.tvturk.com\/index.php\/wp-json\/wp\/v2\/comments?post=250415"}],"version-history":[{"count":0,"href":"http:\/\/www.tvturk.com\/index.php\/wp-json\/wp\/v2\/posts\/250415\/revisions"}],"wp:featuredmedia":[{"embeddable":true,"href":"http:\/\/www.tvturk.com\/index.php\/wp-json\/wp\/v2\/media\/250416"}],"wp:attachment":[{"href":"http:\/\/www.tvturk.com\/index.php\/wp-json\/wp\/v2\/media?parent=250415"}],"wp:term":[{"taxonomy":"category","embeddable":true,"href":"http:\/\/www.tvturk.com\/index.php\/wp-json\/wp\/v2\/categories?post=250415"},{"taxonomy":"post_tag","embeddable":true,"href":"http:\/\/www.tvturk.com\/index.php\/wp-json\/wp\/v2\/tags?post=250415"}],"curies":[{"name":"wp","href":"https:\/\/api.w.org\/{rel}","templated":true}]}}