{"id":250421,"date":"2020-01-01T22:16:36","date_gmt":"2020-01-01T19:16:36","guid":{"rendered":"http:\/\/www.tvturk.com\/index.php\/karabuk-bartin-yolunda-kar-yagisi\/"},"modified":"2020-01-01T22:16:36","modified_gmt":"2020-01-01T19:16:36","slug":"karabuk-bartin-yolunda-kar-yagisi","status":"publish","type":"post","link":"http:\/\/www.tvturk.com\/index.php\/karabuk-bartin-yolunda-kar-yagisi\/","title":{"rendered":"Karab\u00fck-Bart\u0131n yolunda kar ya\u011f\u0131\u015f\u0131"},"content":{"rendered":"<p>Karab\u00fck\u2019\u00fcn Safranbolu il\u00e7esinde 1030 rak\u0131ml\u0131 Ahmetusta Ge\u00e7idi\u2019nde kar ya\u011f\u0131\u015f\u0131n\u0131n artmas\u0131 sonucu s\u00fcr\u00fcc\u00fcler zor anlar ya\u015fad\u0131. Karayollar\u0131 ekipleri yolun ula\u015f\u0131ma kapanmamas\u0131 i\u00e7in \u00e7al\u0131\u015fmalar\u0131n\u0131 s\u00fcrd\u00fcr\u00fcyor.<\/p>\n<p>Kentte iki g\u00fcnd\u00fcr devam eden ya\u011fmur, y\u00fcksek kesimlerde yerini kar ya\u011f\u0131\u015f\u0131na b\u0131rakt\u0131. Safranbolu-Bart\u0131n Karayolu\u2019nda bulunan Ahmetusta Ge\u00e7idi\u2019nde aniden bast\u0131ran kar ya\u011f\u0131\u015f\u0131 s\u00fcr\u00fcc\u00fclere zor anlar ya\u015fat\u0131yor. Gece saatlerinde g\u00f6r\u00fc\u015f mesafesinin d\u00fc\u015ft\u00fc\u011f\u00fc yolun ula\u015f\u0131ma kapanmamas\u0131 i\u00e7in karayollar\u0131 ekipler kar k\u00fcreme \u00e7al\u0131\u015fmalar\u0131n\u0131 s\u00fcrd\u00fcr\u00fcyor.<\/p>\n<p>\u201cAte\u015f yakarak kar\u0131n keyfini \u00e7\u0131kard\u0131lar\u201d<\/p>\n<p>Yeni y\u0131l\u0131n ilk kar ya\u011f\u0131\u015f\u0131n\u0131n ard\u0131ndan Ahmetusta Ge\u00e7idi\u2019ne ak\u0131n eden vatanda\u015flar ate\u015f yakarak, beyaz \u00f6rt\u00fcn\u00fcn keyfini \u00e7\u0131kard\u0131. \u0130l d\u0131\u015f\u0131ndan e\u015fsiz manzaray\u0131 g\u00f6rmek i\u00e7in gelen aileler \u00e7ocuklar\u0131 ile kartopu sava\u015f\u0131 yaparak doyas\u0131ya e\u011flendi.<\/p>\n<p>\u0130zmit\u2019ten Bart\u0131n\u2019a tatile gelen abla ve eni\u015ftesi ile kar ya\u011f\u0131\u015f\u0131n\u0131 g\u00f6rmek i\u00e7in Ahmetusta Ge\u00e7idine gelen Selda Bak\u0131r, \u201cBebe\u011fin ilk kar heyecan\u0131 bu. Bart\u0131n\u2019dan buraya kar i\u00e7in geldik. Kar g\u00fczel ama so\u011fu\u011fu var. Maalesef Bart\u0131n\u2019da \u00e7ok fazla kar g\u00f6remiyoruz\u201d dedi.<\/p>\n","protected":false},"excerpt":{"rendered":"<p>KARAB\u00dcK&#8217;\u00dcN SAFRANBOLU \u0130L\u00c7ES\u0130NDE 1030 RAKIMLI AHMETUSTA GE\u00c7\u0130D\u0130\u2019NDE KAR YA\u011eI\u015eININ ARTMASI SONUCU S\u00dcR\u00dcC\u00dcLER ZOR ANLAR YA\u015eADI. KARAYOLLARI EK\u0130PLER\u0130 YOLUN ULA\u015eIMA KAPANMAMASI \u0130\u00c7\u0130N \u00c7ALI\u015eMALARINI S\u00dcRD\u00dcR\u00dcYOR.<\/p>\n","protected":false},"author":1,"featured_media":250422,"comment_status":"closed","ping_status":"open","sticky":false,"template":"","format":"standard","meta":{"jetpack_post_was_ever_published":false,"_jetpack_newsletter_access":"","_jetpack_dont_email_post_to_subs":false,"_jetpack_newsletter_tier_id":0,"_jetpack_memberships_contains_paywalled_content":false,"_jetpack_memberships_contains_paid_content":false,"footnotes":"","jetpack_publicize_message":"","jetpack_publicize_feature_enabled":true,"jetpack_social_post_already_shared":true,"jetpack_social_options":{"image_generator_settings":{"template":"highway","default_image_id":0,"font":"","enabled":false},"version":2}},"categories":[1],"tags":[878,62057,879,1464],"class_list":["post-250421","post","type-post","status-publish","format-standard","has-post-thumbnail","hentry","category-genel","tag-kar","tag-karabuk-bartin","tag-yagisi","tag-yolunda"],"jetpack_publicize_connections":[],"jetpack_featured_media_url":"https:\/\/i0.wp.com\/www.tvturk.com\/wp-content\/uploads\/2020\/01\/karabuk-bartin-yolunda-kar-yagisi_40a8a5b.jpg?fit=1000%2C562","jetpack_sharing_enabled":true,"jetpack_shortlink":"https:\/\/wp.me\/paKIfm-1393","_links":{"self":[{"href":"http:\/\/www.tvturk.com\/index.php\/wp-json\/wp\/v2\/posts\/250421","targetHints":{"allow":["GET"]}}],"collection":[{"href":"http:\/\/www.tvturk.com\/index.php\/wp-json\/wp\/v2\/posts"}],"about":[{"href":"http:\/\/www.tvturk.com\/index.php\/wp-json\/wp\/v2\/types\/post"}],"author":[{"embeddable":true,"href":"http:\/\/www.tvturk.com\/index.php\/wp-json\/wp\/v2\/users\/1"}],"replies":[{"embeddable":true,"href":"http:\/\/www.tvturk.com\/index.php\/wp-json\/wp\/v2\/comments?post=250421"}],"version-history":[{"count":0,"href":"http:\/\/www.tvturk.com\/index.php\/wp-json\/wp\/v2\/posts\/250421\/revisions"}],"wp:featuredmedia":[{"embeddable":true,"href":"http:\/\/www.tvturk.com\/index.php\/wp-json\/wp\/v2\/media\/250422"}],"wp:attachment":[{"href":"http:\/\/www.tvturk.com\/index.php\/wp-json\/wp\/v2\/media?parent=250421"}],"wp:term":[{"taxonomy":"category","embeddable":true,"href":"http:\/\/www.tvturk.com\/index.php\/wp-json\/wp\/v2\/categories?post=250421"},{"taxonomy":"post_tag","embeddable":true,"href":"http:\/\/www.tvturk.com\/index.php\/wp-json\/wp\/v2\/tags?post=250421"}],"curies":[{"name":"wp","href":"https:\/\/api.w.org\/{rel}","templated":true}]}}