{"id":250447,"date":"2020-01-02T09:46:32","date_gmt":"2020-01-02T06:46:32","guid":{"rendered":"http:\/\/www.tvturk.com\/index.php\/karnavas-sali-japonyaya-ihrac-edilecek\/"},"modified":"2020-01-02T09:46:32","modified_gmt":"2020-01-02T06:46:32","slug":"karnavas-sali-japonyaya-ihrac-edilecek","status":"publish","type":"post","link":"http:\/\/www.tvturk.com\/index.php\/karnavas-sali-japonyaya-ihrac-edilecek\/","title":{"rendered":"Karnavas \u015eal\u0131 Japonya\u2019ya ihra\u00e7 edilecek"},"content":{"rendered":"<p>Erzurum\u2019un Olur il\u00e7esine ba\u011fl\u0131 Karnavas k\u00f6y\u00fcnde el eme\u011fi g\u00f6z nur dokuduklar\u0131 \u2019Karnavas \u015eal\u0131\u2019, Japonya pazar\u0131na girmeye haz\u0131rlan\u0131yor.<\/p>\n<p>Japonya\u2019daki M\u00dcS\u0130AD Kars D\u0131\u015f \u0130li\u015fkiler Ba\u015fkan\u0131 \u0130\u015fadam\u0131 Ali U\u00e7um, Olur \u015eal\u0131n\u0131 ve Bard\u0131z Kilimini al\u0131m garantisiyle yeniden tezgahlar kurduruyor. Kurulacak tezgahlar b\u00f6lgede ciddi manada istihdam sa\u011flayacak.<\/p>\n<p>Karnavas \u015eal\u0131 dokuma ustas\u0131 S\u00fcnd\u00fcz Pala (66), \u201cKarvas dokumas\u0131n\u0131 yap\u0131yoruz. Hal\u0131s\u0131n\u0131, kilimi dokuyoruz. Yapt\u0131\u011f\u0131m\u0131z \u00fcr\u00fcnler yabanc\u0131 memleketlere gidece\u011fi i\u00e7in \u00e7ok mutluyum\u201d dedi.<\/p>\n<p>\u0130\u015fadam\u0131 Ali U\u00e7um ise, \u201cBurada \u00fcretilen Karvas \u015eal\u0131n\u0131 in\u015fallah Japonya, \u00c7in ve uzak do\u011fuya pazarlamak istiyoruz. Bu ba\u011flamda gelip g\u00f6rd\u00fc\u011f\u00fcm\u00fcz \u00fcretim tesisi \u00e7ok g\u00fczel, \u00e7ok de\u011ferli \u00e7ok g\u00fczel i\u015fler yap\u0131yorlar. \u0130n\u015fallah \u00fcretime katk\u0131 sa\u011flayaca\u011f\u0131z\u201d dedi.<\/p>\n<p>Olur Kaymakam\u0131 \u0130lker Eker ise, \u201cOlur Halk E\u011fitim Merkezinde kursiyerlerimiz Olur Karnavas bezi dokuyorlar. Tabii ki Karnavas bezimiz y\u0131llar \u00f6nce dokunmaya ba\u015flam\u0131\u015f \u00e7ok \u00f6zel bir bezimiz ve i\u00e7erisinde bir\u00e7ok \u015feyi bar\u0131nd\u0131r\u0131yor ya\u015fanm\u0131\u015fl\u0131\u011f\u0131 bar\u0131nd\u0131r\u0131yor. Bug\u00fcn misafirlerimiz sa\u011f olsunlar bizleri \u00fcretim yerimizde ziyaret ettiler. Kendileri bu \u00fcr\u00fcnlerimizin Japonya\u2019ya pazarlamalar\u0131nda bizden destek istediler, bizler de olumlu bir \u015fekilde kar\u015f\u0131lad\u0131k. Umar\u0131m Olur il\u00e7emiz i\u00e7in g\u00fczel \u015feyler olur bunu temenni ederek bizlerin \u00fczerine ne d\u00fc\u015f\u00fcyorsa yapmaya haz\u0131r\u0131z\u201d dedi.<\/p>\n<p>Erzurum M\u00dcS\u0130AD Ba\u015fkan\u0131 Fuat Demir ise, \u201cAmac\u0131m\u0131z b\u00f6lgedeki \u00fcretilen el sanatlar\u0131n\u0131n daha geli\u015ftirilebilmesi i\u00e7in Kars M\u00dcS\u0130AD ile birlikte i\u015f birli\u011fi yaparak bu b\u00f6lgedeki el sanatlar\u0131n\u0131 g\u00fcn y\u00fcz\u00fcne \u00e7\u0131kar\u0131p \u00fcr\u00fcnlere pazar bulmakt\u0131, buna bir arkada\u015f\u0131m\u0131z talip oldu. Hal\u0131lar\u0131 Japonya\u2019ya ihra\u00e7 ettirip hem buradaki istihdam\u0131 art\u0131rmak hem de bu b\u00f6lgedeki kaybolmaya y\u00fcz tutmu\u015f el sanatlar\u0131m\u0131z\u0131 g\u00fcn y\u00fcz\u00fcne \u00e7\u0131kartmak olacakt\u0131r\u201d diye konu\u015ftu.<\/p>\n<p>Kars M\u00dcS\u0130AD Ba\u015fkan\u0131 \u015eahin Ayd\u0131n ise, \u201cBug\u00fcn Erzurum M\u00dcS\u0130AD Ba\u015fkan\u0131m\u0131zla beraber Olur il\u00e7esindeyiz. Say\u0131n Kaymakam\u0131m\u0131z\u0131 ziyaret ettik burada el sanatlar\u0131 at\u00f6lyesindeyiz. Buraya has dokunan kilim ve el sanatlar\u0131n\u0131n \u00fcretim yerindeyiz. Bizim amac\u0131m\u0131z M\u00dcS\u0130AD Erzurum\u2019la beraber bu il\u00e7ede ve bu b\u00f6lgede dokunan y\u00f6resel el sanatlar\u0131n\u0131 ba\u015fta Japonya olmak \u00fczere \u00c7in, G\u00fcney Kore gibi \u00fclkelere g\u00f6ndermek. Bu manada M\u00dcS\u0130AD Kars\u2019\u0131n Japonya\u2019da bir a\u011f\u0131 var. Erzurum M\u00dcS\u0130AD\u2019la g\u00fc\u00e7 birli\u011fi i\u00e7inde buradaki \u00fcr\u00fcnleri Japonya\u2019ya g\u00f6nderece\u011fiz\u201d dedi.<\/p>\n","protected":false},"excerpt":{"rendered":"<p>ERZURUM\u2019UN OLUR \u0130L\u00c7ES\u0130NE BA\u011eLI KARNAVAS K\u00d6Y\u00dcNDE EL EME\u011e\u0130 G\u00d6Z NUR DOKUDUKLARI KARNAVAS \u015eALI JAPONYA PAZARINA G\u0130RMEYE HAZIRLANIYOR.<\/p>\n","protected":false},"author":1,"featured_media":250448,"comment_status":"closed","ping_status":"open","sticky":false,"template":"","format":"standard","meta":{"jetpack_post_was_ever_published":false,"_jetpack_newsletter_access":"","_jetpack_dont_email_post_to_subs":false,"_jetpack_newsletter_tier_id":0,"_jetpack_memberships_contains_paywalled_content":false,"_jetpack_memberships_contains_paid_content":false,"footnotes":"","jetpack_publicize_message":"","jetpack_publicize_feature_enabled":true,"jetpack_social_post_already_shared":true,"jetpack_social_options":{"image_generator_settings":{"template":"highway","default_image_id":0,"font":"","enabled":false},"version":2}},"categories":[1],"tags":[6119,3669,36806,62065,447],"class_list":["post-250447","post","type-post","status-publish","format-standard","has-post-thumbnail","hentry","category-genel","tag-edilecek","tag-ihrac","tag-japonyaya","tag-karnavas","tag-sali"],"jetpack_publicize_connections":[],"jetpack_featured_media_url":"https:\/\/i0.wp.com\/www.tvturk.com\/wp-content\/uploads\/2020\/01\/karnavas-sali-japonyaya-ihrac-edilecek_b20817b.jpg?fit=1000%2C666","jetpack_sharing_enabled":true,"jetpack_shortlink":"https:\/\/wp.me\/paKIfm-139t","_links":{"self":[{"href":"http:\/\/www.tvturk.com\/index.php\/wp-json\/wp\/v2\/posts\/250447","targetHints":{"allow":["GET"]}}],"collection":[{"href":"http:\/\/www.tvturk.com\/index.php\/wp-json\/wp\/v2\/posts"}],"about":[{"href":"http:\/\/www.tvturk.com\/index.php\/wp-json\/wp\/v2\/types\/post"}],"author":[{"embeddable":true,"href":"http:\/\/www.tvturk.com\/index.php\/wp-json\/wp\/v2\/users\/1"}],"replies":[{"embeddable":true,"href":"http:\/\/www.tvturk.com\/index.php\/wp-json\/wp\/v2\/comments?post=250447"}],"version-history":[{"count":0,"href":"http:\/\/www.tvturk.com\/index.php\/wp-json\/wp\/v2\/posts\/250447\/revisions"}],"wp:featuredmedia":[{"embeddable":true,"href":"http:\/\/www.tvturk.com\/index.php\/wp-json\/wp\/v2\/media\/250448"}],"wp:attachment":[{"href":"http:\/\/www.tvturk.com\/index.php\/wp-json\/wp\/v2\/media?parent=250447"}],"wp:term":[{"taxonomy":"category","embeddable":true,"href":"http:\/\/www.tvturk.com\/index.php\/wp-json\/wp\/v2\/categories?post=250447"},{"taxonomy":"post_tag","embeddable":true,"href":"http:\/\/www.tvturk.com\/index.php\/wp-json\/wp\/v2\/tags?post=250447"}],"curies":[{"name":"wp","href":"https:\/\/api.w.org\/{rel}","templated":true}]}}