{"id":250457,"date":"2020-01-02T09:47:09","date_gmt":"2020-01-02T06:47:09","guid":{"rendered":"http:\/\/www.tvturk.com\/index.php\/yeni-malatyasporda-ekici-iddiasi\/"},"modified":"2020-01-02T09:47:09","modified_gmt":"2020-01-02T06:47:09","slug":"yeni-malatyasporda-ekici-iddiasi","status":"publish","type":"post","link":"http:\/\/www.tvturk.com\/index.php\/yeni-malatyasporda-ekici-iddiasi\/","title":{"rendered":"Yeni Malatyaspor\u2019da Ekici iddias\u0131"},"content":{"rendered":"<p>Ara transfer d\u00f6neminde kadrosuna yapaca\u011f\u0131 takviyelerle kadrosunu g\u00fc\u00e7lendirmeyi planlayan Yeni Malatyaspor, bir yandan kadrosundaki fazla oyuncular\u0131 g\u00f6ndermek i\u00e7in u\u011fra\u015f\u0131rken, bir yandan da belirledi\u011fi isimleri kadrosuna katmaya \u00e7al\u0131\u015f\u0131yor. Sar\u0131 k\u0131rm\u0131z\u0131l\u0131lar\u0131n bu kapsamda sezon ba\u015f\u0131nda Fenerbah\u00e7e\u2019de kadro d\u0131\u015f\u0131 kalan Mehmet Ekici\u2019ye talip oldu\u011fu belirtiliyor.<\/p>\n<p>2020\u2019nin 6. ay\u0131nda Fenerbah\u00e7e ile s\u00f6zle\u015fmesi sona erecek olan Ekici\u2019nin ad\u0131 ara transfer d\u00f6neminde de bir \u00e7ok kul\u00fcple an\u0131l\u0131yor. Ancak bu tekliflerden en ciddisi Sergen Yal\u00e7\u0131n\u2019\u0131n \u00e7al\u0131\u015ft\u0131rd\u0131\u011f\u0131 Yeni Malatyaspor\u2019dan geldi\u011fi belirtiliyor.<\/p>\n<p>Sergen Yal\u00e7\u0131n bir \u00f6nceki sezon da Ozan Tufan\u2019\u0131 istemi\u015f, kiral\u0131k olarak kadrosuna katm\u0131\u015f ve bu futbolcuyu \u015fuanda hem Milli tak\u0131m\u0131n hem de Fenerbah\u00e7e\u2019nin orta sahada bel kemi\u011fi haline getirmi\u015fti. Mehmet Ekici\u2019nin Guilherme takas\u0131yla da Yeni Malatyaspor\u2019a gidebilece\u011fi belirtiliyor.<\/p>\n<p>Ekici\u2019nin de bu teklife s\u0131cak bakt\u0131\u011f\u0131, yeni bir ba\u015flang\u0131\u00e7 i\u00e7in Malatya do\u011fru bir adres olarak g\u00f6rd\u00fc\u011f\u00fc \u00f6\u011frenildi.<\/p>\n","protected":false},"excerpt":{"rendered":"<p>YEN\u0130 MALATYASPOR&#8217;DA EK\u0130C\u0130 \u0130DD\u0130ASI<\/p>\n","protected":false},"author":1,"featured_media":250458,"comment_status":"closed","ping_status":"open","sticky":false,"template":"","format":"standard","meta":{"jetpack_post_was_ever_published":false,"_jetpack_newsletter_access":"","_jetpack_dont_email_post_to_subs":false,"_jetpack_newsletter_tier_id":0,"_jetpack_memberships_contains_paywalled_content":false,"_jetpack_memberships_contains_paid_content":false,"footnotes":"","jetpack_publicize_message":"","jetpack_publicize_feature_enabled":true,"jetpack_social_post_already_shared":true,"jetpack_social_options":{"image_generator_settings":{"template":"highway","default_image_id":0,"font":"","enabled":false},"version":2}},"categories":[657],"tags":[25068,3421,3855,87],"class_list":["post-250457","post","type-post","status-publish","format-standard","has-post-thumbnail","hentry","category-spor","tag-ekici","tag-iddiasi","tag-malatyasporda","tag-yeni"],"jetpack_publicize_connections":[],"jetpack_featured_media_url":"https:\/\/i0.wp.com\/www.tvturk.com\/wp-content\/uploads\/2020\/01\/yeni-malatyasporda-ekici-iddiasi_c7143c1.jpg?fit=664%2C354","jetpack_sharing_enabled":true,"jetpack_shortlink":"https:\/\/wp.me\/paKIfm-139D","_links":{"self":[{"href":"http:\/\/www.tvturk.com\/index.php\/wp-json\/wp\/v2\/posts\/250457","targetHints":{"allow":["GET"]}}],"collection":[{"href":"http:\/\/www.tvturk.com\/index.php\/wp-json\/wp\/v2\/posts"}],"about":[{"href":"http:\/\/www.tvturk.com\/index.php\/wp-json\/wp\/v2\/types\/post"}],"author":[{"embeddable":true,"href":"http:\/\/www.tvturk.com\/index.php\/wp-json\/wp\/v2\/users\/1"}],"replies":[{"embeddable":true,"href":"http:\/\/www.tvturk.com\/index.php\/wp-json\/wp\/v2\/comments?post=250457"}],"version-history":[{"count":0,"href":"http:\/\/www.tvturk.com\/index.php\/wp-json\/wp\/v2\/posts\/250457\/revisions"}],"wp:featuredmedia":[{"embeddable":true,"href":"http:\/\/www.tvturk.com\/index.php\/wp-json\/wp\/v2\/media\/250458"}],"wp:attachment":[{"href":"http:\/\/www.tvturk.com\/index.php\/wp-json\/wp\/v2\/media?parent=250457"}],"wp:term":[{"taxonomy":"category","embeddable":true,"href":"http:\/\/www.tvturk.com\/index.php\/wp-json\/wp\/v2\/categories?post=250457"},{"taxonomy":"post_tag","embeddable":true,"href":"http:\/\/www.tvturk.com\/index.php\/wp-json\/wp\/v2\/tags?post=250457"}],"curies":[{"name":"wp","href":"https:\/\/api.w.org\/{rel}","templated":true}]}}